{"id":10024,"date":"2025-04-27T12:54:45","date_gmt":"2025-04-27T18:54:45","guid":{"rendered":"https:\/\/plumanegranoticias.com\/?p=10024"},"modified":"2025-04-27T12:55:08","modified_gmt":"2025-04-27T18:55:08","slug":"tres-ordenes-de-gobierno-revisaran-regulacion-de-playas-de-todo-el-estado","status":"publish","type":"post","link":"https:\/\/plumanegranoticias.com\/?p=10024","title":{"rendered":"Tres \u00f3rdenes de Gobierno revisar\u00e1n regulaci\u00f3n de playas de todo el Estado"},"content":{"rendered":"\n<p>Angeles Gonz\u00e1lez Ceballos<br>Xalapa, Ver. Tras los hechos ocurridos en la playa de Chachalacas, perteneciente al municipio de \u00darsulo Galv\u00e1n, la presidenta de la Mesa Directiva del Congreso del Estado, Tania Carola Viveros Ch\u00e1zaro, adelant\u00f3 que se revisar\u00e1 junto con los tres \u00f3rdenes de Gobierno qu\u00e9 se puede hacer para regular lo que ocurra en las playas de todo el Estado.<\/p>\n\n\n\n<p>Reconoci\u00f3 que existe un &#8220;vac\u00edo&#8221; para regular las playas y aunque son de competencia federal, se debe definir qu\u00e9 autoridad es la que debe entrar a solucionar conflictos o revisar tarifas, entre otros.<\/p>\n\n\n\n<p>Tras los hechos, la gobernadora Roc\u00edo Nahle Garc\u00eda instruy\u00f3 a las secretar\u00edas de Seguridad P\u00fablica y Turismo intervenir luego de que palaperos agredieran a una familia por no consumir.<\/p>\n\n\n\n<p>Al respecto, la diputada local reconoci\u00f3 que el espacio de las playas es federal, sin embargo, hay un &#8220;vac\u00edo&#8221; y no se sabe cu\u00e1l es la autoridad encargada que debe regular las playas.<\/p>\n\n\n\n<p>Coment\u00f3 que hace poco platic\u00f3 con el alcalde de \u00darsulo Galv\u00e1n, Eder Jero Hern\u00e1ndez Lara, quien le refiri\u00f3 que se enfrenta con este tipo de situaciones que van desde los cobros por el uso de las playas, los problemas de seguridad, entre otros.<\/p>\n\n\n\n<p>&#8220;Qu\u00e9 autoridad ser\u00eda la que tendr\u00eda que revisar y eso es lo que tenemos que revisar y s\u00ed nos tenemos que sentar con la Federaci\u00f3n, con el Estado y con una visi\u00f3n municipal.<\/p>\n\n\n\n<p>A partir de esta problem\u00e1tica pusimos sobre la mesa que tenemos que revisar en todo el Estado qu\u00e9 pasa. (La idea ser\u00eda) que tuvieran la oportunidad de regalmentar, que permita que sea m\u00e1s claro&#8221;, asever\u00f3.<\/p>\n\n\n\n<p>Aclar\u00f3 que no es que ya haya una propuesta hecha, s\u00f3lo que se puso a consideraci\u00f3n de la Legislatura para encontrar una soluci\u00f3n, pero reiter\u00f3 que debe haber intervenci\u00f3n de los tres niveles de Gobierno.<\/p>\n\n\n\n<figure class=\"wp-block-image size-large\"><img loading=\"lazy\" decoding=\"async\" width=\"1024\" height=\"576\" src=\"https:\/\/plumanegranoticias.com\/wp-content\/uploads\/2025\/04\/img-20250427-wa00574089758772892902900-1024x576.jpg\" alt=\"\" class=\"wp-image-10023\" srcset=\"https:\/\/plumanegranoticias.com\/wp-content\/uploads\/2025\/04\/img-20250427-wa00574089758772892902900-1024x576.jpg 1024w, https:\/\/plumanegranoticias.com\/wp-content\/uploads\/2025\/04\/img-20250427-wa00574089758772892902900-300x169.jpg 300w, https:\/\/plumanegranoticias.com\/wp-content\/uploads\/2025\/04\/img-20250427-wa00574089758772892902900-768x432.jpg 768w, https:\/\/plumanegranoticias.com\/wp-content\/uploads\/2025\/04\/img-20250427-wa00574089758772892902900.jpg 1280w\" sizes=\"auto, (max-width: 1024px) 100vw, 1024px\" \/><\/figure>\n","protected":false},"excerpt":{"rendered":"<p>Angeles Gonz\u00e1lez CeballosXalapa, Ver. Tras los hechos ocurridos en la playa de Chachalacas, perteneciente al municipio de \u00darsulo Galv\u00e1n, la presidenta de la Mesa Directiva del Congreso del Estado, Tania Carola Viveros Ch\u00e1zaro, adelant\u00f3 que se revisar\u00e1 junto con los tres \u00f3rdenes de Gobierno qu\u00e9 se puede hacer para regular lo que ocurra en las&#8230; <\/p>\n<div class=\"clear\"><\/div>\n<p><a href=\"https:\/\/plumanegranoticias.com\/?p=10024\" class=\"excerpt-read-more\">Read More<i class=\"fa fa-caret-right icon-caret-right\"><\/i><\/a><\/p>\n","protected":false},"author":2,"featured_media":10026,"comment_status":"open","ping_status":"open","sticky":false,"template":"","format":"standard","meta":{"om_disable_all_campaigns":false,"_monsterinsights_skip_tracking":false,"_monsterinsights_sitenote_active":false,"_monsterinsights_sitenote_note":"","_monsterinsights_sitenote_category":0,"_uf_show_specific_survey":0,"_uf_disable_surveys":false,"footnotes":""},"categories":[8,12],"tags":[22,18],"class_list":["post-10024","post","type-post","status-publish","format-standard","has-post-thumbnail","hentry","category-politica","category-regional","tag-nota-roja","tag-noticia"],"aioseo_notices":[],"_links":{"self":[{"href":"https:\/\/plumanegranoticias.com\/index.php?rest_route=\/wp\/v2\/posts\/10024","targetHints":{"allow":["GET"]}}],"collection":[{"href":"https:\/\/plumanegranoticias.com\/index.php?rest_route=\/wp\/v2\/posts"}],"about":[{"href":"https:\/\/plumanegranoticias.com\/index.php?rest_route=\/wp\/v2\/types\/post"}],"author":[{"embeddable":true,"href":"https:\/\/plumanegranoticias.com\/index.php?rest_route=\/wp\/v2\/users\/2"}],"replies":[{"embeddable":true,"href":"https:\/\/plumanegranoticias.com\/index.php?rest_route=%2Fwp%2Fv2%2Fcomments&post=10024"}],"version-history":[{"count":1,"href":"https:\/\/plumanegranoticias.com\/index.php?rest_route=\/wp\/v2\/posts\/10024\/revisions"}],"predecessor-version":[{"id":10025,"href":"https:\/\/plumanegranoticias.com\/index.php?rest_route=\/wp\/v2\/posts\/10024\/revisions\/10025"}],"wp:featuredmedia":[{"embeddable":true,"href":"https:\/\/plumanegranoticias.com\/index.php?rest_route=\/wp\/v2\/media\/10026"}],"wp:attachment":[{"href":"https:\/\/plumanegranoticias.com\/index.php?rest_route=%2Fwp%2Fv2%2Fmedia&parent=10024"}],"wp:term":[{"taxonomy":"category","embeddable":true,"href":"https:\/\/plumanegranoticias.com\/index.php?rest_route=%2Fwp%2Fv2%2Fcategories&post=10024"},{"taxonomy":"post_tag","embeddable":true,"href":"https:\/\/plumanegranoticias.com\/index.php?rest_route=%2Fwp%2Fv2%2Ftags&post=10024"}],"curies":[{"name":"wp","href":"https:\/\/api.w.org\/{rel}","templated":true}]}}