{"id":10032,"date":"2025-04-27T13:56:03","date_gmt":"2025-04-27T19:56:03","guid":{"rendered":"https:\/\/plumanegranoticias.com\/?p=10032"},"modified":"2025-04-27T13:56:34","modified_gmt":"2025-04-27T19:56:34","slug":"llega-buque-de-guerra-gringo-a-veracruz","status":"publish","type":"post","link":"https:\/\/plumanegranoticias.com\/?p=10032","title":{"rendered":"LLEGA BUQUE DE GUERRA GRINGO A VERACRUZ"},"content":{"rendered":"\n<p class=\"MsoNormal\">Veracruz, Ver., El \u201cBuque USS Gravely\u201d de la Marina de los Estados Unidos de Am\u00e9rica, atrac\u00f3 en los muelles del Puerto de Veracruz en una operaci\u00f3n t\u00e9cnica de carga de combustible, inform\u00f3 la Secretar\u00eda de Marina Armada de M\u00e9xico (Semar).<\/p>\n\n\n\n<p class=\"MsoNormal\">En un comunicado la Semar, inform\u00f3 la presencia de la embarcaci\u00f3n de guerra de Estados Unidos tiene que ver con el abasto de 900 mil litros de combustible y descanso de sus tripulantes<\/p>\n\n\n\n<p class=\"MsoNormal\">El buque de guerra de la Marina, atrac\u00f3 en el mulle 9 sur de Veracruz, el pasado 25 de abril y zarpar\u00e1 el pr\u00f3ximo lunes 28 de abril.<\/p>\n\n\n\n<p class=\"MsoNormal\">De acuerdo con la Semar, el arribo de la embarcaci\u00f3n de guerra, es una pr\u00e1ctica normal basada en el Derecho Internacional y en la Ley Federal del Mar, estipulada en el art\u00edculo 11 de Navegaci\u00f3n y Comercio Mar\u00edtimo y la Tercera Convenci\u00f3n del Mar.<\/p>\n\n\n\n<p class=\"MsoNormal\">Destaca que la \u201cvisita de buques extranjeros en puertos nacionales se realiza conforme a los procedimientos establecidos y los permisos correspondientes, como parte de las pr\u00e1cticas habituales de cooperaci\u00f3n internacional y asistencia log\u00edstica, sin que ello represente riesgo alguno para la soberan\u00eda nacional\u201d, se lee en el informe oficial.<\/p>\n\n\n\n<p class=\"MsoNormal\">Cabe destacar\u00a0 el \u201cBuque USS Gravely\u201d, que citado buque, cuenta con una eslora o longitud de 155.7 metros, una manga o ancho de 20.2 metros y una dotaci\u00f3n conformada por 40 Oficiales, 245 Suboficiales y 6 civiles.<\/p>\n\n\n\n<figure class=\"wp-block-image size-large\"><img loading=\"lazy\" decoding=\"async\" width=\"1024\" height=\"473\" src=\"https:\/\/plumanegranoticias.com\/wp-content\/uploads\/2025\/04\/screenshot_20250427_134743_whatsapp3345186491472937520-1024x473.jpg\" alt=\"\" class=\"wp-image-10031\" srcset=\"https:\/\/plumanegranoticias.com\/wp-content\/uploads\/2025\/04\/screenshot_20250427_134743_whatsapp3345186491472937520-1024x473.jpg 1024w, https:\/\/plumanegranoticias.com\/wp-content\/uploads\/2025\/04\/screenshot_20250427_134743_whatsapp3345186491472937520-300x138.jpg 300w, https:\/\/plumanegranoticias.com\/wp-content\/uploads\/2025\/04\/screenshot_20250427_134743_whatsapp3345186491472937520-768x354.jpg 768w, https:\/\/plumanegranoticias.com\/wp-content\/uploads\/2025\/04\/screenshot_20250427_134743_whatsapp3345186491472937520-1536x709.jpg 1536w, https:\/\/plumanegranoticias.com\/wp-content\/uploads\/2025\/04\/screenshot_20250427_134743_whatsapp3345186491472937520.jpg 2000w\" sizes=\"auto, (max-width: 1024px) 100vw, 1024px\" \/><\/figure>\n","protected":false},"excerpt":{"rendered":"<p>Veracruz, Ver., El \u201cBuque USS Gravely\u201d de la Marina de los Estados Unidos de Am\u00e9rica, atrac\u00f3 en los muelles del Puerto de Veracruz en una operaci\u00f3n t\u00e9cnica de carga de combustible, inform\u00f3 la Secretar\u00eda de Marina Armada de M\u00e9xico (Semar). En un comunicado la Semar, inform\u00f3 la presencia de la embarcaci\u00f3n de guerra de Estados&#8230; <\/p>\n<div class=\"clear\"><\/div>\n<p><a href=\"https:\/\/plumanegranoticias.com\/?p=10032\" class=\"excerpt-read-more\">Read More<i class=\"fa fa-caret-right icon-caret-right\"><\/i><\/a><\/p>\n","protected":false},"author":2,"featured_media":10034,"comment_status":"open","ping_status":"open","sticky":false,"template":"","format":"standard","meta":{"om_disable_all_campaigns":false,"_monsterinsights_skip_tracking":false,"_monsterinsights_sitenote_active":false,"_monsterinsights_sitenote_note":"","_monsterinsights_sitenote_category":0,"_uf_show_specific_survey":0,"_uf_disable_surveys":false,"footnotes":""},"categories":[8,12],"tags":[18,30],"class_list":["post-10032","post","type-post","status-publish","format-standard","has-post-thumbnail","hentry","category-politica","category-regional","tag-noticia","tag-plumazos"],"aioseo_notices":[],"_links":{"self":[{"href":"https:\/\/plumanegranoticias.com\/index.php?rest_route=\/wp\/v2\/posts\/10032","targetHints":{"allow":["GET"]}}],"collection":[{"href":"https:\/\/plumanegranoticias.com\/index.php?rest_route=\/wp\/v2\/posts"}],"about":[{"href":"https:\/\/plumanegranoticias.com\/index.php?rest_route=\/wp\/v2\/types\/post"}],"author":[{"embeddable":true,"href":"https:\/\/plumanegranoticias.com\/index.php?rest_route=\/wp\/v2\/users\/2"}],"replies":[{"embeddable":true,"href":"https:\/\/plumanegranoticias.com\/index.php?rest_route=%2Fwp%2Fv2%2Fcomments&post=10032"}],"version-history":[{"count":1,"href":"https:\/\/plumanegranoticias.com\/index.php?rest_route=\/wp\/v2\/posts\/10032\/revisions"}],"predecessor-version":[{"id":10033,"href":"https:\/\/plumanegranoticias.com\/index.php?rest_route=\/wp\/v2\/posts\/10032\/revisions\/10033"}],"wp:featuredmedia":[{"embeddable":true,"href":"https:\/\/plumanegranoticias.com\/index.php?rest_route=\/wp\/v2\/media\/10034"}],"wp:attachment":[{"href":"https:\/\/plumanegranoticias.com\/index.php?rest_route=%2Fwp%2Fv2%2Fmedia&parent=10032"}],"wp:term":[{"taxonomy":"category","embeddable":true,"href":"https:\/\/plumanegranoticias.com\/index.php?rest_route=%2Fwp%2Fv2%2Fcategories&post=10032"},{"taxonomy":"post_tag","embeddable":true,"href":"https:\/\/plumanegranoticias.com\/index.php?rest_route=%2Fwp%2Fv2%2Ftags&post=10032"}],"curies":[{"name":"wp","href":"https:\/\/api.w.org\/{rel}","templated":true}]}}