{"id":10213,"date":"2025-05-13T08:33:36","date_gmt":"2025-05-13T14:33:36","guid":{"rendered":"https:\/\/plumanegranoticias.com\/?p=10213"},"modified":"2025-05-13T08:35:01","modified_gmt":"2025-05-13T14:35:01","slug":"asesinan-a-exalcalde-de-actopan-esteban-alfonseca-salazar-y-a-un-exregidor","status":"publish","type":"post","link":"https:\/\/plumanegranoticias.com\/?p=10213","title":{"rendered":"Asesinan a exalcalde de Actopan, Esteban Alfonseca Salazar y a un exregidor"},"content":{"rendered":"\n<p>Eduardo Vega Yunes lament\u00f3 la p\u00e9rdida de su amigo<\/p>\n\n\n\n<p>\u00c1ngeles Gonz\u00e1lez Ceballos<br \/>Xalapa, Ver., La noche de este lunes, fue asesinado el exalcalde del municipio de Actopan, Esteban Alfonseca Salazar, junto con quien fuera exregidor de su comuna, Edmundo Mart\u00ednez P\u00e9rez.<\/p>\n\n\n\n<p>Los hechos se habr\u00edan registrado poco antes de la media noche en la carretera Santa Rosa &#8211; Actopan, a la altura de la localidad de Plan Higuera, sitio hasta donde sujetos armados llegaron y dispararon contra el exedil y su acompa\u00f1ante.<\/p>\n\n\n\n<p>Presuntamente, el exalcalde, quien gobern\u00f3 de 2014 a 2017 y, el exregidor, hab\u00edan asistido a un evento pol\u00edtico de Morena en Mozomboa.<\/p>\n\n\n\n<p>El propio candidato a la alcald\u00eda, Eduardo Utrera Carreto, poste\u00f3 en sus redes sociales el evento organizado en esa localidad.<\/p>\n\n\n\n<p>Eduardo Vega Yunes, exdirigente de Fuerza por M\u00e9xico en Veracruz, confirm\u00f3 estos hechos y lament\u00f3 la p\u00e9rdida de su amigo.<\/p>\n\n\n\n<p>&#8220;Hoy te adelantaste querido amigo. Con gran dolor hoy perdimos a un gran amigo de muchos a\u00f1os, Esteban Alfonseca que ha sido mi compa\u00f1ero en todas, tanto en lo profesional como en lo personal, Esteban, Vero e hijas, son para m\u00ed esa familia que si eliges&#8221;, poste\u00f3 en sus redes sociales.<\/p>\n\n\n\n<p>Por ello, el ahora funcionario de la administraci\u00f3n estatal afirm\u00f3 que Actopan pierde a un gran hombre de familia, de trabajo de campo, y deja una hermosa familia la cual tambi\u00e9n es m\u00eda.<\/p>\n\n\n\n<p>&#8220;Mi m\u00e1s sentido p\u00e9same para toda la familia Alfonseca. Te abrazo hasta donde te encuentres querido amigo&#8221;, expres\u00f3.<\/p>\n\n\n\n<figure class=\"wp-block-image size-large\"><img loading=\"lazy\" decoding=\"async\" width=\"300\" height=\"169\" src=\"https:\/\/plumanegranoticias.com\/wp-content\/uploads\/2025\/05\/img-20250513-wa00332249267971104039850-300x169.jpg\" alt=\"\" class=\"wp-image-10216\" srcset=\"https:\/\/plumanegranoticias.com\/wp-content\/uploads\/2025\/05\/img-20250513-wa00332249267971104039850-300x169.jpg 300w, https:\/\/plumanegranoticias.com\/wp-content\/uploads\/2025\/05\/img-20250513-wa00332249267971104039850.jpg 747w\" sizes=\"auto, (max-width: 300px) 100vw, 300px\" \/><\/figure>\n","protected":false},"excerpt":{"rendered":"<p>Eduardo Vega Yunes lament\u00f3 la p\u00e9rdida de su amigo \u00c1ngeles Gonz\u00e1lez CeballosXalapa, Ver., La noche de este lunes, fue asesinado el exalcalde del municipio de Actopan, Esteban Alfonseca Salazar, junto con quien fuera exregidor de su comuna, Edmundo Mart\u00ednez P\u00e9rez. Los hechos se habr\u00edan registrado poco antes de la media noche en la carretera Santa&#8230; <\/p>\n<div class=\"clear\"><\/div>\n<p><a href=\"https:\/\/plumanegranoticias.com\/?p=10213\" class=\"excerpt-read-more\">Read More<i class=\"fa fa-caret-right icon-caret-right\"><\/i><\/a><\/p>\n","protected":false},"author":2,"featured_media":10215,"comment_status":"open","ping_status":"open","sticky":false,"template":"","format":"standard","meta":{"om_disable_all_campaigns":false,"_monsterinsights_skip_tracking":false,"_monsterinsights_sitenote_active":false,"_monsterinsights_sitenote_note":"","_monsterinsights_sitenote_category":0,"_uf_show_specific_survey":0,"_uf_disable_surveys":false,"footnotes":""},"categories":[8,12],"tags":[22],"class_list":["post-10213","post","type-post","status-publish","format-standard","has-post-thumbnail","hentry","category-politica","category-regional","tag-nota-roja"],"aioseo_notices":[],"_links":{"self":[{"href":"https:\/\/plumanegranoticias.com\/index.php?rest_route=\/wp\/v2\/posts\/10213","targetHints":{"allow":["GET"]}}],"collection":[{"href":"https:\/\/plumanegranoticias.com\/index.php?rest_route=\/wp\/v2\/posts"}],"about":[{"href":"https:\/\/plumanegranoticias.com\/index.php?rest_route=\/wp\/v2\/types\/post"}],"author":[{"embeddable":true,"href":"https:\/\/plumanegranoticias.com\/index.php?rest_route=\/wp\/v2\/users\/2"}],"replies":[{"embeddable":true,"href":"https:\/\/plumanegranoticias.com\/index.php?rest_route=%2Fwp%2Fv2%2Fcomments&post=10213"}],"version-history":[{"count":2,"href":"https:\/\/plumanegranoticias.com\/index.php?rest_route=\/wp\/v2\/posts\/10213\/revisions"}],"predecessor-version":[{"id":10217,"href":"https:\/\/plumanegranoticias.com\/index.php?rest_route=\/wp\/v2\/posts\/10213\/revisions\/10217"}],"wp:featuredmedia":[{"embeddable":true,"href":"https:\/\/plumanegranoticias.com\/index.php?rest_route=\/wp\/v2\/media\/10215"}],"wp:attachment":[{"href":"https:\/\/plumanegranoticias.com\/index.php?rest_route=%2Fwp%2Fv2%2Fmedia&parent=10213"}],"wp:term":[{"taxonomy":"category","embeddable":true,"href":"https:\/\/plumanegranoticias.com\/index.php?rest_route=%2Fwp%2Fv2%2Fcategories&post=10213"},{"taxonomy":"post_tag","embeddable":true,"href":"https:\/\/plumanegranoticias.com\/index.php?rest_route=%2Fwp%2Fv2%2Ftags&post=10213"}],"curies":[{"name":"wp","href":"https:\/\/api.w.org\/{rel}","templated":true}]}}