{"id":10225,"date":"2025-05-13T11:28:50","date_gmt":"2025-05-13T17:28:50","guid":{"rendered":"https:\/\/plumanegranoticias.com\/?p=10225"},"modified":"2025-05-13T11:29:31","modified_gmt":"2025-05-13T17:29:31","slug":"clausura-profepa-relleno-de-las-matas-lixiviados-siguen-escurriendo-a-cuerpos-de-agua","status":"publish","type":"post","link":"https:\/\/plumanegranoticias.com\/?p=10225","title":{"rendered":"Clausura Profepa relleno de Las Matas, lixiviados siguen escurriendo a cuerpos de agua"},"content":{"rendered":"\n<p>Angeles Gonz\u00e1lez Ceballos<br>Xalapa, Ver., La Procuradur\u00eda Federal de Protecci\u00f3n al Ambiente (Profepa), clausur\u00f3 e impuso medidas correctivas urgentes en el relleno sanitario de Las Matas, ubicado en el municipio de Minatitl\u00e1n.<\/p>\n\n\n\n<p>A trav\u00e9s de un comunicado, la dependencia expuso que la medida se impone por no contar con un sistema de captaci\u00f3n, conducci\u00f3n y recirculaci\u00f3n de lixiviados, entre otras irregularidades.<\/p>\n\n\n\n<p>Detall\u00f3 que los d\u00edas 22 y 23 de abril, inspectores de la dependencia federal hicieron una visita al sitio de disposici\u00f3n final de residuos s\u00f3lidos urbanos para verificar el cumplimiento de la NOM-083-SEMARNAT-2003 y encontraron que el relleno no realiza cobertura diaria de residuos s\u00f3lidos urbanos.<\/p>\n\n\n\n<p>Asimismo, que no hay conformaci\u00f3n de taludes de las celdas y no cuenta con un sistema de captaci\u00f3n, conducci\u00f3n y recirculaci\u00f3n de lixiviado.<\/p>\n\n\n\n<p>Adem\u00e1s, no cuenta con un sistema de captaci\u00f3n y venteo de biog\u00e1s y los lixiviados se escurren hacia cuerpos de agua con vegetaci\u00f3n.<\/p>\n\n\n\n<p>En el sitio hay presencia de fauna nociva y actividades de pepena en el sitio.<\/p>\n\n\n\n<p>Por todo lo anterior, la Profepa impuso la clausura parcial temporal del relleno sanitario, as\u00ed como la medida urgente para la entrega de un programa calendarizado que contempla las acciones para dar cumplimiento a la etapa de cierre y clausura del sitio.<\/p>\n\n\n\n<p>Las Matas opera como tiradero a cielo abierto desde hace m\u00e1s de 20 a\u00f1os, no cumple con los lineamientos de ubicaci\u00f3n establecidos en el marco normativo ambiental, ya que se encuentra en una zona de humedales.<\/p>\n\n\n\n<p>As\u00ed como en una zona de inundaci\u00f3n y cercana a cuerpos de agua, sobre ductos de hidrocarburos de Pemex y l\u00edneas de transmisi\u00f3n de energ\u00eda de CFE, entre otros.<\/p>\n\n\n\n<p>El pasado 27 de septiembre de 2024, el propio gobierno de M\u00e9xico afirm\u00f3 en un comunicado que el tiradero a cielo abierto conocido como Las Matas, hab\u00eda sido saneado y cerrado, cumpliendo as\u00ed el compromiso de campa\u00f1a del presidente Andr\u00e9s Manuel L\u00f3pez Obrador para atender el problema de basura que por m\u00e1s de dos d\u00e9cadas afect\u00f3 a los habitantes del sur de Veracruz.<\/p>\n\n\n\n<p>A ese evento concurrieron diversas autoridades, el gobernador en turno, Cuitl\u00e1huac Garc\u00eda Jim\u00e9nez, la entonces candidata electa, Roc\u00edo Nahle Garc\u00eda, autoridades federales, alcaldes de la regi\u00f3n, entre muchos otros.<\/p>\n\n\n\n<p>En ese comunicado se afirm\u00f3 que bajo la coordinaci\u00f3n de la Secretar\u00eda de Medio Ambiente y Recursos Naturales (Semarnat) con autoridades municipales de Coatzacoalcos, Minatitl\u00e1n y Cosoleacaque, as\u00ed como academia y sociedad civil; se llev\u00f3 a cabo el saneamiento del lugar con apoyo de recursos federales a trav\u00e9s del Sistema Intermunicipal de Gesti\u00f3n Integral de Residuos S\u00f3lidos Urbanos y Manejos Especial (Sigires), conformado por las tres alcald\u00edas involucradas.<\/p>\n\n\n\n<p>Al anunciar el cierre oficial de este sitio, la titular de la Semarnat, Mar\u00eda Luisa Albores Gonz\u00e1lez, resalt\u00f3 el trabajo coordinado entre los tres \u00f3rdenes de Gobierno para atender de manera eficiente esta problem\u00e1tica.<\/p>\n\n\n\n<p>El saneamiento en Las Matas consist\u00eda en tres etapas.<\/p>\n\n\n\n<p>La primera de pre-clausura, vinculada principalmente a reacomodar los residuos; la segunda en darles cobertura mediante capas de arcilla y algunos controles geotextiles y geomanta; y la tercera, en la aplicaci\u00f3n del saneamiento para control de los contaminantes.<\/p>\n\n\n\n<figure class=\"wp-block-image size-large\"><img loading=\"lazy\" decoding=\"async\" width=\"1024\" height=\"595\" src=\"https:\/\/plumanegranoticias.com\/wp-content\/uploads\/2025\/05\/img-20250513-wa0112746434146661448918-1024x595.jpg\" alt=\"\" class=\"wp-image-10224\" srcset=\"https:\/\/plumanegranoticias.com\/wp-content\/uploads\/2025\/05\/img-20250513-wa0112746434146661448918-1024x595.jpg 1024w, https:\/\/plumanegranoticias.com\/wp-content\/uploads\/2025\/05\/img-20250513-wa0112746434146661448918-300x174.jpg 300w, https:\/\/plumanegranoticias.com\/wp-content\/uploads\/2025\/05\/img-20250513-wa0112746434146661448918-768x447.jpg 768w, https:\/\/plumanegranoticias.com\/wp-content\/uploads\/2025\/05\/img-20250513-wa0112746434146661448918.jpg 1080w\" sizes=\"auto, (max-width: 1024px) 100vw, 1024px\" \/><\/figure>\n","protected":false},"excerpt":{"rendered":"<p>Angeles Gonz\u00e1lez CeballosXalapa, Ver., La Procuradur\u00eda Federal de Protecci\u00f3n al Ambiente (Profepa), clausur\u00f3 e impuso medidas correctivas urgentes en el relleno sanitario de Las Matas, ubicado en el municipio de Minatitl\u00e1n. A trav\u00e9s de un comunicado, la dependencia expuso que la medida se impone por no contar con un sistema de captaci\u00f3n, conducci\u00f3n y recirculaci\u00f3n&#8230; <\/p>\n<div class=\"clear\"><\/div>\n<p><a href=\"https:\/\/plumanegranoticias.com\/?p=10225\" class=\"excerpt-read-more\">Read More<i class=\"fa fa-caret-right icon-caret-right\"><\/i><\/a><\/p>\n","protected":false},"author":2,"featured_media":10227,"comment_status":"open","ping_status":"open","sticky":false,"template":"","format":"standard","meta":{"om_disable_all_campaigns":false,"_monsterinsights_skip_tracking":false,"_monsterinsights_sitenote_active":false,"_monsterinsights_sitenote_note":"","_monsterinsights_sitenote_category":0,"_uf_show_specific_survey":0,"_uf_disable_surveys":false,"footnotes":""},"categories":[8,12,10],"tags":[28,20,22],"class_list":["post-10225","post","type-post","status-publish","format-standard","has-post-thumbnail","hentry","category-politica","category-regional","category-sociales","tag-nacionales","tag-negocios","tag-nota-roja"],"aioseo_notices":[],"_links":{"self":[{"href":"https:\/\/plumanegranoticias.com\/index.php?rest_route=\/wp\/v2\/posts\/10225","targetHints":{"allow":["GET"]}}],"collection":[{"href":"https:\/\/plumanegranoticias.com\/index.php?rest_route=\/wp\/v2\/posts"}],"about":[{"href":"https:\/\/plumanegranoticias.com\/index.php?rest_route=\/wp\/v2\/types\/post"}],"author":[{"embeddable":true,"href":"https:\/\/plumanegranoticias.com\/index.php?rest_route=\/wp\/v2\/users\/2"}],"replies":[{"embeddable":true,"href":"https:\/\/plumanegranoticias.com\/index.php?rest_route=%2Fwp%2Fv2%2Fcomments&post=10225"}],"version-history":[{"count":1,"href":"https:\/\/plumanegranoticias.com\/index.php?rest_route=\/wp\/v2\/posts\/10225\/revisions"}],"predecessor-version":[{"id":10226,"href":"https:\/\/plumanegranoticias.com\/index.php?rest_route=\/wp\/v2\/posts\/10225\/revisions\/10226"}],"wp:featuredmedia":[{"embeddable":true,"href":"https:\/\/plumanegranoticias.com\/index.php?rest_route=\/wp\/v2\/media\/10227"}],"wp:attachment":[{"href":"https:\/\/plumanegranoticias.com\/index.php?rest_route=%2Fwp%2Fv2%2Fmedia&parent=10225"}],"wp:term":[{"taxonomy":"category","embeddable":true,"href":"https:\/\/plumanegranoticias.com\/index.php?rest_route=%2Fwp%2Fv2%2Fcategories&post=10225"},{"taxonomy":"post_tag","embeddable":true,"href":"https:\/\/plumanegranoticias.com\/index.php?rest_route=%2Fwp%2Fv2%2Ftags&post=10225"}],"curies":[{"name":"wp","href":"https:\/\/api.w.org\/{rel}","templated":true}]}}