{"id":10230,"date":"2025-05-16T12:02:28","date_gmt":"2025-05-16T18:02:28","guid":{"rendered":"https:\/\/plumanegranoticias.com\/?p=10230"},"modified":"2025-05-16T12:02:49","modified_gmt":"2025-05-16T18:02:49","slug":"presenta-pri-veracruz-denuncia-penal-ante-la-fge-por-actos-vandalicos-en-sede-estatal","status":"publish","type":"post","link":"https:\/\/plumanegranoticias.com\/?p=10230","title":{"rendered":"Presenta PRI Veracruz denuncia penal ante la FGE por actos vand\u00e1licos en sede estatal"},"content":{"rendered":"\n<p> Contra quien resulte responsable por los presuntos delitos de da\u00f1o en propiedad ajena, robo, vandalismo, intento de homicidio y lesiones.<\/p>\n\n\n\n<p>Xalapa, Ver., 16 de mayo de 2025.- El Partido Revolucionario Institucional (PRI) present\u00f3 ante la Fiscal\u00eda General del Estado de Veracruz (FGE) una denuncia penal contra quien resulte responsable de los presuntos delitos de robo, da\u00f1o en propiedad ajena, vandalismo y los que resulten por los hechos cometidos en perjuicio de las instalaciones del Comit\u00e9 Directivo Estatal (CDE), el pasado jueves 15.<\/p>\n\n\n\n<p>El presidente del CDE, Adolfo Ram\u00edrez Arana, se present\u00f3 ante la FGE, acompa\u00f1ado de Juan Jos\u00e9 Castro Justo, Delegado Nacional; Alejandra Andrade, Secretaria de Operaci\u00f3n Pol\u00edtica del PRI Nacional; Georgina Maribel Chuy D\u00edaz, Secretaria Jur\u00eddica y de Transparencia y dem\u00e1s autoridades del partido, y ante medios de comunicaci\u00f3n, expres\u00f3 la preocupaci\u00f3n y consternaci\u00f3n del organismo pol\u00edtico por los da\u00f1os causados en un acto organizado y premeditado, que inici\u00f3 en oficinas del Instituto Nacional Electoral (INE) y termin\u00f3 en la sede del PRI, ante la ausencia de la polic\u00eda, que lleg\u00f3 cuando los da\u00f1os ya hab\u00edan sido causados y los responsables ya hab\u00edan huido, lo cual pone de manifiesto complicidad e impunidad.<\/p>\n\n\n\n<p>Revel\u00f3 que varios candidatos del PRI han sido amenazados y de los cuales diez han solicitado protecci\u00f3n. \u201cHoy la seguridad p\u00fablica en Veracruz tiene precio\u201d, ya que, si alg\u00fan candidato o candidata solicita protecci\u00f3n, la autoridad le asigna uno o dos elementos a los que les tiene que pagar alimentos y hospedaje.<\/p>\n\n\n\n<p>Al se\u00f1alar que las acciones denunciadas enrarecen aun m\u00e1s el proceso electoral en curso, reiter\u00f3 el llamado en\u00e9rgico a los gobiernos federal y estatal que, se\u00f1al\u00f3, est\u00e1n rebasados por la delincuencia organizada y el tema de la seguridad se les ha salido de control. Lament\u00f3 que dicho proceso est\u00e9 manchado de sangre como nunca antes, con una poblaci\u00f3n atemorizada y una autoridad ausente e indiferente. \u201cNadie sabe c\u00f3mo va a acabar esto\u201d, expres\u00f3 Ram\u00edrez Arana.<\/p>\n\n\n\n<p>De acuerdo con la denuncia, en la fecha mencionada, aproximadamente a las 11:30 horas lleg\u00f3 a las oficinas ubicadas en la avenida Adolfo Ruiz Cortines Cortines n\u00famero 1419, colonia Francisco Ferrer Guardia de esta ciudad, un grupo de manifestantes, entre 15 y 20 personas, hombres y mujeres, con la cara cubierta con m\u00e1scaras de tela tipo capuchas. Primeramente, se reunieron en la calle Francisco Moreno y despu\u00e9s empezaron a tirar piedras y bombas molotov, que estrellaron contra las paredes del edificio en la parte del acceso. Esto provoc\u00f3 que se incendiaran algunas mantas.<\/p>\n\n\n\n<p>La denuncia detalla tambi\u00e9n que la puerta de acceso, que se encontraba abierta, fue inmediatamente cerrada por el personal del PRI. De inmediato, hicieron llamadas telef\u00f3nicas al 911 aproximadamente a las 11:35 y a la Polic\u00eda Municipal para que acudieran a dar protecci\u00f3n a las personas que se encontraban en el inmueble.<\/p>\n\n\n\n<p>Adem\u00e1s, los agresores dejaron propaganda con fotograf\u00edas, las cuales fueron recogidas, y tambi\u00e9n agredieron a algunos compa\u00f1eros del PRI que sufrieron lesiones. La denuncia afirma que los agresores est\u00e1n debidamente identificados, lo cual est\u00e1 respaldado con las pruebas respectivas.<\/p>\n\n\n\n<p>Asimismo, se realiz\u00f3 un recorrido por el frente de las instalaciones y se tom\u00f3 evidencia de los da\u00f1os cometidos por los agresores, como rompimiento y quiebre de ventanas y cristales, pintas en paredes y muros, incendio y quema de lonas y mobiliario, lanzamiento de piedras y objetos varios como botellas de cristal con l\u00edquidos inflamables en contra del personal y visitantes.<\/p>\n\n\n\n<p>Los hechos descritos, precisa la denuncia, pueden ser constitutivos de los delitos de da\u00f1o en propiedad ajena, robo y vandalismo e intento de homicidio y lesiones, cometidos en agravio y perjuicio del personal que labora en la sede estatal del PRI.<\/p>\n\n\n\n<p>La representaci\u00f3n legal del PRI entreg\u00f3 a la Fiscal\u00eda una secuencia fotogr\u00e1fica impresa a color, videos de las acciones y los da\u00f1os cometidos al inmueble e im\u00e1genes en blanco y negro de las fotos que los agresores dejaron en la explanada del edificio como evidencia.<\/p>\n\n\n\n<p>El Comit\u00e9 Directivo Estatal del tricolor, a trav\u00e9s de su representante legal, solicita a la Fiscal\u00eda que investigue los hechos descritos y d\u00e9 con los responsables, para que se proceda a la detenci\u00f3n o consignaci\u00f3n penal ante la autoridad respectiva.<\/p>\n\n\n\n<figure class=\"wp-block-image size-large\"><img loading=\"lazy\" decoding=\"async\" width=\"1024\" height=\"768\" src=\"https:\/\/plumanegranoticias.com\/wp-content\/uploads\/2025\/05\/img-20250516-wa00714921284490647058678-1024x768.jpg\" alt=\"\" class=\"wp-image-10228\" srcset=\"https:\/\/plumanegranoticias.com\/wp-content\/uploads\/2025\/05\/img-20250516-wa00714921284490647058678-1024x768.jpg 1024w, https:\/\/plumanegranoticias.com\/wp-content\/uploads\/2025\/05\/img-20250516-wa00714921284490647058678-300x225.jpg 300w, https:\/\/plumanegranoticias.com\/wp-content\/uploads\/2025\/05\/img-20250516-wa00714921284490647058678-768x576.jpg 768w, https:\/\/plumanegranoticias.com\/wp-content\/uploads\/2025\/05\/img-20250516-wa00714921284490647058678-1536x1152.jpg 1536w, https:\/\/plumanegranoticias.com\/wp-content\/uploads\/2025\/05\/img-20250516-wa00714921284490647058678-400x300.jpg 400w, https:\/\/plumanegranoticias.com\/wp-content\/uploads\/2025\/05\/img-20250516-wa00714921284490647058678.jpg 1600w\" sizes=\"auto, (max-width: 1024px) 100vw, 1024px\" \/><\/figure>\n\n\n\n<figure class=\"wp-block-image\"><img loading=\"lazy\" decoding=\"async\" width=\"1024\" height=\"768\" src=\"https:\/\/plumanegranoticias.com\/wp-content\/uploads\/2025\/05\/img-20250516-wa0076342831291200453252-1024x768.jpg\" alt=\"\" class=\"wp-image-10229\" srcset=\"https:\/\/plumanegranoticias.com\/wp-content\/uploads\/2025\/05\/img-20250516-wa0076342831291200453252-1024x768.jpg 1024w, https:\/\/plumanegranoticias.com\/wp-content\/uploads\/2025\/05\/img-20250516-wa0076342831291200453252-300x225.jpg 300w, https:\/\/plumanegranoticias.com\/wp-content\/uploads\/2025\/05\/img-20250516-wa0076342831291200453252-768x576.jpg 768w, https:\/\/plumanegranoticias.com\/wp-content\/uploads\/2025\/05\/img-20250516-wa0076342831291200453252-1536x1152.jpg 1536w, https:\/\/plumanegranoticias.com\/wp-content\/uploads\/2025\/05\/img-20250516-wa0076342831291200453252-400x300.jpg 400w, https:\/\/plumanegranoticias.com\/wp-content\/uploads\/2025\/05\/img-20250516-wa0076342831291200453252.jpg 1600w\" sizes=\"auto, (max-width: 1024px) 100vw, 1024px\" \/><\/figure>\n","protected":false},"excerpt":{"rendered":"<p>Contra quien resulte responsable por los presuntos delitos de da\u00f1o en propiedad ajena, robo, vandalismo, intento de homicidio y lesiones. Xalapa, Ver., 16 de mayo de 2025.- El Partido Revolucionario Institucional (PRI) present\u00f3 ante la Fiscal\u00eda General del Estado de Veracruz (FGE) una denuncia penal contra quien resulte responsable de los presuntos delitos de robo,&#8230; <\/p>\n<div class=\"clear\"><\/div>\n<p><a href=\"https:\/\/plumanegranoticias.com\/?p=10230\" class=\"excerpt-read-more\">Read More<i class=\"fa fa-caret-right icon-caret-right\"><\/i><\/a><\/p>\n","protected":false},"author":2,"featured_media":10232,"comment_status":"open","ping_status":"open","sticky":false,"template":"","format":"standard","meta":{"om_disable_all_campaigns":false,"_monsterinsights_skip_tracking":false,"_monsterinsights_sitenote_active":false,"_monsterinsights_sitenote_note":"","_monsterinsights_sitenote_category":0,"_uf_show_specific_survey":0,"_uf_disable_surveys":false,"footnotes":""},"categories":[67,8,12],"tags":[61,19,31],"class_list":["post-10230","post","type-post","status-publish","format-standard","has-post-thumbnail","hentry","category-policiaca","category-politica","category-regional","tag-politica","tag-regional","tag-reporte-ciudadano"],"aioseo_notices":[],"_links":{"self":[{"href":"https:\/\/plumanegranoticias.com\/index.php?rest_route=\/wp\/v2\/posts\/10230","targetHints":{"allow":["GET"]}}],"collection":[{"href":"https:\/\/plumanegranoticias.com\/index.php?rest_route=\/wp\/v2\/posts"}],"about":[{"href":"https:\/\/plumanegranoticias.com\/index.php?rest_route=\/wp\/v2\/types\/post"}],"author":[{"embeddable":true,"href":"https:\/\/plumanegranoticias.com\/index.php?rest_route=\/wp\/v2\/users\/2"}],"replies":[{"embeddable":true,"href":"https:\/\/plumanegranoticias.com\/index.php?rest_route=%2Fwp%2Fv2%2Fcomments&post=10230"}],"version-history":[{"count":1,"href":"https:\/\/plumanegranoticias.com\/index.php?rest_route=\/wp\/v2\/posts\/10230\/revisions"}],"predecessor-version":[{"id":10231,"href":"https:\/\/plumanegranoticias.com\/index.php?rest_route=\/wp\/v2\/posts\/10230\/revisions\/10231"}],"wp:featuredmedia":[{"embeddable":true,"href":"https:\/\/plumanegranoticias.com\/index.php?rest_route=\/wp\/v2\/media\/10232"}],"wp:attachment":[{"href":"https:\/\/plumanegranoticias.com\/index.php?rest_route=%2Fwp%2Fv2%2Fmedia&parent=10230"}],"wp:term":[{"taxonomy":"category","embeddable":true,"href":"https:\/\/plumanegranoticias.com\/index.php?rest_route=%2Fwp%2Fv2%2Fcategories&post=10230"},{"taxonomy":"post_tag","embeddable":true,"href":"https:\/\/plumanegranoticias.com\/index.php?rest_route=%2Fwp%2Fv2%2Ftags&post=10230"}],"curies":[{"name":"wp","href":"https:\/\/api.w.org\/{rel}","templated":true}]}}