{"id":10348,"date":"2025-05-22T11:12:27","date_gmt":"2025-05-22T17:12:27","guid":{"rendered":"https:\/\/plumanegranoticias.com\/?p=10348"},"modified":"2025-05-22T11:13:06","modified_gmt":"2025-05-22T17:13:06","slug":"roberto-carlos-lleno-de-amor-y-nostalgia-a-veracruz","status":"publish","type":"post","link":"https:\/\/plumanegranoticias.com\/?p=10348","title":{"rendered":"Roberto Carlos llen\u00f3 de amor y nostalgia a Veracruz"},"content":{"rendered":"\n<p>Alejandro \u00c1vila<\/p>\n\n\n\n<p>Veracruz, Ver.- Despu\u00e9s de 11 a\u00f1os de ausencia, el legendario Roberto Carlos regres\u00f3 a Veracruz para ofrecer un concierto espectacular en el World Trade Center (WTC) de la ciudad. El recinto se llen\u00f3 de emoci\u00f3n y nostalgia cuando el \u00eddolo de la m\u00fasica rom\u00e1ntica subi\u00f3 al escenario, vestido con un impecable traje blanco y camisa estampada en azul y blanco.<\/p>\n\n\n\n<p>La multitud abarrotada core\u00f3 cada una de sus canciones de principio a fin, convirtiendo el WTC en un coro monumental. Roberto Carlos, una leyenda viviente de la m\u00fasica rom\u00e1ntica de Latinoam\u00e9rica, cant\u00f3 sus m\u00e1s sonados \u00e9xitos, como &#8220;Emociones&#8221;, \u201cQu\u00e9 ser\u00e1 de ti\u201d, &#8220;Cama y Mesa&#8221;, \u201cDetalles\u201d, \u201cDesahogo\u201d, \u201cLady Laura\u201d, \u201cYo te propongo\u201d.<\/p>\n\n\n\n<p>La m\u00e1gica velada rom\u00e1ntica continu\u00f3 otra tanda de \u00e9xitos: &#8220;C\u00f3ncavo y Convexo&#8221;, \u201cLa carcachita\u201d, \u201cEse tipo soy yo\u201d, \u201cEl gato triste y azul\u201d, \u201cEl d\u00eda que me quieras\u201d, \u201cAmada amante\u201d, \u201cAmigo\u201d.<\/p>\n\n\n\n<p>El momento m\u00e1s emotivo del concierto lleg\u00f3 cuando Roberto Carlos interpret\u00f3 la canci\u00f3n &#8220;Jesucristo&#8221;, durante la cual regal\u00f3 decenas de rosas a los asistentes, creando un ambiente de alegr\u00eda y devoci\u00f3n en el recinto, dando paso al gran cierre de la noche con \u201cUn mill\u00f3n de amigos\u201d.<\/p>\n\n\n\n<p>El concierto, presentado en Veracruz por Grupo Riande &amp; Carpinteiro, fue un \u00e9xito rotundo, demostrando por qu\u00e9 Roberto Carlos es considerado uno de los artistas m\u00e1s influyentes y queridos de la m\u00fasica latina. La presentaci\u00f3n fue un tributo a su carrera y legado, y los veracruzanos tuvieron la oportunidad de vivir una noche inolvidable con el rey de la m\u00fasica rom\u00e1ntica.<\/p>\n\n\n\n<p>La ausencia de 11 a\u00f1os no disminuy\u00f3 la pasi\u00f3n y el fervor de los veracruzanos por Roberto Carlos. Por el contrario, el p\u00fablico demostr\u00f3 que su amor por la m\u00fasica del artista sigue intacto, y el concierto se convirti\u00f3 en una celebraci\u00f3n de la m\u00fasica y la nostalgia.<\/p>\n\n\n\n<figure class=\"wp-block-image size-large\"><img loading=\"lazy\" decoding=\"async\" width=\"1024\" height=\"682\" src=\"https:\/\/plumanegranoticias.com\/wp-content\/uploads\/2025\/05\/img-20250522-wa01471638317426950725596-1024x682.jpg\" alt=\"\" class=\"wp-image-10347\" srcset=\"https:\/\/plumanegranoticias.com\/wp-content\/uploads\/2025\/05\/img-20250522-wa01471638317426950725596-1024x682.jpg 1024w, https:\/\/plumanegranoticias.com\/wp-content\/uploads\/2025\/05\/img-20250522-wa01471638317426950725596-300x200.jpg 300w, https:\/\/plumanegranoticias.com\/wp-content\/uploads\/2025\/05\/img-20250522-wa01471638317426950725596-768x512.jpg 768w, https:\/\/plumanegranoticias.com\/wp-content\/uploads\/2025\/05\/img-20250522-wa01471638317426950725596-1536x1023.jpg 1536w, https:\/\/plumanegranoticias.com\/wp-content\/uploads\/2025\/05\/img-20250522-wa01471638317426950725596.jpg 1600w\" sizes=\"auto, (max-width: 1024px) 100vw, 1024px\" \/><\/figure>\n\n\n\n<figure class=\"wp-block-image\"><img loading=\"lazy\" decoding=\"async\" width=\"1024\" height=\"764\" src=\"https:\/\/plumanegranoticias.com\/wp-content\/uploads\/2025\/05\/img-20250522-wa01433802276043107292585-1024x764.jpg\" alt=\"\" class=\"wp-image-10346\" srcset=\"https:\/\/plumanegranoticias.com\/wp-content\/uploads\/2025\/05\/img-20250522-wa01433802276043107292585-1024x764.jpg 1024w, https:\/\/plumanegranoticias.com\/wp-content\/uploads\/2025\/05\/img-20250522-wa01433802276043107292585-300x224.jpg 300w, https:\/\/plumanegranoticias.com\/wp-content\/uploads\/2025\/05\/img-20250522-wa01433802276043107292585-768x573.jpg 768w, https:\/\/plumanegranoticias.com\/wp-content\/uploads\/2025\/05\/img-20250522-wa01433802276043107292585-670x500.jpg 670w, https:\/\/plumanegranoticias.com\/wp-content\/uploads\/2025\/05\/img-20250522-wa01433802276043107292585.jpg 1446w\" sizes=\"auto, (max-width: 1024px) 100vw, 1024px\" \/><\/figure>\n","protected":false},"excerpt":{"rendered":"<p>Alejandro \u00c1vila Veracruz, Ver.- Despu\u00e9s de 11 a\u00f1os de ausencia, el legendario Roberto Carlos regres\u00f3 a Veracruz para ofrecer un concierto espectacular en el World Trade Center (WTC) de la ciudad. El recinto se llen\u00f3 de emoci\u00f3n y nostalgia cuando el \u00eddolo de la m\u00fasica rom\u00e1ntica subi\u00f3 al escenario, vestido con un impecable traje blanco&#8230; <\/p>\n<div class=\"clear\"><\/div>\n<p><a href=\"https:\/\/plumanegranoticias.com\/?p=10348\" class=\"excerpt-read-more\">Read More<i class=\"fa fa-caret-right icon-caret-right\"><\/i><\/a><\/p>\n","protected":false},"author":2,"featured_media":10350,"comment_status":"open","ping_status":"open","sticky":false,"template":"","format":"standard","meta":{"om_disable_all_campaigns":false,"_monsterinsights_skip_tracking":false,"_monsterinsights_sitenote_active":false,"_monsterinsights_sitenote_note":"","_monsterinsights_sitenote_category":0,"_uf_show_specific_survey":0,"_uf_disable_surveys":false,"footnotes":""},"categories":[1],"tags":[24,36,20,61,19],"class_list":["post-10348","post","type-post","status-publish","format-standard","has-post-thumbnail","hentry","category-blog","tag-moda","tag-musica","tag-negocios","tag-politica","tag-regional"],"aioseo_notices":[],"_links":{"self":[{"href":"https:\/\/plumanegranoticias.com\/index.php?rest_route=\/wp\/v2\/posts\/10348","targetHints":{"allow":["GET"]}}],"collection":[{"href":"https:\/\/plumanegranoticias.com\/index.php?rest_route=\/wp\/v2\/posts"}],"about":[{"href":"https:\/\/plumanegranoticias.com\/index.php?rest_route=\/wp\/v2\/types\/post"}],"author":[{"embeddable":true,"href":"https:\/\/plumanegranoticias.com\/index.php?rest_route=\/wp\/v2\/users\/2"}],"replies":[{"embeddable":true,"href":"https:\/\/plumanegranoticias.com\/index.php?rest_route=%2Fwp%2Fv2%2Fcomments&post=10348"}],"version-history":[{"count":1,"href":"https:\/\/plumanegranoticias.com\/index.php?rest_route=\/wp\/v2\/posts\/10348\/revisions"}],"predecessor-version":[{"id":10349,"href":"https:\/\/plumanegranoticias.com\/index.php?rest_route=\/wp\/v2\/posts\/10348\/revisions\/10349"}],"wp:featuredmedia":[{"embeddable":true,"href":"https:\/\/plumanegranoticias.com\/index.php?rest_route=\/wp\/v2\/media\/10350"}],"wp:attachment":[{"href":"https:\/\/plumanegranoticias.com\/index.php?rest_route=%2Fwp%2Fv2%2Fmedia&parent=10348"}],"wp:term":[{"taxonomy":"category","embeddable":true,"href":"https:\/\/plumanegranoticias.com\/index.php?rest_route=%2Fwp%2Fv2%2Fcategories&post=10348"},{"taxonomy":"post_tag","embeddable":true,"href":"https:\/\/plumanegranoticias.com\/index.php?rest_route=%2Fwp%2Fv2%2Ftags&post=10348"}],"curies":[{"name":"wp","href":"https:\/\/api.w.org\/{rel}","templated":true}]}}