{"id":10376,"date":"2025-05-22T12:21:56","date_gmt":"2025-05-22T18:21:56","guid":{"rendered":"https:\/\/plumanegranoticias.com\/?p=10376"},"modified":"2025-05-22T12:22:32","modified_gmt":"2025-05-22T18:22:32","slug":"vehiculos-asegurados-en-la-zona-de-lerdo-de-tejada-y-angel-r-cabada","status":"publish","type":"post","link":"https:\/\/plumanegranoticias.com\/?p=10376","title":{"rendered":"VEH\u00cdCULOS ASEGURADOS EN LA ZONA DE LERDO DE TEJADA Y \u00c1NGEL R. CABADA"},"content":{"rendered":"\n<p class=\"MsoNormal\">Xalapa, Ver., a 22 de mayo del 2025.- La Fiscal\u00eda General del Estado informa que polic\u00edas ministeriales adscritos a la Unidad Especializada en Combate al Secuestro, en coordinaci\u00f3n con la Secretar\u00eda de Seguridad P\u00fablica Estatal, llevaron a cabo recorridos en los municipios de Lerdo de Tejada y \u00c1ngel R. Cabada, en seguimiento a un posible grupo delictivo.<\/p>\n\n\n\n<p class=\"MsoNormal\">Durante los mismos, se ubic\u00f3 un predio presuntamente utilizado para actividades il\u00edcitas, en el que fue asegurado un veh\u00edculo con alteraci\u00f3n en sus d\u00edgitos confidenciales y dos motocicletas sin placas.<\/p>\n\n\n\n<p><\/p>\n\n\n\n<figure class=\"wp-block-image\"><img decoding=\"async\" src=\"file:\/\/\/data\/user\/0\/com.microsoft.office.word\/files\/temp\/msohtmlclip\/clip_image002.png\" alt=\"\"\/><\/figure>\n\n\n\n<figure class=\"wp-block-image size-large\"><img loading=\"lazy\" decoding=\"async\" width=\"1024\" height=\"1024\" src=\"https:\/\/plumanegranoticias.com\/wp-content\/uploads\/2025\/05\/img-20250522-wa02021164632776758413958-1024x1024.jpg\" alt=\"\" class=\"wp-image-10375\" srcset=\"https:\/\/plumanegranoticias.com\/wp-content\/uploads\/2025\/05\/img-20250522-wa02021164632776758413958-1024x1024.jpg 1024w, https:\/\/plumanegranoticias.com\/wp-content\/uploads\/2025\/05\/img-20250522-wa02021164632776758413958-300x300.jpg 300w, https:\/\/plumanegranoticias.com\/wp-content\/uploads\/2025\/05\/img-20250522-wa02021164632776758413958-150x150.jpg 150w, https:\/\/plumanegranoticias.com\/wp-content\/uploads\/2025\/05\/img-20250522-wa02021164632776758413958-768x768.jpg 768w, https:\/\/plumanegranoticias.com\/wp-content\/uploads\/2025\/05\/img-20250522-wa02021164632776758413958-400x400.jpg 400w, https:\/\/plumanegranoticias.com\/wp-content\/uploads\/2025\/05\/img-20250522-wa02021164632776758413958.jpg 1200w\" sizes=\"auto, (max-width: 1024px) 100vw, 1024px\" \/><\/figure>\n\n\n\n<figure class=\"wp-block-image\"><img decoding=\"async\" src=\"file:\/\/\/data\/user\/0\/com.microsoft.office.word\/files\/temp\/msohtmlclip\/clip_image004.jpg\" alt=\"\"\/><\/figure>\n","protected":false},"excerpt":{"rendered":"<p>Xalapa, Ver., a 22 de mayo del 2025.- La Fiscal\u00eda General del Estado informa que polic\u00edas ministeriales adscritos a la Unidad Especializada en Combate al Secuestro, en coordinaci\u00f3n con la Secretar\u00eda de Seguridad P\u00fablica Estatal, llevaron a cabo recorridos en los municipios de Lerdo de Tejada y \u00c1ngel R. Cabada, en seguimiento a un posible&#8230; <\/p>\n<div class=\"clear\"><\/div>\n<p><a href=\"https:\/\/plumanegranoticias.com\/?p=10376\" class=\"excerpt-read-more\">Read More<i class=\"fa fa-caret-right icon-caret-right\"><\/i><\/a><\/p>\n","protected":false},"author":2,"featured_media":10374,"comment_status":"open","ping_status":"open","sticky":false,"template":"","format":"standard","meta":{"om_disable_all_campaigns":false,"_monsterinsights_skip_tracking":false,"_monsterinsights_sitenote_active":false,"_monsterinsights_sitenote_note":"","_monsterinsights_sitenote_category":0,"_uf_show_specific_survey":0,"_uf_disable_surveys":false,"footnotes":""},"categories":[8,12],"tags":[22,18],"class_list":["post-10376","post","type-post","status-publish","format-standard","has-post-thumbnail","hentry","category-politica","category-regional","tag-nota-roja","tag-noticia"],"aioseo_notices":[],"_links":{"self":[{"href":"https:\/\/plumanegranoticias.com\/index.php?rest_route=\/wp\/v2\/posts\/10376","targetHints":{"allow":["GET"]}}],"collection":[{"href":"https:\/\/plumanegranoticias.com\/index.php?rest_route=\/wp\/v2\/posts"}],"about":[{"href":"https:\/\/plumanegranoticias.com\/index.php?rest_route=\/wp\/v2\/types\/post"}],"author":[{"embeddable":true,"href":"https:\/\/plumanegranoticias.com\/index.php?rest_route=\/wp\/v2\/users\/2"}],"replies":[{"embeddable":true,"href":"https:\/\/plumanegranoticias.com\/index.php?rest_route=%2Fwp%2Fv2%2Fcomments&post=10376"}],"version-history":[{"count":1,"href":"https:\/\/plumanegranoticias.com\/index.php?rest_route=\/wp\/v2\/posts\/10376\/revisions"}],"predecessor-version":[{"id":10377,"href":"https:\/\/plumanegranoticias.com\/index.php?rest_route=\/wp\/v2\/posts\/10376\/revisions\/10377"}],"wp:featuredmedia":[{"embeddable":true,"href":"https:\/\/plumanegranoticias.com\/index.php?rest_route=\/wp\/v2\/media\/10374"}],"wp:attachment":[{"href":"https:\/\/plumanegranoticias.com\/index.php?rest_route=%2Fwp%2Fv2%2Fmedia&parent=10376"}],"wp:term":[{"taxonomy":"category","embeddable":true,"href":"https:\/\/plumanegranoticias.com\/index.php?rest_route=%2Fwp%2Fv2%2Fcategories&post=10376"},{"taxonomy":"post_tag","embeddable":true,"href":"https:\/\/plumanegranoticias.com\/index.php?rest_route=%2Fwp%2Fv2%2Ftags&post=10376"}],"curies":[{"name":"wp","href":"https:\/\/api.w.org\/{rel}","templated":true}]}}