{"id":10467,"date":"2025-06-05T09:10:48","date_gmt":"2025-06-05T15:10:48","guid":{"rendered":"https:\/\/plumanegranoticias.com\/?p=10467"},"modified":"2025-06-05T09:11:21","modified_gmt":"2025-06-05T15:11:21","slug":"mandinga-rompera-record-con-28-mil-piezas-de-ostion-en-un-coctel","status":"publish","type":"post","link":"https:\/\/plumanegranoticias.com\/?p=10467","title":{"rendered":"Mandinga romper\u00e1 record con 28 mil piezas de osti\u00f3n en un c\u00f3ctel"},"content":{"rendered":"\n<p>Alejandro \u00c1vila<\/p>\n\n\n\n<p>Veracruz, Ver.- Del 5 al 8 de junio se desarrollar\u00e1 en la localidad de Mandinga perteneciente al municipio de Alvarado, la Feria de Osti\u00f3n, donde se buscar\u00e1 romper un r\u00e9cord, colocando 28 mil piezas en un c\u00f3ctel.<\/p>\n\n\n\n<p>Martha Mar\u00eda Rivera Huerta, Agente Municipal de Mandinga y Matoza, detall\u00f3 que el evento iniciar\u00e1 a las 3 de la tarde con un recorrido a la Virgen Desatanudos en la isla de Las Conchitas, tradici\u00f3n que lleva 55 a\u00f1os consecutivos.<\/p>\n\n\n\n<p>El r\u00e9cord del osti\u00f3n se va a realizar el domingo 8 de junio a partir de las 2 de la tarde, y se anunci\u00f3 la presencia de la secretaria de Cultura del Estado de Veracruz, X\u00f3chitl Molina.<\/p>\n\n\n\n<p>&#8220;Todos los pescadores, la mayor\u00eda vive de eso, del osti\u00f3n, del marisco, todos nos dedicamos a la pesca pero sobre todo del osti\u00f3n (\u2026) es la mayor fuente que tenemos en nuestra comunidad, y s\u00ed, incrementa mucho la derrame econ\u00f3mica, aunque ya nos sentimos muy contentos porque siempre tenemos turistas, pero esperemos que en esta ocasi\u00f3n sean muchos m\u00e1s todav\u00eda de la que tenemos normalmente Mandinga&#8221;, expres\u00f3.<\/p>\n\n\n\n<p>En 2024 se registr\u00f3 una derrama econ\u00f3mica de medio mill\u00f3n de pesos entre los restaurantes de la zona y se espera que en este 2025 incrementen las cifras.<\/p>\n\n\n\n<figure class=\"wp-block-image size-large\"><img loading=\"lazy\" decoding=\"async\" width=\"300\" height=\"300\" src=\"https:\/\/plumanegranoticias.com\/wp-content\/uploads\/2025\/06\/img-20250605-wa00258160129803218573544-300x300.jpg\" alt=\"\" class=\"wp-image-10465\" srcset=\"https:\/\/plumanegranoticias.com\/wp-content\/uploads\/2025\/06\/img-20250605-wa00258160129803218573544-300x300.jpg 300w, https:\/\/plumanegranoticias.com\/wp-content\/uploads\/2025\/06\/img-20250605-wa00258160129803218573544-150x150.jpg 150w, https:\/\/plumanegranoticias.com\/wp-content\/uploads\/2025\/06\/img-20250605-wa00258160129803218573544-768x768.jpg 768w, https:\/\/plumanegranoticias.com\/wp-content\/uploads\/2025\/06\/img-20250605-wa00258160129803218573544-400x400.jpg 400w, https:\/\/plumanegranoticias.com\/wp-content\/uploads\/2025\/06\/img-20250605-wa00258160129803218573544.jpg 899w\" sizes=\"auto, (max-width: 300px) 100vw, 300px\" \/><\/figure>\n\n\n\n<figure class=\"wp-block-image\"><img loading=\"lazy\" decoding=\"async\" width=\"300\" height=\"300\" src=\"https:\/\/plumanegranoticias.com\/wp-content\/uploads\/2025\/06\/img-20250605-wa00247669635471697234474-300x300.jpg\" alt=\"\" class=\"wp-image-10466\" srcset=\"https:\/\/plumanegranoticias.com\/wp-content\/uploads\/2025\/06\/img-20250605-wa00247669635471697234474-300x300.jpg 300w, https:\/\/plumanegranoticias.com\/wp-content\/uploads\/2025\/06\/img-20250605-wa00247669635471697234474-150x150.jpg 150w, https:\/\/plumanegranoticias.com\/wp-content\/uploads\/2025\/06\/img-20250605-wa00247669635471697234474-768x768.jpg 768w, https:\/\/plumanegranoticias.com\/wp-content\/uploads\/2025\/06\/img-20250605-wa00247669635471697234474-400x400.jpg 400w, https:\/\/plumanegranoticias.com\/wp-content\/uploads\/2025\/06\/img-20250605-wa00247669635471697234474.jpg 899w\" sizes=\"auto, (max-width: 300px) 100vw, 300px\" \/><\/figure>\n","protected":false},"excerpt":{"rendered":"<p>Alejandro \u00c1vila Veracruz, Ver.- Del 5 al 8 de junio se desarrollar\u00e1 en la localidad de Mandinga perteneciente al municipio de Alvarado, la Feria de Osti\u00f3n, donde se buscar\u00e1 romper un r\u00e9cord, colocando 28 mil piezas en un c\u00f3ctel. Martha Mar\u00eda Rivera Huerta, Agente Municipal de Mandinga y Matoza, detall\u00f3 que el evento iniciar\u00e1 a&#8230; <\/p>\n<div class=\"clear\"><\/div>\n<p><a href=\"https:\/\/plumanegranoticias.com\/?p=10467\" class=\"excerpt-read-more\">Read More<i class=\"fa fa-caret-right icon-caret-right\"><\/i><\/a><\/p>\n","protected":false},"author":2,"featured_media":10469,"comment_status":"open","ping_status":"open","sticky":false,"template":"","format":"standard","meta":{"om_disable_all_campaigns":false,"_monsterinsights_skip_tracking":false,"_monsterinsights_sitenote_active":false,"_monsterinsights_sitenote_note":"","_monsterinsights_sitenote_category":0,"_uf_show_specific_survey":0,"_uf_disable_surveys":false,"footnotes":""},"categories":[8,12],"tags":[22,18],"class_list":["post-10467","post","type-post","status-publish","format-standard","has-post-thumbnail","hentry","category-politica","category-regional","tag-nota-roja","tag-noticia"],"aioseo_notices":[],"_links":{"self":[{"href":"https:\/\/plumanegranoticias.com\/index.php?rest_route=\/wp\/v2\/posts\/10467","targetHints":{"allow":["GET"]}}],"collection":[{"href":"https:\/\/plumanegranoticias.com\/index.php?rest_route=\/wp\/v2\/posts"}],"about":[{"href":"https:\/\/plumanegranoticias.com\/index.php?rest_route=\/wp\/v2\/types\/post"}],"author":[{"embeddable":true,"href":"https:\/\/plumanegranoticias.com\/index.php?rest_route=\/wp\/v2\/users\/2"}],"replies":[{"embeddable":true,"href":"https:\/\/plumanegranoticias.com\/index.php?rest_route=%2Fwp%2Fv2%2Fcomments&post=10467"}],"version-history":[{"count":1,"href":"https:\/\/plumanegranoticias.com\/index.php?rest_route=\/wp\/v2\/posts\/10467\/revisions"}],"predecessor-version":[{"id":10468,"href":"https:\/\/plumanegranoticias.com\/index.php?rest_route=\/wp\/v2\/posts\/10467\/revisions\/10468"}],"wp:featuredmedia":[{"embeddable":true,"href":"https:\/\/plumanegranoticias.com\/index.php?rest_route=\/wp\/v2\/media\/10469"}],"wp:attachment":[{"href":"https:\/\/plumanegranoticias.com\/index.php?rest_route=%2Fwp%2Fv2%2Fmedia&parent=10467"}],"wp:term":[{"taxonomy":"category","embeddable":true,"href":"https:\/\/plumanegranoticias.com\/index.php?rest_route=%2Fwp%2Fv2%2Fcategories&post=10467"},{"taxonomy":"post_tag","embeddable":true,"href":"https:\/\/plumanegranoticias.com\/index.php?rest_route=%2Fwp%2Fv2%2Ftags&post=10467"}],"curies":[{"name":"wp","href":"https:\/\/api.w.org\/{rel}","templated":true}]}}