{"id":10472,"date":"2025-06-05T09:12:02","date_gmt":"2025-06-05T15:12:02","guid":{"rendered":"https:\/\/plumanegranoticias.com\/?p=10472"},"modified":"2025-06-05T09:12:36","modified_gmt":"2025-06-05T15:12:36","slug":"acajete-tendra-por-primera-vez-una-alcaldesa-en-la-figura-de-maria-claudia-nava-santos","status":"publish","type":"post","link":"https:\/\/plumanegranoticias.com\/?p=10472","title":{"rendered":"Acajete tendr\u00e1 por primera vez una alcaldesa en la figura de Mar\u00eda Claudia Nava Santos"},"content":{"rendered":"\n<p>Alejandro \u00c1vila<\/p>\n\n\n\n<p>Acajete, Ver.- En Veracruz se ha dicho que &#8220;Es Tiempo de Mujeres&#8221; y Acajete es prueba de ello, pues tendr\u00e1 por primera vez en su historia una alcaldesa en la figura de Mar\u00eda Claudia Nava Santos, qui\u00e9n la tarde &#8211; noche de este mi\u00e9rcoles 4 de junio recibi\u00f3 su constancia de mayor\u00eda, que la acredita como pr\u00f3xima presidenta municipal.<\/p>\n\n\n\n<p>Nava Santos candidata del Movimiento Ciudadano (MC) obtuvo un contundente triunfo en las urnas el pasado 1 de junio, con un total de 1,951 votos, resultado que marca un precedente en la historia pol\u00edtica del municipio.<\/p>\n\n\n\n<p>\u201cEs un orgullo ser la primera presidenta municipal de Acajete; eso representa el doble de responsabilidad, y me compromete a trabajar con mayor entrega en beneficio de todas y todos\u201d, se\u00f1al\u00f3.<\/p>\n\n\n\n<p>\u201cEste triunfo no es solo m\u00edo, es de todas y todos los que creen en un municipio con futuro, con historia y con fuerza\u201d, afirm\u00f3.<\/p>\n\n\n\n<p>Finalmente, reiter\u00f3 su compromiso de trabajar de manera cercana a la ciudadan\u00eda, con honestidad y dedicaci\u00f3n, para recuperar la grandeza de Acajete y construir una nueva etapa para el municipio.<\/p>\n\n\n\n<p>Con este resultado, Acajete inicia una nueva etapa en su vida pol\u00edtica y social, marcada por la participaci\u00f3n activa de las mujeres en los espacios de liderazgo y toma de decisiones.<\/p>\n\n\n\n<figure class=\"wp-block-image size-large\"><img loading=\"lazy\" decoding=\"async\" width=\"300\" height=\"196\" src=\"https:\/\/plumanegranoticias.com\/wp-content\/uploads\/2025\/06\/img-20250605-wa0018857478059884375222-300x196.jpg\" alt=\"\" class=\"wp-image-10471\" srcset=\"https:\/\/plumanegranoticias.com\/wp-content\/uploads\/2025\/06\/img-20250605-wa0018857478059884375222-300x196.jpg 300w, https:\/\/plumanegranoticias.com\/wp-content\/uploads\/2025\/06\/img-20250605-wa0018857478059884375222-768x502.jpg 768w, https:\/\/plumanegranoticias.com\/wp-content\/uploads\/2025\/06\/img-20250605-wa0018857478059884375222.jpg 960w\" sizes=\"auto, (max-width: 300px) 100vw, 300px\" \/><\/figure>\n","protected":false},"excerpt":{"rendered":"<p>Alejandro \u00c1vila Acajete, Ver.- En Veracruz se ha dicho que &#8220;Es Tiempo de Mujeres&#8221; y Acajete es prueba de ello, pues tendr\u00e1 por primera vez en su historia una alcaldesa en la figura de Mar\u00eda Claudia Nava Santos, qui\u00e9n la tarde &#8211; noche de este mi\u00e9rcoles 4 de junio recibi\u00f3 su constancia de mayor\u00eda, que&#8230; <\/p>\n<div class=\"clear\"><\/div>\n<p><a href=\"https:\/\/plumanegranoticias.com\/?p=10472\" class=\"excerpt-read-more\">Read More<i class=\"fa fa-caret-right icon-caret-right\"><\/i><\/a><\/p>\n","protected":false},"author":2,"featured_media":10470,"comment_status":"open","ping_status":"open","sticky":false,"template":"","format":"standard","meta":{"om_disable_all_campaigns":false,"_monsterinsights_skip_tracking":false,"_monsterinsights_sitenote_active":false,"_monsterinsights_sitenote_note":"","_monsterinsights_sitenote_category":0,"_uf_show_specific_survey":0,"_uf_disable_surveys":false,"footnotes":""},"categories":[8,12],"tags":[18,34],"class_list":["post-10472","post","type-post","status-publish","format-standard","has-post-thumbnail","hentry","category-politica","category-regional","tag-noticia","tag-policiaca"],"aioseo_notices":[],"_links":{"self":[{"href":"https:\/\/plumanegranoticias.com\/index.php?rest_route=\/wp\/v2\/posts\/10472","targetHints":{"allow":["GET"]}}],"collection":[{"href":"https:\/\/plumanegranoticias.com\/index.php?rest_route=\/wp\/v2\/posts"}],"about":[{"href":"https:\/\/plumanegranoticias.com\/index.php?rest_route=\/wp\/v2\/types\/post"}],"author":[{"embeddable":true,"href":"https:\/\/plumanegranoticias.com\/index.php?rest_route=\/wp\/v2\/users\/2"}],"replies":[{"embeddable":true,"href":"https:\/\/plumanegranoticias.com\/index.php?rest_route=%2Fwp%2Fv2%2Fcomments&post=10472"}],"version-history":[{"count":1,"href":"https:\/\/plumanegranoticias.com\/index.php?rest_route=\/wp\/v2\/posts\/10472\/revisions"}],"predecessor-version":[{"id":10473,"href":"https:\/\/plumanegranoticias.com\/index.php?rest_route=\/wp\/v2\/posts\/10472\/revisions\/10473"}],"wp:featuredmedia":[{"embeddable":true,"href":"https:\/\/plumanegranoticias.com\/index.php?rest_route=\/wp\/v2\/media\/10470"}],"wp:attachment":[{"href":"https:\/\/plumanegranoticias.com\/index.php?rest_route=%2Fwp%2Fv2%2Fmedia&parent=10472"}],"wp:term":[{"taxonomy":"category","embeddable":true,"href":"https:\/\/plumanegranoticias.com\/index.php?rest_route=%2Fwp%2Fv2%2Fcategories&post=10472"},{"taxonomy":"post_tag","embeddable":true,"href":"https:\/\/plumanegranoticias.com\/index.php?rest_route=%2Fwp%2Fv2%2Ftags&post=10472"}],"curies":[{"name":"wp","href":"https:\/\/api.w.org\/{rel}","templated":true}]}}