{"id":10493,"date":"2025-06-05T17:49:42","date_gmt":"2025-06-05T23:49:42","guid":{"rendered":"https:\/\/plumanegranoticias.com\/?p=10493"},"modified":"2025-06-05T17:50:04","modified_gmt":"2025-06-05T23:50:04","slug":"tilapia-la-capilla-participa-en-el-foro-hacia-una-acuacultura-sustentable","status":"publish","type":"post","link":"https:\/\/plumanegranoticias.com\/?p=10493","title":{"rendered":"Tilapia La Capilla participa en el Foro \u201cHac\u00eda una Acuacultura Sustentable\u201d"},"content":{"rendered":"\n<p>Por Pedro Cruz.<\/p>\n\n\n\n<p>Boca del R\u00edo, Ver.- En el marco del D\u00eda Mundial del Medio Ambiente, Tilapia La Capilla, una empresa fundada hace 20 a\u00f1os en el municipio de Cotaxtla, especializada en la producci\u00f3n de alevines y comercializaci\u00f3n de tilapia viva y fresca, particip\u00f3 en el foro \u201cHacia el Desarrollo de la Pesca y la Acuicultura sostenible; Conformar Redes de Colaboraci\u00f3n para Proteger el Medio Ambiente y Garantizar la Soberan\u00eda Alimentaria\u201d, organizado por el Tecnol\u00f3gico Nacional de M\u00e9xico a trav\u00e9s del Instituto Tecnol\u00f3gico de Boca del R\u00edo, Gobierno del Estado y SEDARPA.<\/p>\n\n\n\n<p>En este evento estuvieron como invitados al pres\u00eddium autoridades distinguidas. Se cont\u00f3 con la participaci\u00f3n de la Dra. Estela Rivera L\u00f3pez, Directora del ITBOCA; Lic. Carlos Manuel Jim\u00e9nez D\u00edaz, Subsecretario de Ganader\u00eda y Pesca de la SEDARPA Gobierno del Estado de Veracruz; M.C. Ingrid Hern\u00e1ndez Villareal, representante del Instituto Mexicano de Investigaci\u00f3n, Pesca y Acuacultura Sustentable IMPAS; C.P. Manuel Alejandro Serrano Trinidad, Titular de CONAPESCA del Estado de Veracruz; Ing. Francisco Lu\u00eds Moreno Quiroga, Regidor IX del Ayuntamiento de Boca del R\u00edo y la Dra. Yadira Silva Cruz, Directora General de Pesca y Acuacultura de la Secretaria de Desarrollo Agropecuario Rural y Pesca; as\u00ed como estudiantes, acad\u00e9micos, productores, investigadores, cooperativas y p\u00fablico en general.<\/p>\n\n\n\n<p>Cabe destacar que el objetivo principal de este foro fue demostrar el desarrollo de la pesca y la acuacultura sustentable, con la participaci\u00f3n de pescadores y acuicultores de la regi\u00f3n de Veracruz, para lograr as\u00ed un ambiente de protecci\u00f3n al medio ambiente y garantizar la soberan\u00eda alimentaria.<\/p>\n\n\n\n<p>La Dra. Yadira Silva Cruz, Directora General de Pesca y Acuacultura de la Secretar\u00eda de Desarrollo Agropecuario Rural y Pesca, se\u00f1alo que, para conocer el \u00e1mbito acu\u00edcola en nuestro estado, es necesario fortalecer entre todos: t\u00e9cnicos, productores, acad\u00e9micos, investigadores e instituciones de gobierno una fuerte red de colaboraci\u00f3n, donde los temas principales a tratar ser\u00e1n el Medio Ambiente y la Calidad del Agua, entre otros.<\/p>\n\n\n\n<p>Posteriormente el Lic. Carlos Manuel Jim\u00e9nez D\u00edaz, Subsecretario de Ganader\u00eda y Pesca de la SEDARPA Gobierno del Estado de Veracruz, se dirigi\u00f3 a los presentes haci\u00e9ndoles llegar un saludo de la gobernadora Roc\u00edo Nahle Garc\u00eda.<\/p>\n\n\n\n<p>Finalmente, la Dra. Yadira Silva Cruz, inaugur\u00f3 los trabajos de este Foro e invit\u00f3 a los asistentes a participar en las diversas mesas de trabajo y buscar acuerdos en favor de la soberan\u00eda alimentaria.<\/p>\n\n\n\n<figure class=\"wp-block-image size-large\"><img loading=\"lazy\" decoding=\"async\" width=\"300\" height=\"214\" src=\"https:\/\/plumanegranoticias.com\/wp-content\/uploads\/2025\/06\/img-20250605-wa01436870427444080821466-300x214.jpg\" alt=\"\" class=\"wp-image-10489\" srcset=\"https:\/\/plumanegranoticias.com\/wp-content\/uploads\/2025\/06\/img-20250605-wa01436870427444080821466-300x214.jpg 300w, https:\/\/plumanegranoticias.com\/wp-content\/uploads\/2025\/06\/img-20250605-wa01436870427444080821466-768x547.jpg 768w, https:\/\/plumanegranoticias.com\/wp-content\/uploads\/2025\/06\/img-20250605-wa01436870427444080821466.jpg 792w\" sizes=\"auto, (max-width: 300px) 100vw, 300px\" \/><\/figure>\n\n\n\n<figure class=\"wp-block-image\"><img loading=\"lazy\" decoding=\"async\" width=\"1024\" height=\"484\" src=\"https:\/\/plumanegranoticias.com\/wp-content\/uploads\/2025\/06\/img-20250605-wa01457640421796504082932-1024x484.jpg\" alt=\"\" class=\"wp-image-10490\" srcset=\"https:\/\/plumanegranoticias.com\/wp-content\/uploads\/2025\/06\/img-20250605-wa01457640421796504082932-1024x484.jpg 1024w, https:\/\/plumanegranoticias.com\/wp-content\/uploads\/2025\/06\/img-20250605-wa01457640421796504082932-300x142.jpg 300w, https:\/\/plumanegranoticias.com\/wp-content\/uploads\/2025\/06\/img-20250605-wa01457640421796504082932-768x363.jpg 768w, https:\/\/plumanegranoticias.com\/wp-content\/uploads\/2025\/06\/img-20250605-wa01457640421796504082932-1536x726.jpg 1536w, https:\/\/plumanegranoticias.com\/wp-content\/uploads\/2025\/06\/img-20250605-wa01457640421796504082932.jpg 1600w\" sizes=\"auto, (max-width: 1024px) 100vw, 1024px\" \/><\/figure>\n\n\n\n<figure class=\"wp-block-image\"><img loading=\"lazy\" decoding=\"async\" width=\"1024\" height=\"876\" src=\"https:\/\/plumanegranoticias.com\/wp-content\/uploads\/2025\/06\/img-20250605-wa0149379253405611387567-1024x876.jpg\" alt=\"\" class=\"wp-image-10492\" srcset=\"https:\/\/plumanegranoticias.com\/wp-content\/uploads\/2025\/06\/img-20250605-wa0149379253405611387567-1024x876.jpg 1024w, https:\/\/plumanegranoticias.com\/wp-content\/uploads\/2025\/06\/img-20250605-wa0149379253405611387567-300x256.jpg 300w, https:\/\/plumanegranoticias.com\/wp-content\/uploads\/2025\/06\/img-20250605-wa0149379253405611387567-768x657.jpg 768w, https:\/\/plumanegranoticias.com\/wp-content\/uploads\/2025\/06\/img-20250605-wa0149379253405611387567-1536x1313.jpg 1536w, https:\/\/plumanegranoticias.com\/wp-content\/uploads\/2025\/06\/img-20250605-wa0149379253405611387567.jpg 1593w\" sizes=\"auto, (max-width: 1024px) 100vw, 1024px\" \/><\/figure>\n\n\n\n<figure class=\"wp-block-image\"><img loading=\"lazy\" decoding=\"async\" width=\"1024\" height=\"599\" src=\"https:\/\/plumanegranoticias.com\/wp-content\/uploads\/2025\/06\/img-20250605-wa01463093379977556061113-1024x599.jpg\" alt=\"\" class=\"wp-image-10491\" srcset=\"https:\/\/plumanegranoticias.com\/wp-content\/uploads\/2025\/06\/img-20250605-wa01463093379977556061113-1024x599.jpg 1024w, https:\/\/plumanegranoticias.com\/wp-content\/uploads\/2025\/06\/img-20250605-wa01463093379977556061113-300x176.jpg 300w, https:\/\/plumanegranoticias.com\/wp-content\/uploads\/2025\/06\/img-20250605-wa01463093379977556061113-768x449.jpg 768w, https:\/\/plumanegranoticias.com\/wp-content\/uploads\/2025\/06\/img-20250605-wa01463093379977556061113-1536x899.jpg 1536w, https:\/\/plumanegranoticias.com\/wp-content\/uploads\/2025\/06\/img-20250605-wa01463093379977556061113.jpg 1600w\" sizes=\"auto, (max-width: 1024px) 100vw, 1024px\" \/><\/figure>\n","protected":false},"excerpt":{"rendered":"<p>Por Pedro Cruz. Boca del R\u00edo, Ver.- En el marco del D\u00eda Mundial del Medio Ambiente, Tilapia La Capilla, una empresa fundada hace 20 a\u00f1os en el municipio de Cotaxtla, especializada en la producci\u00f3n de alevines y comercializaci\u00f3n de tilapia viva y fresca, particip\u00f3 en el foro \u201cHacia el Desarrollo de la Pesca y la&#8230; <\/p>\n<div class=\"clear\"><\/div>\n<p><a href=\"https:\/\/plumanegranoticias.com\/?p=10493\" class=\"excerpt-read-more\">Read More<i class=\"fa fa-caret-right icon-caret-right\"><\/i><\/a><\/p>\n","protected":false},"author":2,"featured_media":10495,"comment_status":"open","ping_status":"open","sticky":false,"template":"","format":"standard","meta":{"om_disable_all_campaigns":false,"_monsterinsights_skip_tracking":false,"_monsterinsights_sitenote_active":false,"_monsterinsights_sitenote_note":"","_monsterinsights_sitenote_category":0,"_uf_show_specific_survey":0,"_uf_disable_surveys":false,"footnotes":""},"categories":[8,12],"tags":[18,34,61],"class_list":["post-10493","post","type-post","status-publish","format-standard","has-post-thumbnail","hentry","category-politica","category-regional","tag-noticia","tag-policiaca","tag-politica"],"aioseo_notices":[],"_links":{"self":[{"href":"https:\/\/plumanegranoticias.com\/index.php?rest_route=\/wp\/v2\/posts\/10493","targetHints":{"allow":["GET"]}}],"collection":[{"href":"https:\/\/plumanegranoticias.com\/index.php?rest_route=\/wp\/v2\/posts"}],"about":[{"href":"https:\/\/plumanegranoticias.com\/index.php?rest_route=\/wp\/v2\/types\/post"}],"author":[{"embeddable":true,"href":"https:\/\/plumanegranoticias.com\/index.php?rest_route=\/wp\/v2\/users\/2"}],"replies":[{"embeddable":true,"href":"https:\/\/plumanegranoticias.com\/index.php?rest_route=%2Fwp%2Fv2%2Fcomments&post=10493"}],"version-history":[{"count":1,"href":"https:\/\/plumanegranoticias.com\/index.php?rest_route=\/wp\/v2\/posts\/10493\/revisions"}],"predecessor-version":[{"id":10494,"href":"https:\/\/plumanegranoticias.com\/index.php?rest_route=\/wp\/v2\/posts\/10493\/revisions\/10494"}],"wp:featuredmedia":[{"embeddable":true,"href":"https:\/\/plumanegranoticias.com\/index.php?rest_route=\/wp\/v2\/media\/10495"}],"wp:attachment":[{"href":"https:\/\/plumanegranoticias.com\/index.php?rest_route=%2Fwp%2Fv2%2Fmedia&parent=10493"}],"wp:term":[{"taxonomy":"category","embeddable":true,"href":"https:\/\/plumanegranoticias.com\/index.php?rest_route=%2Fwp%2Fv2%2Fcategories&post=10493"},{"taxonomy":"post_tag","embeddable":true,"href":"https:\/\/plumanegranoticias.com\/index.php?rest_route=%2Fwp%2Fv2%2Ftags&post=10493"}],"curies":[{"name":"wp","href":"https:\/\/api.w.org\/{rel}","templated":true}]}}