{"id":10512,"date":"2025-06-07T08:11:06","date_gmt":"2025-06-07T14:11:06","guid":{"rendered":"https:\/\/plumanegranoticias.com\/?p=10512"},"modified":"2025-06-07T08:11:26","modified_gmt":"2025-06-07T14:11:26","slug":"detienen-abusador-sexual-en-cordoba","status":"publish","type":"post","link":"https:\/\/plumanegranoticias.com\/?p=10512","title":{"rendered":"Detienen abusador sexual en C\u00f3rdoba"},"content":{"rendered":"\n<p class=\"s5\"><strong>PRISI\u00d3N PREVENTIVA CONTRA PROBABLE RESPONSABLE DEL &nbsp;DELITO DE ABUSO SEXUAL DE MENORES DE EDAD Y PERSONAS INCAPACES<\/strong><\/p>\n\n\n\n<p class=\"s5\"><strong>C\u00f3rdoba, Ver., a 7 de junio 2025.- <\/strong>La Fiscal\u00eda Especializada en Investigaci\u00f3n de Delitos de Violencia Contra la Familia, Mujeres, Ni\u00f1as y Ni\u00f1os y Trata de Personas obtuvo vinculaci\u00f3n a proceso en contra de Arturo &nbsp;\u201cN\u201d como probable responsable del delito de abuso sexual de menores de edad y personas incapaces cometido en agravio de una v\u00edctima de identidad resguardada.<\/p>\n\n\n\n<p class=\"s5\">Los hechos ocurrieron el 22 de mayo del a\u00f1o en curso, en la colonia Villa de las Flores, de esta ciudad, cuando el ahora vinculado a proceso probablemente realiz\u00f3 actos lascivos enfrente de la v\u00edctima.<\/p>\n\n\n\n<p class=\"MsoNormal\">El juez ratific\u00f3 la medida cautelar de prisi\u00f3n preventiva, dentro del proceso penal 180\/2025.<\/p>\n\n\n\n<figure class=\"wp-block-image size-large\"><img loading=\"lazy\" decoding=\"async\" width=\"1024\" height=\"1024\" src=\"https:\/\/plumanegranoticias.com\/wp-content\/uploads\/2025\/06\/img-20250607-wa00115277454449889735416-1024x1024.jpg\" alt=\"\" class=\"wp-image-10511\" srcset=\"https:\/\/plumanegranoticias.com\/wp-content\/uploads\/2025\/06\/img-20250607-wa00115277454449889735416-1024x1024.jpg 1024w, https:\/\/plumanegranoticias.com\/wp-content\/uploads\/2025\/06\/img-20250607-wa00115277454449889735416-300x300.jpg 300w, https:\/\/plumanegranoticias.com\/wp-content\/uploads\/2025\/06\/img-20250607-wa00115277454449889735416-150x150.jpg 150w, https:\/\/plumanegranoticias.com\/wp-content\/uploads\/2025\/06\/img-20250607-wa00115277454449889735416-768x768.jpg 768w, https:\/\/plumanegranoticias.com\/wp-content\/uploads\/2025\/06\/img-20250607-wa00115277454449889735416-400x400.jpg 400w, https:\/\/plumanegranoticias.com\/wp-content\/uploads\/2025\/06\/img-20250607-wa00115277454449889735416.jpg 1280w\" sizes=\"auto, (max-width: 1024px) 100vw, 1024px\" \/><\/figure>\n\n\n\n<figure class=\"wp-block-image\"><img decoding=\"async\" src=\"file:\/\/\/data\/user\/0\/com.microsoft.office.word\/files\/temp\/msohtmlclip\/clip_image002.png\" alt=\"\"\/><\/figure>\n\n\n\n<figure class=\"wp-block-image\"><img decoding=\"async\" src=\"file:\/\/\/data\/user\/0\/com.microsoft.office.word\/files\/temp\/msohtmlclip\/clip_image004.jpg\" alt=\"\"\/><\/figure>\n","protected":false},"excerpt":{"rendered":"<p>PRISI\u00d3N PREVENTIVA CONTRA PROBABLE RESPONSABLE DEL &nbsp;DELITO DE ABUSO SEXUAL DE MENORES DE EDAD Y PERSONAS INCAPACES C\u00f3rdoba, Ver., a 7 de junio 2025.- La Fiscal\u00eda Especializada en Investigaci\u00f3n de Delitos de Violencia Contra la Familia, Mujeres, Ni\u00f1as y Ni\u00f1os y Trata de Personas obtuvo vinculaci\u00f3n a proceso en contra de Arturo &nbsp;\u201cN\u201d como probable&#8230; <\/p>\n<div class=\"clear\"><\/div>\n<p><a href=\"https:\/\/plumanegranoticias.com\/?p=10512\" class=\"excerpt-read-more\">Read More<i class=\"fa fa-caret-right icon-caret-right\"><\/i><\/a><\/p>\n","protected":false},"author":2,"featured_media":10514,"comment_status":"open","ping_status":"open","sticky":false,"template":"","format":"standard","meta":{"om_disable_all_campaigns":false,"_monsterinsights_skip_tracking":false,"_monsterinsights_sitenote_active":false,"_monsterinsights_sitenote_note":"","_monsterinsights_sitenote_category":0,"_uf_show_specific_survey":0,"_uf_disable_surveys":false,"footnotes":""},"categories":[67,8,12],"tags":[22,30],"class_list":["post-10512","post","type-post","status-publish","format-standard","has-post-thumbnail","hentry","category-policiaca","category-politica","category-regional","tag-nota-roja","tag-plumazos"],"aioseo_notices":[],"_links":{"self":[{"href":"https:\/\/plumanegranoticias.com\/index.php?rest_route=\/wp\/v2\/posts\/10512","targetHints":{"allow":["GET"]}}],"collection":[{"href":"https:\/\/plumanegranoticias.com\/index.php?rest_route=\/wp\/v2\/posts"}],"about":[{"href":"https:\/\/plumanegranoticias.com\/index.php?rest_route=\/wp\/v2\/types\/post"}],"author":[{"embeddable":true,"href":"https:\/\/plumanegranoticias.com\/index.php?rest_route=\/wp\/v2\/users\/2"}],"replies":[{"embeddable":true,"href":"https:\/\/plumanegranoticias.com\/index.php?rest_route=%2Fwp%2Fv2%2Fcomments&post=10512"}],"version-history":[{"count":1,"href":"https:\/\/plumanegranoticias.com\/index.php?rest_route=\/wp\/v2\/posts\/10512\/revisions"}],"predecessor-version":[{"id":10513,"href":"https:\/\/plumanegranoticias.com\/index.php?rest_route=\/wp\/v2\/posts\/10512\/revisions\/10513"}],"wp:featuredmedia":[{"embeddable":true,"href":"https:\/\/plumanegranoticias.com\/index.php?rest_route=\/wp\/v2\/media\/10514"}],"wp:attachment":[{"href":"https:\/\/plumanegranoticias.com\/index.php?rest_route=%2Fwp%2Fv2%2Fmedia&parent=10512"}],"wp:term":[{"taxonomy":"category","embeddable":true,"href":"https:\/\/plumanegranoticias.com\/index.php?rest_route=%2Fwp%2Fv2%2Fcategories&post=10512"},{"taxonomy":"post_tag","embeddable":true,"href":"https:\/\/plumanegranoticias.com\/index.php?rest_route=%2Fwp%2Fv2%2Ftags&post=10512"}],"curies":[{"name":"wp","href":"https:\/\/api.w.org\/{rel}","templated":true}]}}