{"id":10555,"date":"2025-06-09T12:38:38","date_gmt":"2025-06-09T18:38:38","guid":{"rendered":"https:\/\/plumanegranoticias.com\/?p=10555"},"modified":"2025-06-09T12:39:35","modified_gmt":"2025-06-09T18:39:35","slug":"decenas-de-academicos-personal-administrativo-y-estudiantes-de-la-uv-marchan-contra-la-prorroga-del-rector","status":"publish","type":"post","link":"https:\/\/plumanegranoticias.com\/?p=10555","title":{"rendered":"Decenas de acad\u00e9micos, personal administrativo y estudiantes de la UV, marchan contra la pr\u00f3rroga del Rector"},"content":{"rendered":"\n<p>Consejo Universitario General decidi\u00f3 el pasado viernes un no a la pr\u00f3rroga, es violatoria de la Ley, manifiestan<br>-Defender a la Universidad de la propia Universidad, un hecho in\u00e9dito en los 80 a\u00f1os de la historia de la Casa de Estudios<\/p>\n\n\n\n<p>Angeles Gonz\u00e1lez Ceballos<br>Xalapa, Ver., Al grito de !pr\u00f3rroga NO!, !queremos rector, no dictador!, decenas de acad\u00e9micos de la Universidad Veracruzana protestaron en la rector\u00eda de la Casa de Estudios, encabezados por los tres aspirantes a suceder en el cargo a Mart\u00edn Aguilar S\u00e1nchez; Jorge Manzo Denes, Marisol Lunea Leal y Rafael Vela.<\/p>\n\n\n\n<p>Luego de dar lectura a sus pronunciamientos, decidieron marchar por las calles hasta llegar a la plaza Lerdo.<\/p>\n\n\n\n<p>El doctor Rafael Vela record\u00f3 que el pasado viernes se celebr\u00f3 el Consejo Universitario General, en donde se reunieron todos los representantes de la comunidad universitaria, ah\u00ed a trav\u00e9s del rechazo \u201cabrumador\u201d, le dieron un claro mensaje a la Junta de Gobierno \u201cde que la comunidad rechazaba esta pr\u00f3rroga totalmente ilegal y violatoria\u201d.<\/p>\n\n\n\n<p>El investigador envi\u00f3 un mensaje al Rector para que deje de generar divisi\u00f3n al interior de la comunidad universitaria y se retire, al menos con cierta \u00e9tica y verguenza, \u00e9l que deber\u00eda velar por la Ley y la deje de estar violando.<\/p>\n\n\n\n<p>\u201cEste es un mensaje de ilegalidad con su actitud, el que se est\u00e1 enviando a todo el estado de Veracruz, cuando lo que queremos es que exista paz, armon\u00eda y progreso y cada vez la UV retome aquel br\u00edo y referente acad\u00e9mico que ten\u00eda en otros a\u00f1os y est\u00e9 a la altura de los cambios tecnol\u00f3gicos que se viven hoy a nivel mundial\u201d, asever\u00f3.<\/p>\n\n\n\n<p>El acad\u00e9mico defini\u00f3 que quienes aspiran a suceder a Mart\u00edn Aguilar buscan reconstruir, reedificar a la Casa de Estudios, toda vez que se ubica en el \u00faltimo lugar de las 32 universidades p\u00fablicas a nivel nacional y, en el lugar mil 482 de las mil 500 universidades m\u00e1s importantes del mundo, \u201ca ese nivel nos ha llevado esta administraci\u00f3n\u201d.<\/p>\n\n\n\n<p>Por su parte, la doctora Marisol Luna Leal, exabogada general de la Universidad y aspirante a la Rector\u00eda, sostuvo que no existen disposiciones jur\u00eddicas que definan la legalidad de la solicitud, adem\u00e1s de que se pretende hacer una auscultaci\u00f3n manipulada, ah\u00ed pregunt\u00f3 que canonj\u00edas se han otorgado o se otorgar\u00e1n al sindicato mayoritario para convencer y llevar a algunos de sus agremiados a expresarse a favor de la pr\u00f3rroga.<\/p>\n\n\n\n<p>Con ello, se est\u00e1 coartando la libertad de expresi\u00f3n y se tuerce la Ley para tomarse atribuciones que no se tienen y, para inventarse de \u00faltimo minuto un procedimiento ama\u00f1ado, mismo que rompe con los principios democr\u00e1ticos de transparencia, de equidad y de la costumbre enraizada de los casi 30 a\u00f1os de autonom\u00eda universitaria.<\/p>\n\n\n\n<p>En tal contexto, advirti\u00f3 un abuso del Derecho o fraude a la Ley, pero lo que es m\u00e1s grave, condena a la instituci\u00f3n -con la pr\u00f3rroga- a continuar sumida en la mediocridad, en la opacidad y en el miedo a pensar en grande, a pensar en una universidad diferente, que no s\u00f3lo responda al contexto actual, sino tambi\u00e9n competitiva, que no tarde 4 a\u00f1os revisando un modelo educativo como ahora ha ocurrido.<\/p>\n\n\n\n<p>Pregunt\u00f3 a la comunidad que, de ser ratificado en el cargo, cu\u00e1ntos a\u00f1os m\u00e1s se tardar\u00e1n en atender de verdad sin ret\u00f3rica artificiosa, el inter\u00e9s superior del estudiante, quienes hoy padecen horarios quebrados, que todo el d\u00eda los mantienen amarrados en sus facultades, sin posibilidad de hacer pr\u00e1cticas, cursos, mal alimentados, con muchas horas de ocio, generando mayores gastos a sus familias.<\/p>\n\n\n\n<p>Asimismo, pregunt\u00f3 cu\u00e1nto tiempo m\u00e1s tardar\u00e1n en ofrecer una nueva oferta acad\u00e9mica, ya que la actual est\u00e1 rezagada y cit\u00f3 como ejemplo que la Casa de Estudios est\u00e1 desconectada y alejada del polo de desarrollo Corredor Interoce\u00e1nico.<\/p>\n\n\n\n<p>Defini\u00f3 que es necesario contar con una universidad que sepa invertir su presupuesto y as\u00ed, le pidi\u00f3 a la secretaria de Finanzas, Lisbeth Viveros Cancino que escuchara para que la UV deje de tener d\u00e9ficits, deje de maquillar cifras y eliminar compromisos para no evidenciarse, &#8220;tengo las pruebas\u201d.<\/p>\n\n\n\n<p>\u201cNo queremos una universidad que se proclame defensora de los derechos humanos mientras reprima, calla, intimida y presiona a su propia comunidad\u201d, asever\u00f3.<\/p>\n\n\n\n<p>Por su parte, el doctor Jorge Manzo Denes, otro de los aspirantes a la Rector\u00eda dijo que su presencia obedec\u00eda a su inter\u00e9s por defender a la UV y su derecho a contender por el cargo y porque parad\u00f3jicamente llevaron a cabo esta protesta para defender a la Universidad de la propia Universidad.<\/p>\n\n\n\n<p>\u201cUn hecho in\u00e9dito en los 80 a\u00f1os de existencia de la querida Universidad Veracruzana. Hoy alzamos la voz no s\u00f3lo como universitarios, sino como ciudadanos que creemos en la legalidad, en la educaci\u00f3n p\u00fablica y en la legalidad de nuestras instituciones\u201d, coment\u00f3.<\/p>\n\n\n\n<p>Enfatiz\u00f3 que lo que est\u00e1 ocurriendo en la Universidad no es un simple tr\u00e1mite administrativo, sino un intento claro y preocupante de permanecer en el poder al margen de la Ley y es que el actual rector ha solicitado una pr\u00f3rroga para mantenerse cuatro a\u00f1os m\u00e1s en el cargo, a pesar de que no cumple con los requisitos para ser designado nuevamente.<\/p>\n\n\n\n<p>Manzo Denes record\u00f3 que el Consejo Universitario General ya emiti\u00f3 su fallo para que la Junta de Gobierno no d\u00e9 la pr\u00f3rroga a Aguilar S\u00e1nchez, por ello, defini\u00f3 que la Ley es clara y la postura del Consejo as\u00ed lo manifest\u00f3.<\/p>\n\n\n\n<p>Reconoci\u00f3 que m\u00e1s all\u00e1 del requisito de la edad de Mart\u00edn Aguilar, que no lo cumple, lo que est\u00e1 en juego es la Universidad, ya que en los \u00faltimos a\u00f1os lo que se ha visto es como se ha perdido el di\u00e1logo, se ha silenciado la cr\u00edtica, se ha debilitado la transparencia y, ahora, se pretende prorrogar un modelo que ha cerrado las puertas a la Universidad, todo eso realizado por un rector salido de las filas humanistas, pero que en este momento se ve \u201cdeshumanizado\u201d.<\/p>\n\n\n\n<figure class=\"wp-block-video\"><video height=\"480\" style=\"aspect-ratio: 848 \/ 480;\" width=\"848\" controls src=\"https:\/\/plumanegranoticias.com\/wp-content\/uploads\/2025\/06\/VID-20250609-WA0102.mp4\"><\/video><\/figure>\n\n\n\n<figure class=\"wp-block-image size-large\"><img loading=\"lazy\" decoding=\"async\" width=\"1024\" height=\"576\" src=\"https:\/\/plumanegranoticias.com\/wp-content\/uploads\/2025\/06\/img-20250609-wa0093849791486782381557-1024x576.jpg\" alt=\"\" class=\"wp-image-10552\" srcset=\"https:\/\/plumanegranoticias.com\/wp-content\/uploads\/2025\/06\/img-20250609-wa0093849791486782381557-1024x576.jpg 1024w, https:\/\/plumanegranoticias.com\/wp-content\/uploads\/2025\/06\/img-20250609-wa0093849791486782381557-300x169.jpg 300w, https:\/\/plumanegranoticias.com\/wp-content\/uploads\/2025\/06\/img-20250609-wa0093849791486782381557-768x432.jpg 768w, https:\/\/plumanegranoticias.com\/wp-content\/uploads\/2025\/06\/img-20250609-wa0093849791486782381557.jpg 1280w\" sizes=\"auto, (max-width: 1024px) 100vw, 1024px\" \/><\/figure>\n\n\n\n<figure class=\"wp-block-image\"><img loading=\"lazy\" decoding=\"async\" width=\"1024\" height=\"576\" src=\"https:\/\/plumanegranoticias.com\/wp-content\/uploads\/2025\/06\/img-20250609-wa00946263959181967802399-1024x576.jpg\" alt=\"\" class=\"wp-image-10554\" srcset=\"https:\/\/plumanegranoticias.com\/wp-content\/uploads\/2025\/06\/img-20250609-wa00946263959181967802399-1024x576.jpg 1024w, https:\/\/plumanegranoticias.com\/wp-content\/uploads\/2025\/06\/img-20250609-wa00946263959181967802399-300x169.jpg 300w, https:\/\/plumanegranoticias.com\/wp-content\/uploads\/2025\/06\/img-20250609-wa00946263959181967802399-768x432.jpg 768w, https:\/\/plumanegranoticias.com\/wp-content\/uploads\/2025\/06\/img-20250609-wa00946263959181967802399.jpg 1280w\" sizes=\"auto, (max-width: 1024px) 100vw, 1024px\" \/><\/figure>\n\n\n\n<figure class=\"wp-block-image\"><img loading=\"lazy\" decoding=\"async\" width=\"1024\" height=\"576\" src=\"https:\/\/plumanegranoticias.com\/wp-content\/uploads\/2025\/06\/img-20250609-wa00962362919093567247397-1024x576.jpg\" alt=\"\" class=\"wp-image-10553\" srcset=\"https:\/\/plumanegranoticias.com\/wp-content\/uploads\/2025\/06\/img-20250609-wa00962362919093567247397-1024x576.jpg 1024w, https:\/\/plumanegranoticias.com\/wp-content\/uploads\/2025\/06\/img-20250609-wa00962362919093567247397-300x169.jpg 300w, https:\/\/plumanegranoticias.com\/wp-content\/uploads\/2025\/06\/img-20250609-wa00962362919093567247397-768x432.jpg 768w, https:\/\/plumanegranoticias.com\/wp-content\/uploads\/2025\/06\/img-20250609-wa00962362919093567247397.jpg 1280w\" sizes=\"auto, (max-width: 1024px) 100vw, 1024px\" \/><\/figure>\n","protected":false},"excerpt":{"rendered":"<p>Consejo Universitario General decidi\u00f3 el pasado viernes un no a la pr\u00f3rroga, es violatoria de la Ley, manifiestan-Defender a la Universidad de la propia Universidad, un hecho in\u00e9dito en los 80 a\u00f1os de la historia de la Casa de Estudios Angeles Gonz\u00e1lez CeballosXalapa, Ver., Al grito de !pr\u00f3rroga NO!, !queremos rector, no dictador!, decenas de&#8230; <\/p>\n<div class=\"clear\"><\/div>\n<p><a href=\"https:\/\/plumanegranoticias.com\/?p=10555\" class=\"excerpt-read-more\">Read More<i class=\"fa fa-caret-right icon-caret-right\"><\/i><\/a><\/p>\n","protected":false},"author":2,"featured_media":10557,"comment_status":"open","ping_status":"open","sticky":false,"template":"","format":"standard","meta":{"om_disable_all_campaigns":false,"_monsterinsights_skip_tracking":false,"_monsterinsights_sitenote_active":false,"_monsterinsights_sitenote_note":"","_monsterinsights_sitenote_category":0,"_uf_show_specific_survey":0,"_uf_disable_surveys":false,"footnotes":""},"categories":[8,12],"tags":[22,30,34],"class_list":["post-10555","post","type-post","status-publish","format-standard","has-post-thumbnail","hentry","category-politica","category-regional","tag-nota-roja","tag-plumazos","tag-policiaca"],"aioseo_notices":[],"_links":{"self":[{"href":"https:\/\/plumanegranoticias.com\/index.php?rest_route=\/wp\/v2\/posts\/10555","targetHints":{"allow":["GET"]}}],"collection":[{"href":"https:\/\/plumanegranoticias.com\/index.php?rest_route=\/wp\/v2\/posts"}],"about":[{"href":"https:\/\/plumanegranoticias.com\/index.php?rest_route=\/wp\/v2\/types\/post"}],"author":[{"embeddable":true,"href":"https:\/\/plumanegranoticias.com\/index.php?rest_route=\/wp\/v2\/users\/2"}],"replies":[{"embeddable":true,"href":"https:\/\/plumanegranoticias.com\/index.php?rest_route=%2Fwp%2Fv2%2Fcomments&post=10555"}],"version-history":[{"count":1,"href":"https:\/\/plumanegranoticias.com\/index.php?rest_route=\/wp\/v2\/posts\/10555\/revisions"}],"predecessor-version":[{"id":10556,"href":"https:\/\/plumanegranoticias.com\/index.php?rest_route=\/wp\/v2\/posts\/10555\/revisions\/10556"}],"wp:featuredmedia":[{"embeddable":true,"href":"https:\/\/plumanegranoticias.com\/index.php?rest_route=\/wp\/v2\/media\/10557"}],"wp:attachment":[{"href":"https:\/\/plumanegranoticias.com\/index.php?rest_route=%2Fwp%2Fv2%2Fmedia&parent=10555"}],"wp:term":[{"taxonomy":"category","embeddable":true,"href":"https:\/\/plumanegranoticias.com\/index.php?rest_route=%2Fwp%2Fv2%2Fcategories&post=10555"},{"taxonomy":"post_tag","embeddable":true,"href":"https:\/\/plumanegranoticias.com\/index.php?rest_route=%2Fwp%2Fv2%2Ftags&post=10555"}],"curies":[{"name":"wp","href":"https:\/\/api.w.org\/{rel}","templated":true}]}}