{"id":10559,"date":"2025-06-09T13:29:56","date_gmt":"2025-06-09T19:29:56","guid":{"rendered":"https:\/\/plumanegranoticias.com\/?p=10559"},"modified":"2025-06-09T13:30:17","modified_gmt":"2025-06-09T19:30:17","slug":"veracruzanos-indocumentados-no-son-delincuentes-seran-bienvenidos-y-apoyados-gobernadora","status":"publish","type":"post","link":"https:\/\/plumanegranoticias.com\/?p=10559","title":{"rendered":"Veracruzanos, indocumentados no son delincuentes, ser\u00e1n bienvenidos y apoyados: Gobernadora"},"content":{"rendered":"\n<p>\u00c1ngeles Gonz\u00e1lez Ceballos<br>Xalapa, Ver., La gobernadora de Veracruz, Roc\u00edo Nahle Garc\u00eda, dijo que no tiene conocimiento hasta este momento de que haya veracruzanos detenidos durante las protestas en el centro de Los \u00c1ngeles tras una serie de redadas inmigratorias en la ciudad, como parte de las medidas inmigratorias del presidente Donald Trump.<\/p>\n\n\n\n<p>Sin embargo, afirm\u00f3 que ante el retorno de los connacionales a las distintas entidades del Pa\u00eds, todos ser\u00e1n bienvenidos, adem\u00e1s de que la presidenta Claudia Sheimbaun ya gir\u00f3 instrucciones para que sean inscritos en los programas federales.<\/p>\n\n\n\n<p>Hay que referir que efectivos de la Guardia Nacional se enfrentaron a miles de manifestantes en el centro de Los \u00c1ngeles, por lo que hab\u00eda un reporte de 27 indocumentados arrestados.<\/p>\n\n\n\n<p>\u201cNo tengo el informe, yo voy ma\u00f1ana a la Ciudad de M\u00e9xico, tengo reuni\u00f3n y posiblemente sea ese el tema que vayamos a tratar. Bienvenidos nuestros paisanos, la solidaridad. Yo puse un mensaje ante las expresiones del presidente Trump de que nosotros golpeamos.<\/p>\n\n\n\n<p>No, aqu\u00ed no se trata de golpear. Los derechos humanos de todas las personas deben ser respetados y las personas que est\u00e1n en Estados Unidos fueron a aportar trabajo, est\u00e1n all\u00e1 por necesidad\u201d, subray\u00f3.<\/p>\n\n\n\n<p>En ese sentido, ratific\u00f3 lo dicho por la presidenta de M\u00e9xico: nuestra gente all\u00e1 es trabajadora, no son delincuentes y hay que tratarlos en una forma digna y esto de las redadas es lamentable como se est\u00e1 dando\u201d, asever\u00f3.<\/p>\n\n\n\n<p>Manifest\u00f3 que siempre hemos sido vecinos con altas y bajas, pero manteniendo el di\u00e1logo y con relaciones internacionales entre los dos pa\u00edses, por lo que insisti\u00f3, aqu\u00ed no se agrede a nadie, los norteamericanos vienen a M\u00e9xico a las playas, a fiestas, entre otros, se mantiene el orden, pero no se les agrede, lo mismo deber\u00eda suceder en Estados Unidos.<\/p>\n\n\n\n<p>Respald\u00f3 la postura de Sheinbaum quien ley\u00f3 un comunicado de altura, preciso, de estado, pero sobre todo, con el humanismo mexicano que ella promueve.<\/p>\n\n\n\n<p>Ah\u00ed revel\u00f3 que estaba invitada a un festival a Los Angeles el 15 de agosto con la alcaldesa o con el gobernador de California, a lo cual ya hab\u00eda dicho que s\u00ed, pero la semana pasada le informaron que el evento se pospon\u00eda por todo lo que est\u00e1 sucediendo en la vecina naci\u00f3n.<\/p>\n\n\n\n<p>\u201cPero de antemano decirle a las y los veracruzanos que no est\u00e1n solos, que aqu\u00ed en Veracruz y en M\u00e9xico tienen doto el respaldo y si regresan, esta es su casa, regresan a su casa. Hay que brindar atenci\u00f3n, ya la Presidenta nos dio instrucciones de que hay que brindar el programa de Bienestar para que tengan un ingreso inmediato, por eso es muy importante esta reuni\u00f3n que voy a tener con el empresario alem\u00e1n\u201d, asever\u00f3.<\/p>\n\n\n\n<figure class=\"wp-block-image size-large\"><img loading=\"lazy\" decoding=\"async\" width=\"300\" height=\"181\" src=\"https:\/\/plumanegranoticias.com\/wp-content\/uploads\/2025\/06\/img-20250609-wa01298991776953543783468-300x181.jpg\" alt=\"\" class=\"wp-image-10558\" srcset=\"https:\/\/plumanegranoticias.com\/wp-content\/uploads\/2025\/06\/img-20250609-wa01298991776953543783468-300x181.jpg 300w, https:\/\/plumanegranoticias.com\/wp-content\/uploads\/2025\/06\/img-20250609-wa01298991776953543783468-768x464.jpg 768w, https:\/\/plumanegranoticias.com\/wp-content\/uploads\/2025\/06\/img-20250609-wa01298991776953543783468.jpg 878w\" sizes=\"auto, (max-width: 300px) 100vw, 300px\" \/><\/figure>\n","protected":false},"excerpt":{"rendered":"<p>\u00c1ngeles Gonz\u00e1lez CeballosXalapa, Ver., La gobernadora de Veracruz, Roc\u00edo Nahle Garc\u00eda, dijo que no tiene conocimiento hasta este momento de que haya veracruzanos detenidos durante las protestas en el centro de Los \u00c1ngeles tras una serie de redadas inmigratorias en la ciudad, como parte de las medidas inmigratorias del presidente Donald Trump. Sin embargo, afirm\u00f3&#8230; <\/p>\n<div class=\"clear\"><\/div>\n<p><a href=\"https:\/\/plumanegranoticias.com\/?p=10559\" class=\"excerpt-read-more\">Read More<i class=\"fa fa-caret-right icon-caret-right\"><\/i><\/a><\/p>\n","protected":false},"author":2,"featured_media":10561,"comment_status":"open","ping_status":"open","sticky":false,"template":"","format":"standard","meta":{"om_disable_all_campaigns":false,"_monsterinsights_skip_tracking":false,"_monsterinsights_sitenote_active":false,"_monsterinsights_sitenote_note":"","_monsterinsights_sitenote_category":0,"_uf_show_specific_survey":0,"_uf_disable_surveys":false,"footnotes":""},"categories":[1,67,8,12],"tags":[20,22,18],"class_list":["post-10559","post","type-post","status-publish","format-standard","has-post-thumbnail","hentry","category-blog","category-policiaca","category-politica","category-regional","tag-negocios","tag-nota-roja","tag-noticia"],"aioseo_notices":[],"_links":{"self":[{"href":"https:\/\/plumanegranoticias.com\/index.php?rest_route=\/wp\/v2\/posts\/10559","targetHints":{"allow":["GET"]}}],"collection":[{"href":"https:\/\/plumanegranoticias.com\/index.php?rest_route=\/wp\/v2\/posts"}],"about":[{"href":"https:\/\/plumanegranoticias.com\/index.php?rest_route=\/wp\/v2\/types\/post"}],"author":[{"embeddable":true,"href":"https:\/\/plumanegranoticias.com\/index.php?rest_route=\/wp\/v2\/users\/2"}],"replies":[{"embeddable":true,"href":"https:\/\/plumanegranoticias.com\/index.php?rest_route=%2Fwp%2Fv2%2Fcomments&post=10559"}],"version-history":[{"count":1,"href":"https:\/\/plumanegranoticias.com\/index.php?rest_route=\/wp\/v2\/posts\/10559\/revisions"}],"predecessor-version":[{"id":10560,"href":"https:\/\/plumanegranoticias.com\/index.php?rest_route=\/wp\/v2\/posts\/10559\/revisions\/10560"}],"wp:featuredmedia":[{"embeddable":true,"href":"https:\/\/plumanegranoticias.com\/index.php?rest_route=\/wp\/v2\/media\/10561"}],"wp:attachment":[{"href":"https:\/\/plumanegranoticias.com\/index.php?rest_route=%2Fwp%2Fv2%2Fmedia&parent=10559"}],"wp:term":[{"taxonomy":"category","embeddable":true,"href":"https:\/\/plumanegranoticias.com\/index.php?rest_route=%2Fwp%2Fv2%2Fcategories&post=10559"},{"taxonomy":"post_tag","embeddable":true,"href":"https:\/\/plumanegranoticias.com\/index.php?rest_route=%2Fwp%2Fv2%2Ftags&post=10559"}],"curies":[{"name":"wp","href":"https:\/\/api.w.org\/{rel}","templated":true}]}}