{"id":10567,"date":"2025-06-09T13:33:46","date_gmt":"2025-06-09T19:33:46","guid":{"rendered":"https:\/\/plumanegranoticias.com\/?p=10567"},"modified":"2025-06-09T13:34:32","modified_gmt":"2025-06-09T19:34:32","slug":"invita-rector-de-la-uv-a-inconformes-con-su-extension-de-mandato-a-que-participen-en-consulta-de-junta-de-gobierno","status":"publish","type":"post","link":"https:\/\/plumanegranoticias.com\/?p=10567","title":{"rendered":"Invita Rector de la UV a inconformes con su extensi\u00f3n de mandato a que participen en consulta de Junta de Gobierno"},"content":{"rendered":"\n<p>Alejandro \u00c1vila<\/p>\n\n\n\n<p>Boca del R\u00edo, Ver.- La solicitud de pr\u00f3rroga para extender su titularidad en la Rector\u00eda de la UV es legal y leg\u00edtima, asegur\u00f3 Mart\u00edn Aguilar S\u00e1nchez, rector de la Universidad Veracruzana.<\/p>\n\n\n\n<p>En ese sentido explic\u00f3 que, con base en la Ley Org\u00e1nica de la Universidad Veracruzana un Rector puede extender un periodo m\u00e1s, situaci\u00f3n que ir\u00e1 a evaluaci\u00f3n por parte de la Junta de Gobierno.<\/p>\n\n\n\n<p>Al respecto de la protesta que se dio la ma\u00f1ana de este lunes en la ciudad de Xalapa, donde alumnos, docentes y ex acad\u00e9micos est\u00e1n en contra de que \u00e9l extienda su periodo, dijo que toda persona tiene derecho a manifestarse, al tiempo que invit\u00f3 a estas personas a participar en la consulta ciudadana que se har\u00e1.<\/p>\n\n\n\n<p>&#8220;Esta consulta est\u00e1 programada para toda esta semana, No s\u00e9 exactamente porque a la junta de gobierno es a la que le corresponde dar los tiempos. Los profesores, acad\u00e9micos, acad\u00e9micas y estudiantes que tienen reservas en este sentido, tienen toda la libertad de expresarse con toda tranquilidad y sin ning\u00fan problema, no estamos interviniendo para que no se lleve a cabo, para nada. Es muy importante que se lleve a cabo y, si ellos gustan participen en la consulta porque ah\u00ed pueden expresar tambi\u00e9n que no est\u00e1n de acuerdo&#8221;, detall\u00f3.<\/p>\n\n\n\n<figure class=\"wp-block-image size-large\"><img loading=\"lazy\" decoding=\"async\" width=\"1024\" height=\"576\" src=\"https:\/\/plumanegranoticias.com\/wp-content\/uploads\/2025\/06\/img-20250609-wa01243742480323848780951-1024x576.jpg\" alt=\"\" class=\"wp-image-10566\" srcset=\"https:\/\/plumanegranoticias.com\/wp-content\/uploads\/2025\/06\/img-20250609-wa01243742480323848780951-1024x576.jpg 1024w, https:\/\/plumanegranoticias.com\/wp-content\/uploads\/2025\/06\/img-20250609-wa01243742480323848780951-300x169.jpg 300w, https:\/\/plumanegranoticias.com\/wp-content\/uploads\/2025\/06\/img-20250609-wa01243742480323848780951-768x432.jpg 768w, https:\/\/plumanegranoticias.com\/wp-content\/uploads\/2025\/06\/img-20250609-wa01243742480323848780951-1536x864.jpg 1536w, https:\/\/plumanegranoticias.com\/wp-content\/uploads\/2025\/06\/img-20250609-wa01243742480323848780951.jpg 2000w\" sizes=\"auto, (max-width: 1024px) 100vw, 1024px\" \/><\/figure>\n","protected":false},"excerpt":{"rendered":"<p>Alejandro \u00c1vila Boca del R\u00edo, Ver.- La solicitud de pr\u00f3rroga para extender su titularidad en la Rector\u00eda de la UV es legal y leg\u00edtima, asegur\u00f3 Mart\u00edn Aguilar S\u00e1nchez, rector de la Universidad Veracruzana. En ese sentido explic\u00f3 que, con base en la Ley Org\u00e1nica de la Universidad Veracruzana un Rector puede extender un periodo m\u00e1s,&#8230; <\/p>\n<div class=\"clear\"><\/div>\n<p><a href=\"https:\/\/plumanegranoticias.com\/?p=10567\" class=\"excerpt-read-more\">Read More<i class=\"fa fa-caret-right icon-caret-right\"><\/i><\/a><\/p>\n","protected":false},"author":2,"featured_media":10569,"comment_status":"open","ping_status":"open","sticky":false,"template":"","format":"standard","meta":{"om_disable_all_campaigns":false,"_monsterinsights_skip_tracking":false,"_monsterinsights_sitenote_active":false,"_monsterinsights_sitenote_note":"","_monsterinsights_sitenote_category":0,"_uf_show_specific_survey":0,"_uf_disable_surveys":false,"footnotes":""},"categories":[1,67,8],"tags":[20,22,18],"class_list":["post-10567","post","type-post","status-publish","format-standard","has-post-thumbnail","hentry","category-blog","category-policiaca","category-politica","tag-negocios","tag-nota-roja","tag-noticia"],"aioseo_notices":[],"_links":{"self":[{"href":"https:\/\/plumanegranoticias.com\/index.php?rest_route=\/wp\/v2\/posts\/10567","targetHints":{"allow":["GET"]}}],"collection":[{"href":"https:\/\/plumanegranoticias.com\/index.php?rest_route=\/wp\/v2\/posts"}],"about":[{"href":"https:\/\/plumanegranoticias.com\/index.php?rest_route=\/wp\/v2\/types\/post"}],"author":[{"embeddable":true,"href":"https:\/\/plumanegranoticias.com\/index.php?rest_route=\/wp\/v2\/users\/2"}],"replies":[{"embeddable":true,"href":"https:\/\/plumanegranoticias.com\/index.php?rest_route=%2Fwp%2Fv2%2Fcomments&post=10567"}],"version-history":[{"count":1,"href":"https:\/\/plumanegranoticias.com\/index.php?rest_route=\/wp\/v2\/posts\/10567\/revisions"}],"predecessor-version":[{"id":10568,"href":"https:\/\/plumanegranoticias.com\/index.php?rest_route=\/wp\/v2\/posts\/10567\/revisions\/10568"}],"wp:featuredmedia":[{"embeddable":true,"href":"https:\/\/plumanegranoticias.com\/index.php?rest_route=\/wp\/v2\/media\/10569"}],"wp:attachment":[{"href":"https:\/\/plumanegranoticias.com\/index.php?rest_route=%2Fwp%2Fv2%2Fmedia&parent=10567"}],"wp:term":[{"taxonomy":"category","embeddable":true,"href":"https:\/\/plumanegranoticias.com\/index.php?rest_route=%2Fwp%2Fv2%2Fcategories&post=10567"},{"taxonomy":"post_tag","embeddable":true,"href":"https:\/\/plumanegranoticias.com\/index.php?rest_route=%2Fwp%2Fv2%2Ftags&post=10567"}],"curies":[{"name":"wp","href":"https:\/\/api.w.org\/{rel}","templated":true}]}}