{"id":10577,"date":"2025-06-10T12:12:39","date_gmt":"2025-06-10T18:12:39","guid":{"rendered":"https:\/\/plumanegranoticias.com\/?p=10577"},"modified":"2025-06-10T12:13:16","modified_gmt":"2025-06-10T18:13:16","slug":"vinculado-a-proceso-como-probable-responsable-de-los-delitos-de-feminicidio-y-violacion","status":"publish","type":"post","link":"https:\/\/plumanegranoticias.com\/?p=10577","title":{"rendered":"Vinculado a proceso como probable responsable de los delitos de feminicidio y violaci\u00f3n"},"content":{"rendered":"\n<p class=\"MsoNormal\">Papantla, Ver., 10 de junio de 2025.-La Fiscal\u00eda Especializada en Investigaci\u00f3n de Delitos de Violencia Contra la Familia, Mujeres, Ni\u00f1as y Ni\u00f1os y de Trata de Personas obtuvo vinculaci\u00f3n a proceso en contra de Jos\u00e9 \u00c1ngel \u201cN\u201d como probable responsable de los delitos de feminicidio, cometido en agravio de la v\u00edctima identificada con las iniciales A.A.G., y violaci\u00f3n, en agravio de una v\u00edctima de identidad resguardada.<\/p>\n\n\n\n<p class=\"MsoNormal\">Los hechos ocurrieron el 11 de octubre de 2015, sobre un puente ubicado en el tramo carretero El Chote-El Remolino de este municipio, donde presuntamente priv\u00f3 de la vida a A.A.G., arroj\u00e1ndola de dicho puente y posteriormente abus\u00f3 sexualmente de la segunda v\u00edctima de identidad resguardada.<\/p>\n\n\n\n<p class=\"MsoNormal\">El juez ratific\u00f3 la medida cautelar prisi\u00f3n preventiva justificada, dentro del proceso penal 111\/2025.<\/p>\n\n\n\n<figure class=\"wp-block-image size-large\"><img loading=\"lazy\" decoding=\"async\" width=\"1024\" height=\"1024\" src=\"https:\/\/plumanegranoticias.com\/wp-content\/uploads\/2025\/06\/img-20250610-wa00631662251015267844117-1024x1024.jpg\" alt=\"\" class=\"wp-image-10576\" srcset=\"https:\/\/plumanegranoticias.com\/wp-content\/uploads\/2025\/06\/img-20250610-wa00631662251015267844117-1024x1024.jpg 1024w, https:\/\/plumanegranoticias.com\/wp-content\/uploads\/2025\/06\/img-20250610-wa00631662251015267844117-300x300.jpg 300w, https:\/\/plumanegranoticias.com\/wp-content\/uploads\/2025\/06\/img-20250610-wa00631662251015267844117-150x150.jpg 150w, https:\/\/plumanegranoticias.com\/wp-content\/uploads\/2025\/06\/img-20250610-wa00631662251015267844117-768x768.jpg 768w, https:\/\/plumanegranoticias.com\/wp-content\/uploads\/2025\/06\/img-20250610-wa00631662251015267844117-400x400.jpg 400w, https:\/\/plumanegranoticias.com\/wp-content\/uploads\/2025\/06\/img-20250610-wa00631662251015267844117.jpg 1200w\" sizes=\"auto, (max-width: 1024px) 100vw, 1024px\" \/><\/figure>\n\n\n\n<figure class=\"wp-block-image\"><img decoding=\"async\" src=\"file:\/\/\/data\/user\/0\/com.microsoft.office.word\/files\/temp\/msohtmlclip\/clip_image002.png\" alt=\"\"\/><\/figure>\n\n\n\n<figure class=\"wp-block-image\"><img decoding=\"async\" src=\"file:\/\/\/data\/user\/0\/com.microsoft.office.word\/files\/temp\/msohtmlclip\/clip_image004.jpg\" alt=\"\"\/><\/figure>\n","protected":false},"excerpt":{"rendered":"<p>Papantla, Ver., 10 de junio de 2025.-La Fiscal\u00eda Especializada en Investigaci\u00f3n de Delitos de Violencia Contra la Familia, Mujeres, Ni\u00f1as y Ni\u00f1os y de Trata de Personas obtuvo vinculaci\u00f3n a proceso en contra de Jos\u00e9 \u00c1ngel \u201cN\u201d como probable responsable de los delitos de feminicidio, cometido en agravio de la v\u00edctima identificada con las iniciales&#8230; <\/p>\n<div class=\"clear\"><\/div>\n<p><a href=\"https:\/\/plumanegranoticias.com\/?p=10577\" class=\"excerpt-read-more\">Read More<i class=\"fa fa-caret-right icon-caret-right\"><\/i><\/a><\/p>\n","protected":false},"author":2,"featured_media":10579,"comment_status":"open","ping_status":"open","sticky":false,"template":"","format":"standard","meta":{"om_disable_all_campaigns":false,"_monsterinsights_skip_tracking":false,"_monsterinsights_sitenote_active":false,"_monsterinsights_sitenote_note":"","_monsterinsights_sitenote_category":0,"_uf_show_specific_survey":0,"_uf_disable_surveys":false,"footnotes":""},"categories":[1],"tags":[22,18,34],"class_list":["post-10577","post","type-post","status-publish","format-standard","has-post-thumbnail","hentry","category-blog","tag-nota-roja","tag-noticia","tag-policiaca"],"aioseo_notices":[],"_links":{"self":[{"href":"https:\/\/plumanegranoticias.com\/index.php?rest_route=\/wp\/v2\/posts\/10577","targetHints":{"allow":["GET"]}}],"collection":[{"href":"https:\/\/plumanegranoticias.com\/index.php?rest_route=\/wp\/v2\/posts"}],"about":[{"href":"https:\/\/plumanegranoticias.com\/index.php?rest_route=\/wp\/v2\/types\/post"}],"author":[{"embeddable":true,"href":"https:\/\/plumanegranoticias.com\/index.php?rest_route=\/wp\/v2\/users\/2"}],"replies":[{"embeddable":true,"href":"https:\/\/plumanegranoticias.com\/index.php?rest_route=%2Fwp%2Fv2%2Fcomments&post=10577"}],"version-history":[{"count":1,"href":"https:\/\/plumanegranoticias.com\/index.php?rest_route=\/wp\/v2\/posts\/10577\/revisions"}],"predecessor-version":[{"id":10578,"href":"https:\/\/plumanegranoticias.com\/index.php?rest_route=\/wp\/v2\/posts\/10577\/revisions\/10578"}],"wp:featuredmedia":[{"embeddable":true,"href":"https:\/\/plumanegranoticias.com\/index.php?rest_route=\/wp\/v2\/media\/10579"}],"wp:attachment":[{"href":"https:\/\/plumanegranoticias.com\/index.php?rest_route=%2Fwp%2Fv2%2Fmedia&parent=10577"}],"wp:term":[{"taxonomy":"category","embeddable":true,"href":"https:\/\/plumanegranoticias.com\/index.php?rest_route=%2Fwp%2Fv2%2Fcategories&post=10577"},{"taxonomy":"post_tag","embeddable":true,"href":"https:\/\/plumanegranoticias.com\/index.php?rest_route=%2Fwp%2Fv2%2Ftags&post=10577"}],"curies":[{"name":"wp","href":"https:\/\/api.w.org\/{rel}","templated":true}]}}