{"id":10585,"date":"2025-06-10T13:18:09","date_gmt":"2025-06-10T19:18:09","guid":{"rendered":"https:\/\/plumanegranoticias.com\/?p=10585"},"modified":"2025-06-10T13:18:48","modified_gmt":"2025-06-10T19:18:48","slug":"lista-de-lesionados-en-accidente-de-ado-la-tinaja-acayucan","status":"publish","type":"post","link":"https:\/\/plumanegranoticias.com\/?p=10585","title":{"rendered":"Lista de lesionados en accidente de ADO La Tinaja-Acayucan"},"content":{"rendered":"\n<p>Lista de lesionados del choque de ADO &amp; tr\u00e1iler sobre la autopista Tinaja-Acayucan:<\/p>\n\n\n\n<p>Matilde Mesme Garc\u00eda, 59 a\u00f1os, Orizaba, Veracruz.<br>Mois\u00e9s Rodr\u00edguez Carrera, 56 a\u00f1os, Orizaba.<br>Ignacio Alejandro Dom\u00ednguez Rivera, 61 a\u00f1os,Orizaba.<br>Argelia Quiroga Contreras, 59 a\u00f1os, Tlaxcala.<br>Gilberto Canul Rivera, 54 .<br>Neris Jim\u00e9nez P\u00e9rez,43 a\u00f1os.<br>Manuel Morales Garc\u00eda,23 a\u00f1os.<br>Albilda de la Cruz S\u00e1nchez,60 a\u00f1os.<br>Nelson Ronzon Ram\u00edrez,50 a\u00f1os, de Puebla.<br>Fortunata Espinoza Bautista,60 a\u00f1os, de M\u00e9rida, Yucat\u00e1n.<br>Enrique Fuentes, 43 a\u00f1os,Balastrera.<br>Carmelo Cid, 53 a\u00f1os, de C\u00f3rdoba.<br>Ricardo Hern\u00e1ndez Rojas, 35, Chilpancingo, Guerrero.<br>Fernando Jos\u00e9 Ju\u00e1rez Contreras, 18 a\u00f1os, de Puebla.<br>Dyron Michel Ju\u00e1rez Contreras , 20 a\u00f1os, de Puebla.<br>Claudio Fernando Galicia Flores, 30 a\u00f1os,de Puebla.<br>Angel Said Castro Hern\u00e1ndez, 23 a\u00f1os, Orizaba.<br>Susana Esteven de Marcos, 60, de Tlaxcala.<br>Reyna Olla Sangu\u00edneo, 52, de Puebla.<br>Juan Javier Silva Guti\u00e9rrez,21 a\u00f1os, Puebla.<br>Javier Benito P\u00e9rez,56, de Poza Rica.<br>Matilde Nezne Garc\u00eda, 59, Orizaba.<br>Gilberto Canul Rivera, 53, C\u00f3rdoba, Veracruz.<br>Rosa Evelia Mu\u00f1oz Romero, 89 a\u00f1os, Villa Hermosa,Tabasco.<br>Jos\u00e9 Alberto Baez, 33 a\u00f1os, Puebla.<br>Carmen M\u00e9ndez S\u00e1nchez,53 a\u00f1os, C\u00f3rdoba.<\/p>\n\n\n\n<figure class=\"wp-block-image size-large\"><img loading=\"lazy\" decoding=\"async\" width=\"770\" height=\"1024\" src=\"https:\/\/plumanegranoticias.com\/wp-content\/uploads\/2025\/06\/img-20250610-wa0039228850575944580680-770x1024.jpg\" alt=\"\" class=\"wp-image-10584\" srcset=\"https:\/\/plumanegranoticias.com\/wp-content\/uploads\/2025\/06\/img-20250610-wa0039228850575944580680-770x1024.jpg 770w, https:\/\/plumanegranoticias.com\/wp-content\/uploads\/2025\/06\/img-20250610-wa0039228850575944580680-226x300.jpg 226w, https:\/\/plumanegranoticias.com\/wp-content\/uploads\/2025\/06\/img-20250610-wa0039228850575944580680-768x1021.jpg 768w, https:\/\/plumanegranoticias.com\/wp-content\/uploads\/2025\/06\/img-20250610-wa0039228850575944580680.jpg 963w\" sizes=\"auto, (max-width: 770px) 100vw, 770px\" \/><\/figure>\n","protected":false},"excerpt":{"rendered":"<p>Lista de lesionados del choque de ADO &amp; tr\u00e1iler sobre la autopista Tinaja-Acayucan: Matilde Mesme Garc\u00eda, 59 a\u00f1os, Orizaba, Veracruz.Mois\u00e9s Rodr\u00edguez Carrera, 56 a\u00f1os, Orizaba.Ignacio Alejandro Dom\u00ednguez Rivera, 61 a\u00f1os,Orizaba.Argelia Quiroga Contreras, 59 a\u00f1os, Tlaxcala.Gilberto Canul Rivera, 54 .Neris Jim\u00e9nez P\u00e9rez,43 a\u00f1os.Manuel Morales Garc\u00eda,23 a\u00f1os.Albilda de la Cruz S\u00e1nchez,60 a\u00f1os.Nelson Ronzon Ram\u00edrez,50 a\u00f1os, de Puebla.Fortunata&#8230; <\/p>\n<div class=\"clear\"><\/div>\n<p><a href=\"https:\/\/plumanegranoticias.com\/?p=10585\" class=\"excerpt-read-more\">Read More<i class=\"fa fa-caret-right icon-caret-right\"><\/i><\/a><\/p>\n","protected":false},"author":2,"featured_media":10587,"comment_status":"open","ping_status":"open","sticky":false,"template":"","format":"standard","meta":{"om_disable_all_campaigns":false,"_monsterinsights_skip_tracking":false,"_monsterinsights_sitenote_active":false,"_monsterinsights_sitenote_note":"","_monsterinsights_sitenote_category":0,"_uf_show_specific_survey":0,"_uf_disable_surveys":false,"footnotes":""},"categories":[67,8,12],"tags":[20,22,18,30],"class_list":["post-10585","post","type-post","status-publish","format-standard","has-post-thumbnail","hentry","category-policiaca","category-politica","category-regional","tag-negocios","tag-nota-roja","tag-noticia","tag-plumazos"],"aioseo_notices":[],"_links":{"self":[{"href":"https:\/\/plumanegranoticias.com\/index.php?rest_route=\/wp\/v2\/posts\/10585","targetHints":{"allow":["GET"]}}],"collection":[{"href":"https:\/\/plumanegranoticias.com\/index.php?rest_route=\/wp\/v2\/posts"}],"about":[{"href":"https:\/\/plumanegranoticias.com\/index.php?rest_route=\/wp\/v2\/types\/post"}],"author":[{"embeddable":true,"href":"https:\/\/plumanegranoticias.com\/index.php?rest_route=\/wp\/v2\/users\/2"}],"replies":[{"embeddable":true,"href":"https:\/\/plumanegranoticias.com\/index.php?rest_route=%2Fwp%2Fv2%2Fcomments&post=10585"}],"version-history":[{"count":1,"href":"https:\/\/plumanegranoticias.com\/index.php?rest_route=\/wp\/v2\/posts\/10585\/revisions"}],"predecessor-version":[{"id":10586,"href":"https:\/\/plumanegranoticias.com\/index.php?rest_route=\/wp\/v2\/posts\/10585\/revisions\/10586"}],"wp:featuredmedia":[{"embeddable":true,"href":"https:\/\/plumanegranoticias.com\/index.php?rest_route=\/wp\/v2\/media\/10587"}],"wp:attachment":[{"href":"https:\/\/plumanegranoticias.com\/index.php?rest_route=%2Fwp%2Fv2%2Fmedia&parent=10585"}],"wp:term":[{"taxonomy":"category","embeddable":true,"href":"https:\/\/plumanegranoticias.com\/index.php?rest_route=%2Fwp%2Fv2%2Fcategories&post=10585"},{"taxonomy":"post_tag","embeddable":true,"href":"https:\/\/plumanegranoticias.com\/index.php?rest_route=%2Fwp%2Fv2%2Ftags&post=10585"}],"curies":[{"name":"wp","href":"https:\/\/api.w.org\/{rel}","templated":true}]}}