{"id":10612,"date":"2025-06-11T11:35:03","date_gmt":"2025-06-11T17:35:03","guid":{"rendered":"https:\/\/plumanegranoticias.com\/?p=10612"},"modified":"2025-06-11T11:35:20","modified_gmt":"2025-06-11T17:35:20","slug":"detenida-como-probable-responsable-del-delito-de-homicidio-calificado","status":"publish","type":"post","link":"https:\/\/plumanegranoticias.com\/?p=10612","title":{"rendered":"DETENIDA COMO PROBABLE RESPONSABLE DEL DELITO DE HOMICIDIO CALIFICADO"},"content":{"rendered":"\n<p class=\"MsoNormal\">T<strong>uxpan, Ver., a 11 de junio de 2025.-<\/strong>La Fiscal\u00eda General del Estado informa que, elementos de la Polic\u00eda Ministerial cumplimentaron una orden de detenci\u00f3n por caso urgente, en contra de Marcela \u201cN\u201d como probable responsable del delito de homicidio calificado, cometido en agravio de la v\u00edctima identificada con las iniciales I.H.G.<\/p>\n\n\n\n<p class=\"MsoNormal\">Los hechos ocurrieron el 10 de junio del presente a\u00f1o, al interior del domicilio de Marcela \u201cN\u201d donde presuntamente agredi\u00f3 la v\u00edctima, quien resultaba ser su esposo, con un objeto contundente, priv\u00e1ndole de la vida.<\/p>\n\n\n\n<figure class=\"wp-block-image\"><img decoding=\"async\" src=\"file:\/\/\/data\/user\/0\/com.microsoft.office.word\/files\/temp\/msohtmlclip\/clip_image002.png\" alt=\"\"\/><\/figure>\n\n\n\n<figure class=\"wp-block-image size-large\"><img loading=\"lazy\" decoding=\"async\" width=\"1024\" height=\"1024\" src=\"https:\/\/plumanegranoticias.com\/wp-content\/uploads\/2025\/06\/img-20250611-wa0042852701170648610893-1024x1024.jpg\" alt=\"\" class=\"wp-image-10611\" srcset=\"https:\/\/plumanegranoticias.com\/wp-content\/uploads\/2025\/06\/img-20250611-wa0042852701170648610893-1024x1024.jpg 1024w, https:\/\/plumanegranoticias.com\/wp-content\/uploads\/2025\/06\/img-20250611-wa0042852701170648610893-300x300.jpg 300w, https:\/\/plumanegranoticias.com\/wp-content\/uploads\/2025\/06\/img-20250611-wa0042852701170648610893-150x150.jpg 150w, https:\/\/plumanegranoticias.com\/wp-content\/uploads\/2025\/06\/img-20250611-wa0042852701170648610893-768x768.jpg 768w, https:\/\/plumanegranoticias.com\/wp-content\/uploads\/2025\/06\/img-20250611-wa0042852701170648610893-400x400.jpg 400w, https:\/\/plumanegranoticias.com\/wp-content\/uploads\/2025\/06\/img-20250611-wa0042852701170648610893.jpg 1200w\" sizes=\"auto, (max-width: 1024px) 100vw, 1024px\" \/><\/figure>\n\n\n\n<p class=\"MsoNormal\">En respeto a sus derechos humanos y al debido proceso, ser\u00e1 presentada ante el Fiscal correspondiente de la Fiscal\u00eda Regional Tuxpan para que defina su situaci\u00f3n jur\u00eddica.<\/p>\n\n\n\n<figure class=\"wp-block-image\"><img decoding=\"async\" src=\"file:\/\/\/data\/user\/0\/com.microsoft.office.word\/files\/temp\/msohtmlclip\/clip_image004.jpg\" alt=\"\"\/><\/figure>\n","protected":false},"excerpt":{"rendered":"<p>Tuxpan, Ver., a 11 de junio de 2025.-La Fiscal\u00eda General del Estado informa que, elementos de la Polic\u00eda Ministerial cumplimentaron una orden de detenci\u00f3n por caso urgente, en contra de Marcela \u201cN\u201d como probable responsable del delito de homicidio calificado, cometido en agravio de la v\u00edctima identificada con las iniciales I.H.G. Los hechos ocurrieron el&#8230; <\/p>\n<div class=\"clear\"><\/div>\n<p><a href=\"https:\/\/plumanegranoticias.com\/?p=10612\" class=\"excerpt-read-more\">Read More<i class=\"fa fa-caret-right icon-caret-right\"><\/i><\/a><\/p>\n","protected":false},"author":2,"featured_media":10614,"comment_status":"open","ping_status":"open","sticky":false,"template":"","format":"standard","meta":{"om_disable_all_campaigns":false,"_monsterinsights_skip_tracking":false,"_monsterinsights_sitenote_active":false,"_monsterinsights_sitenote_note":"","_monsterinsights_sitenote_category":0,"_uf_show_specific_survey":0,"_uf_disable_surveys":false,"footnotes":""},"categories":[67,8,12],"tags":[22,30],"class_list":["post-10612","post","type-post","status-publish","format-standard","has-post-thumbnail","hentry","category-policiaca","category-politica","category-regional","tag-nota-roja","tag-plumazos"],"aioseo_notices":[],"_links":{"self":[{"href":"https:\/\/plumanegranoticias.com\/index.php?rest_route=\/wp\/v2\/posts\/10612","targetHints":{"allow":["GET"]}}],"collection":[{"href":"https:\/\/plumanegranoticias.com\/index.php?rest_route=\/wp\/v2\/posts"}],"about":[{"href":"https:\/\/plumanegranoticias.com\/index.php?rest_route=\/wp\/v2\/types\/post"}],"author":[{"embeddable":true,"href":"https:\/\/plumanegranoticias.com\/index.php?rest_route=\/wp\/v2\/users\/2"}],"replies":[{"embeddable":true,"href":"https:\/\/plumanegranoticias.com\/index.php?rest_route=%2Fwp%2Fv2%2Fcomments&post=10612"}],"version-history":[{"count":1,"href":"https:\/\/plumanegranoticias.com\/index.php?rest_route=\/wp\/v2\/posts\/10612\/revisions"}],"predecessor-version":[{"id":10613,"href":"https:\/\/plumanegranoticias.com\/index.php?rest_route=\/wp\/v2\/posts\/10612\/revisions\/10613"}],"wp:featuredmedia":[{"embeddable":true,"href":"https:\/\/plumanegranoticias.com\/index.php?rest_route=\/wp\/v2\/media\/10614"}],"wp:attachment":[{"href":"https:\/\/plumanegranoticias.com\/index.php?rest_route=%2Fwp%2Fv2%2Fmedia&parent=10612"}],"wp:term":[{"taxonomy":"category","embeddable":true,"href":"https:\/\/plumanegranoticias.com\/index.php?rest_route=%2Fwp%2Fv2%2Fcategories&post=10612"},{"taxonomy":"post_tag","embeddable":true,"href":"https:\/\/plumanegranoticias.com\/index.php?rest_route=%2Fwp%2Fv2%2Ftags&post=10612"}],"curies":[{"name":"wp","href":"https:\/\/api.w.org\/{rel}","templated":true}]}}