{"id":10626,"date":"2025-06-11T11:39:55","date_gmt":"2025-06-11T17:39:55","guid":{"rendered":"https:\/\/plumanegranoticias.com\/?p=10626"},"modified":"2025-06-11T11:40:31","modified_gmt":"2025-06-11T17:40:31","slug":"liberan-a-dos-personas-detenidas-con-presunta-droga-en-fortin-decision-judicial-causa-inconformidad","status":"publish","type":"post","link":"https:\/\/plumanegranoticias.com\/?p=10626","title":{"rendered":"Liberan a dos personas detenidas con presunta droga en Fort\u00edn; decisi\u00f3n judicial causa inconformidad"},"content":{"rendered":"\n<p>Fort\u00edn, Ver. \u2014 Malestar entre vecinos ha generado la reciente liberaci\u00f3n de dos personas detenidas en un operativo por delitos contra la salud, en el fraccionamiento Villitas de este municipio.<\/p>\n\n\n\n<figure class=\"wp-block-image size-large\"><img loading=\"lazy\" decoding=\"async\" width=\"1024\" height=\"1024\" src=\"https:\/\/plumanegranoticias.com\/wp-content\/uploads\/2025\/06\/img-20250611-wa00463174400323169844895-1024x1024.jpg\" alt=\"\" class=\"wp-image-10625\" srcset=\"https:\/\/plumanegranoticias.com\/wp-content\/uploads\/2025\/06\/img-20250611-wa00463174400323169844895-1024x1024.jpg 1024w, https:\/\/plumanegranoticias.com\/wp-content\/uploads\/2025\/06\/img-20250611-wa00463174400323169844895-300x300.jpg 300w, https:\/\/plumanegranoticias.com\/wp-content\/uploads\/2025\/06\/img-20250611-wa00463174400323169844895-150x150.jpg 150w, https:\/\/plumanegranoticias.com\/wp-content\/uploads\/2025\/06\/img-20250611-wa00463174400323169844895-768x768.jpg 768w, https:\/\/plumanegranoticias.com\/wp-content\/uploads\/2025\/06\/img-20250611-wa00463174400323169844895-400x400.jpg 400w, https:\/\/plumanegranoticias.com\/wp-content\/uploads\/2025\/06\/img-20250611-wa00463174400323169844895.jpg 1200w\" sizes=\"auto, (max-width: 1024px) 100vw, 1024px\" \/><\/figure>\n\n\n\n<p>Durante la acci\u00f3n, realizada mediante una orden de cateo autorizada por un juez penal, elementos de seguridad detuvieron en flagrancia a Mar\u00eda del Rosario \u201cN\u201d y Eduardo \u201cN\u201d. En el lugar se asegur\u00f3 una sustancia blanca, hierba seca con caracter\u00edsticas similares a la marihuana, dinero en efectivo, b\u00e1sculas grameras, bolsas tipo ziploc, un despicador de marihuana, tel\u00e9fonos celulares, una libreta con anotaciones de nombres y cantidades, cartuchos \u00fatiles, una identificaci\u00f3n oficial y varias tarjetas.<\/p>\n\n\n\n<p>Ambas personas fueron puestas a disposici\u00f3n de la Fiscal\u00eda, que integr\u00f3 la carpeta de investigaci\u00f3n correspondiente con base en los indicios recabados.<\/p>\n\n\n\n<p>Sin embargo, tras la audiencia inicial, una jueza con sede en La Toma, municipio de Amatl\u00e1n de los Reyes, determin\u00f3 no vincular a proceso a los detenidos, permitiendo su liberaci\u00f3n. Esta decisi\u00f3n ha generado cuestionamientos entre habitantes de la zona, quienes expresaron su preocupaci\u00f3n por la resoluci\u00f3n judicial pese a los elementos asegurados durante el cateo.<\/p>\n\n\n\n<p>Hasta el momento, no se ha emitido un posicionamiento oficial por parte del Poder Judicial del Estado de Veracruz respecto a los motivos que sustentaron la decisi\u00f3n.<\/p>\n","protected":false},"excerpt":{"rendered":"<p>Fort\u00edn, Ver. \u2014 Malestar entre vecinos ha generado la reciente liberaci\u00f3n de dos personas detenidas en un operativo por delitos contra la salud, en el fraccionamiento Villitas de este municipio. Durante la acci\u00f3n, realizada mediante una orden de cateo autorizada por un juez penal, elementos de seguridad detuvieron en flagrancia a Mar\u00eda del Rosario \u201cN\u201d&#8230; <\/p>\n<div class=\"clear\"><\/div>\n<p><a href=\"https:\/\/plumanegranoticias.com\/?p=10626\" class=\"excerpt-read-more\">Read More<i class=\"fa fa-caret-right icon-caret-right\"><\/i><\/a><\/p>\n","protected":false},"author":2,"featured_media":10624,"comment_status":"open","ping_status":"open","sticky":false,"template":"","format":"standard","meta":{"om_disable_all_campaigns":false,"_monsterinsights_skip_tracking":false,"_monsterinsights_sitenote_active":false,"_monsterinsights_sitenote_note":"","_monsterinsights_sitenote_category":0,"_uf_show_specific_survey":0,"_uf_disable_surveys":false,"footnotes":""},"categories":[8,12],"tags":[22,18,34],"class_list":["post-10626","post","type-post","status-publish","format-standard","has-post-thumbnail","hentry","category-politica","category-regional","tag-nota-roja","tag-noticia","tag-policiaca"],"aioseo_notices":[],"_links":{"self":[{"href":"https:\/\/plumanegranoticias.com\/index.php?rest_route=\/wp\/v2\/posts\/10626","targetHints":{"allow":["GET"]}}],"collection":[{"href":"https:\/\/plumanegranoticias.com\/index.php?rest_route=\/wp\/v2\/posts"}],"about":[{"href":"https:\/\/plumanegranoticias.com\/index.php?rest_route=\/wp\/v2\/types\/post"}],"author":[{"embeddable":true,"href":"https:\/\/plumanegranoticias.com\/index.php?rest_route=\/wp\/v2\/users\/2"}],"replies":[{"embeddable":true,"href":"https:\/\/plumanegranoticias.com\/index.php?rest_route=%2Fwp%2Fv2%2Fcomments&post=10626"}],"version-history":[{"count":1,"href":"https:\/\/plumanegranoticias.com\/index.php?rest_route=\/wp\/v2\/posts\/10626\/revisions"}],"predecessor-version":[{"id":10627,"href":"https:\/\/plumanegranoticias.com\/index.php?rest_route=\/wp\/v2\/posts\/10626\/revisions\/10627"}],"wp:featuredmedia":[{"embeddable":true,"href":"https:\/\/plumanegranoticias.com\/index.php?rest_route=\/wp\/v2\/media\/10624"}],"wp:attachment":[{"href":"https:\/\/plumanegranoticias.com\/index.php?rest_route=%2Fwp%2Fv2%2Fmedia&parent=10626"}],"wp:term":[{"taxonomy":"category","embeddable":true,"href":"https:\/\/plumanegranoticias.com\/index.php?rest_route=%2Fwp%2Fv2%2Fcategories&post=10626"},{"taxonomy":"post_tag","embeddable":true,"href":"https:\/\/plumanegranoticias.com\/index.php?rest_route=%2Fwp%2Fv2%2Ftags&post=10626"}],"curies":[{"name":"wp","href":"https:\/\/api.w.org\/{rel}","templated":true}]}}