{"id":10638,"date":"2025-06-11T13:27:30","date_gmt":"2025-06-11T19:27:30","guid":{"rendered":"https:\/\/plumanegranoticias.com\/?p=10638"},"modified":"2025-06-11T13:27:51","modified_gmt":"2025-06-11T19:27:51","slug":"tras-derrota-electoral-cobraran-conciertos-en-feria-de-huatusco","status":"publish","type":"post","link":"https:\/\/plumanegranoticias.com\/?p=10638","title":{"rendered":"Tras derrota electoral cobrar\u00e1n conciertos en Feria de Huatusco"},"content":{"rendered":"\n<p>Alejandro \u00c1vila<\/p>\n\n\n\n<p>Huatusco, Ver.- Tras la derrota electoral el pasado 1 de junio, donde el alcalde, Ventura Demuner Torres no pudo lograr que el abanderado de Morena consiguiera la victoria, apareci\u00f3 de forma repentina la zona VIP para la Feria Patronal de San Antonio de Padua.<\/p>\n\n\n\n<p>Ciudadanos se\u00f1alaron en redes sociales que esto se trata de un castigo para los votantes, pues en un inicio la publicidad dec\u00eda que los conciertos masivos ser\u00edan totalmente gratuitos y, ahora, ciertas zonas tienen un costo de hasta 4 mil pesos.<\/p>\n\n\n\n<p>Cabe recordar que el pasado 1 de junio, el candidato Morena, Alejandro Porras Mar\u00edn, sucumbi\u00f3 ante el panista, Alberto Ursino M\u00e9ndez G\u00e1lvez, por casi el doble de votos; en la planilla de Morena iba como S\u00edndica la esposa del actual alcalde de Huatusco, Norma Ram\u00edrez Mu\u00f1oz.<\/p>\n\n\n\n<p>El 29 de marzo, el Ayuntamiento de Huatusco public\u00f3 la cartelera oficial: &#8220;\u00a1Todos los eventos son de entrada general y sin costo!&#8221;. El anuncio, a\u00fan visible en redes sociales, especificaba que los &#8220;S\u00faper Bailazos&#8221; con artistas como Bronco ser\u00edan gratuitos del 13 al 15 de junio.<\/p>\n\n\n\n<figure class=\"wp-block-image size-large\"><img loading=\"lazy\" decoding=\"async\" width=\"899\" height=\"1024\" src=\"https:\/\/plumanegranoticias.com\/wp-content\/uploads\/2025\/06\/img-20250611-wa00837208103946740341923-899x1024.jpg\" alt=\"\" class=\"wp-image-10637\" srcset=\"https:\/\/plumanegranoticias.com\/wp-content\/uploads\/2025\/06\/img-20250611-wa00837208103946740341923-899x1024.jpg 899w, https:\/\/plumanegranoticias.com\/wp-content\/uploads\/2025\/06\/img-20250611-wa00837208103946740341923-263x300.jpg 263w, https:\/\/plumanegranoticias.com\/wp-content\/uploads\/2025\/06\/img-20250611-wa00837208103946740341923-768x875.jpg 768w, https:\/\/plumanegranoticias.com\/wp-content\/uploads\/2025\/06\/img-20250611-wa00837208103946740341923.jpg 1080w\" sizes=\"auto, (max-width: 899px) 100vw, 899px\" \/><\/figure>\n","protected":false},"excerpt":{"rendered":"<p>Alejandro \u00c1vila Huatusco, Ver.- Tras la derrota electoral el pasado 1 de junio, donde el alcalde, Ventura Demuner Torres no pudo lograr que el abanderado de Morena consiguiera la victoria, apareci\u00f3 de forma repentina la zona VIP para la Feria Patronal de San Antonio de Padua. Ciudadanos se\u00f1alaron en redes sociales que esto se trata&#8230; <\/p>\n<div class=\"clear\"><\/div>\n<p><a href=\"https:\/\/plumanegranoticias.com\/?p=10638\" class=\"excerpt-read-more\">Read More<i class=\"fa fa-caret-right icon-caret-right\"><\/i><\/a><\/p>\n","protected":false},"author":2,"featured_media":10640,"comment_status":"open","ping_status":"open","sticky":false,"template":"","format":"standard","meta":{"om_disable_all_campaigns":false,"_monsterinsights_skip_tracking":false,"_monsterinsights_sitenote_active":false,"_monsterinsights_sitenote_note":"","_monsterinsights_sitenote_category":0,"_uf_show_specific_survey":0,"_uf_disable_surveys":false,"footnotes":""},"categories":[8,12,11,10],"tags":[34,61,19],"class_list":["post-10638","post","type-post","status-publish","format-standard","has-post-thumbnail","hentry","category-politica","category-regional","category-reporte-ciudadano","category-sociales","tag-policiaca","tag-politica","tag-regional"],"aioseo_notices":[],"_links":{"self":[{"href":"https:\/\/plumanegranoticias.com\/index.php?rest_route=\/wp\/v2\/posts\/10638","targetHints":{"allow":["GET"]}}],"collection":[{"href":"https:\/\/plumanegranoticias.com\/index.php?rest_route=\/wp\/v2\/posts"}],"about":[{"href":"https:\/\/plumanegranoticias.com\/index.php?rest_route=\/wp\/v2\/types\/post"}],"author":[{"embeddable":true,"href":"https:\/\/plumanegranoticias.com\/index.php?rest_route=\/wp\/v2\/users\/2"}],"replies":[{"embeddable":true,"href":"https:\/\/plumanegranoticias.com\/index.php?rest_route=%2Fwp%2Fv2%2Fcomments&post=10638"}],"version-history":[{"count":1,"href":"https:\/\/plumanegranoticias.com\/index.php?rest_route=\/wp\/v2\/posts\/10638\/revisions"}],"predecessor-version":[{"id":10639,"href":"https:\/\/plumanegranoticias.com\/index.php?rest_route=\/wp\/v2\/posts\/10638\/revisions\/10639"}],"wp:featuredmedia":[{"embeddable":true,"href":"https:\/\/plumanegranoticias.com\/index.php?rest_route=\/wp\/v2\/media\/10640"}],"wp:attachment":[{"href":"https:\/\/plumanegranoticias.com\/index.php?rest_route=%2Fwp%2Fv2%2Fmedia&parent=10638"}],"wp:term":[{"taxonomy":"category","embeddable":true,"href":"https:\/\/plumanegranoticias.com\/index.php?rest_route=%2Fwp%2Fv2%2Fcategories&post=10638"},{"taxonomy":"post_tag","embeddable":true,"href":"https:\/\/plumanegranoticias.com\/index.php?rest_route=%2Fwp%2Fv2%2Ftags&post=10638"}],"curies":[{"name":"wp","href":"https:\/\/api.w.org\/{rel}","templated":true}]}}