{"id":10649,"date":"2025-06-11T14:59:25","date_gmt":"2025-06-11T20:59:25","guid":{"rendered":"https:\/\/plumanegranoticias.com\/?p=10649"},"modified":"2025-06-11T15:00:00","modified_gmt":"2025-06-11T21:00:00","slug":"sin-resultados-y-sin-sistema-ople-veracruz-pierde-confianza-en-eleccion-judicial-estatal","status":"publish","type":"post","link":"https:\/\/plumanegranoticias.com\/?p=10649","title":{"rendered":"SIN RESULTADOS Y SIN SISTEMA, OPLE VERACRUZ PIERDE CONFIANZA EN ELECCION JUDICIAL ESTATAL"},"content":{"rendered":"\n<p class=\"Cuerpo\">Ignacio Alvarez<\/p>\n\n\n\n<p class=\"Cuerpo\">Xalapa, Ver., En la \u00faltima semana, el Organismo P\u00fablico Local Electoral (OPLE), enred\u00f3 los resultados de la elecci\u00f3n del Poder Judicial del Estado de Veracruz y perdi\u00f3 la confianza de los aspirantes a los 98 cargos y de los veracruzanos que participaron en ese primer proceso electoral el 1 de junio.<\/p>\n\n\n\n<p class=\"Cuerpo\">Este martes, ante la presi\u00f3n de los candidatos por saber los resultados, el OPLE emiti\u00f3 un comunicado en el que reconoce que no funcion\u00f3 el sistema de c\u00f3mputo operado por la Unidad T\u00e9cnica de Servicios Inform\u00e1ticos del organismo y que, a 10 d\u00edas de las elecci\u00f3n no hay resultados, que el conteo se har\u00e1 manual y que las boletas se encuentran en las bodegas de 27 de los 30 distritos electorales del estado de Veracruz.<\/p>\n\n\n\n<p class=\"Cuerpo\">De acuerdo a los aspirantes, el OPLE perdi\u00f3 al menos dos de los seis principios que lo rigen; Certeza y Objetividad, ya que el c\u00f3mputo se detuvo apenas unas horas de su inicio el pasado domingo y los paquetes electorales se guardaron por nueve d\u00edas en las bodegas lo que puso en duda los principios de la funci\u00f3n electoral del organismo local.<\/p>\n\n\n\n<p class=\"Cuerpo\">Algunos de los candidatos consideran que es necesario la renuncia de los siete integrantes del Consejo General del OPLE, por la incertidumbre en la elecci\u00f3n de una magistratura y jueces para el Tribunal de Poder Judicial del Estado de Veracruz.<\/p>\n\n\n\n<p class=\"Cuerpo\">El OPLE, admiti\u00f3 en su comunicado que se registraron inconsistencias en cuanto al n\u00famero de votos que aparec\u00edan, que no guardaban coherencia ni l\u00f3gica con respecto al n\u00famero de paquetes computados en los consejos municipales habilitados y que al detectarse datos duplicados para algunas de las candidaturas, se determin\u00f3 detener la captura de la informaci\u00f3n.<\/p>\n\n\n\n<p class=\"Cuerpo\">Ante las circunstancias, el OPLE determin\u00f3 reiniciar el c\u00f3mputo el d\u00eda 9 de junio, sin embargo, tampoco se realiz\u00f3 y se reprogram\u00f3 para el viernes 13 de junio a m\u00e1s tardar, seg\u00fan el comunicado.<\/p>\n\n\n\n<p class=\"Cuerpo\">Se\u00f1ala el organismo que debido a las irregularidades, se quedan sin efecto todas las actas levantadas en el escrutinio mal hecho por los consejos municipales y se realizar\u00e1 el conteo en 27 de las 30 cabeceras distritales locales con la presencia de un notario publico para dar fe de la transparencia\u00a0 y legalidad del proceso. Adem\u00e1s de que se transmitir\u00e1 en vivo el escrutinio de los votos.<\/p>\n\n\n\n<p class=\"Cuerpo\">Tambi\u00e9n destaca que el OPLE ha actuado en todo momento con apego a la ley y ha cumplido con su responsabilidad constitucional y legal hasta que haya concluido la fase de resultados de la elecci\u00f3n judicial y se entreguen las constancias de mayor\u00eda a los ganadores de la elecci\u00f3n del pasado 1 de junio.<\/p>\n\n\n\n<p class=\"Cuerpo\">\u00a0<\/p>\n\n\n\n<figure class=\"wp-block-image size-large\"><img loading=\"lazy\" decoding=\"async\" width=\"300\" height=\"191\" src=\"https:\/\/plumanegranoticias.com\/wp-content\/uploads\/2025\/06\/img-20250610-wa0162114567198069155054-300x191.jpg\" alt=\"\" class=\"wp-image-10647\" srcset=\"https:\/\/plumanegranoticias.com\/wp-content\/uploads\/2025\/06\/img-20250610-wa0162114567198069155054-300x191.jpg 300w, https:\/\/plumanegranoticias.com\/wp-content\/uploads\/2025\/06\/img-20250610-wa0162114567198069155054-768x489.jpg 768w, https:\/\/plumanegranoticias.com\/wp-content\/uploads\/2025\/06\/img-20250610-wa0162114567198069155054.jpg 788w\" sizes=\"auto, (max-width: 300px) 100vw, 300px\" \/><\/figure>\n\n\n\n<figure class=\"wp-block-image\"><img loading=\"lazy\" decoding=\"async\" width=\"1024\" height=\"683\" src=\"https:\/\/plumanegranoticias.com\/wp-content\/uploads\/2025\/06\/img-20250605-wa00015585575560598434423-1024x683.jpg\" alt=\"\" class=\"wp-image-10648\" srcset=\"https:\/\/plumanegranoticias.com\/wp-content\/uploads\/2025\/06\/img-20250605-wa00015585575560598434423-1024x683.jpg 1024w, https:\/\/plumanegranoticias.com\/wp-content\/uploads\/2025\/06\/img-20250605-wa00015585575560598434423-300x200.jpg 300w, https:\/\/plumanegranoticias.com\/wp-content\/uploads\/2025\/06\/img-20250605-wa00015585575560598434423-768x512.jpg 768w, https:\/\/plumanegranoticias.com\/wp-content\/uploads\/2025\/06\/img-20250605-wa00015585575560598434423.jpg 1461w\" sizes=\"auto, (max-width: 1024px) 100vw, 1024px\" \/><\/figure>\n\n\n\n<p class=\"Cuerpo\">&nbsp;<\/p>\n\n\n\n<p class=\"Cuerpo\">&nbsp;<\/p>\n\n\n\n<p class=\"Cuerpo\">&nbsp;<\/p>\n\n\n\n<p class=\"Cuerpo\">&nbsp;<\/p>\n\n\n\n<p class=\"Cuerpo\">&nbsp;<\/p>\n\n\n\n<p class=\"Cuerpo\">&nbsp;<\/p>\n\n\n\n<p class=\"Cuerpo\">&nbsp;<\/p>\n\n\n\n<p class=\"Cuerpo\">&nbsp;<\/p>\n\n\n\n<p class=\"Cuerpo\">&nbsp;<\/p>\n\n\n\n<p class=\"Cuerpo\">&nbsp;<\/p>\n","protected":false},"excerpt":{"rendered":"<p>Ignacio Alvarez Xalapa, Ver., En la \u00faltima semana, el Organismo P\u00fablico Local Electoral (OPLE), enred\u00f3 los resultados de la elecci\u00f3n del Poder Judicial del Estado de Veracruz y perdi\u00f3 la confianza de los aspirantes a los 98 cargos y de los veracruzanos que participaron en ese primer proceso electoral el 1 de junio. Este martes,&#8230; <\/p>\n<div class=\"clear\"><\/div>\n<p><a href=\"https:\/\/plumanegranoticias.com\/?p=10649\" class=\"excerpt-read-more\">Read More<i class=\"fa fa-caret-right icon-caret-right\"><\/i><\/a><\/p>\n","protected":false},"author":2,"featured_media":10646,"comment_status":"open","ping_status":"open","sticky":false,"template":"","format":"standard","meta":{"om_disable_all_campaigns":false,"_monsterinsights_skip_tracking":false,"_monsterinsights_sitenote_active":false,"_monsterinsights_sitenote_note":"","_monsterinsights_sitenote_category":0,"_uf_show_specific_survey":0,"_uf_disable_surveys":false,"footnotes":""},"categories":[1],"tags":[34,61,19],"class_list":["post-10649","post","type-post","status-publish","format-standard","has-post-thumbnail","hentry","category-blog","tag-policiaca","tag-politica","tag-regional"],"aioseo_notices":[],"_links":{"self":[{"href":"https:\/\/plumanegranoticias.com\/index.php?rest_route=\/wp\/v2\/posts\/10649","targetHints":{"allow":["GET"]}}],"collection":[{"href":"https:\/\/plumanegranoticias.com\/index.php?rest_route=\/wp\/v2\/posts"}],"about":[{"href":"https:\/\/plumanegranoticias.com\/index.php?rest_route=\/wp\/v2\/types\/post"}],"author":[{"embeddable":true,"href":"https:\/\/plumanegranoticias.com\/index.php?rest_route=\/wp\/v2\/users\/2"}],"replies":[{"embeddable":true,"href":"https:\/\/plumanegranoticias.com\/index.php?rest_route=%2Fwp%2Fv2%2Fcomments&post=10649"}],"version-history":[{"count":1,"href":"https:\/\/plumanegranoticias.com\/index.php?rest_route=\/wp\/v2\/posts\/10649\/revisions"}],"predecessor-version":[{"id":10650,"href":"https:\/\/plumanegranoticias.com\/index.php?rest_route=\/wp\/v2\/posts\/10649\/revisions\/10650"}],"wp:featuredmedia":[{"embeddable":true,"href":"https:\/\/plumanegranoticias.com\/index.php?rest_route=\/wp\/v2\/media\/10646"}],"wp:attachment":[{"href":"https:\/\/plumanegranoticias.com\/index.php?rest_route=%2Fwp%2Fv2%2Fmedia&parent=10649"}],"wp:term":[{"taxonomy":"category","embeddable":true,"href":"https:\/\/plumanegranoticias.com\/index.php?rest_route=%2Fwp%2Fv2%2Fcategories&post=10649"},{"taxonomy":"post_tag","embeddable":true,"href":"https:\/\/plumanegranoticias.com\/index.php?rest_route=%2Fwp%2Fv2%2Ftags&post=10649"}],"curies":[{"name":"wp","href":"https:\/\/api.w.org\/{rel}","templated":true}]}}