{"id":10664,"date":"2025-06-12T09:58:15","date_gmt":"2025-06-12T15:58:15","guid":{"rendered":"https:\/\/plumanegranoticias.com\/?p=10664"},"modified":"2025-06-12T09:58:34","modified_gmt":"2025-06-12T15:58:34","slug":"privan-de-la-libertad-en-coatzacoalcos-a-presunto-medico-particular-de-gobernadora-de-veracruz","status":"publish","type":"post","link":"https:\/\/plumanegranoticias.com\/?p=10664","title":{"rendered":"Privan de la libertad en Coatzacoalcos a presunto m\u00e9dico particular de gobernadora de Veracruz"},"content":{"rendered":"\n<p>Alejandro \u00c1vila<\/p>\n\n\n\n<p>Veracruz, Ver.- La ma\u00f1ana de este jueves 12 de junio trascendi\u00f3 que el m\u00e9dico privado de su libertad la tarde de este lunes en el municipio de Coatzacoalcos, es el cardi\u00f3logo particular de la gobernadora de Veracruz, Roc\u00edo Nahle Garc\u00eda.<\/p>\n\n\n\n<p>El doctor E.C.C. fue sido sustra\u00eddo de su consultorio privado en la cl\u00ednica Medi Coatza, ubicada en Quevedo y Guerrero, por un comando armado. Tras el secuestro, agentes federales aseguraron una camioneta blanca en las inmediaciones de la cl\u00ednica. Por la liberaci\u00f3n del m\u00e9dico cardi\u00f3logo, los secuestradores est\u00e1n exigiendo el pago de 5 millones de pesos.<\/p>\n\n\n\n<p>Este secuestro representa un duro golpe a la percepci\u00f3n de seguridad, pues Coatzacoalcos acumulaba m\u00e1s de dos a\u00f1os sin un caso similar, rompiendo as\u00ed una racha positiva destacada por autoridades y organismos de vigilancia.<\/p>\n\n\n\n<p>El incidente se produce apenas d\u00edas despu\u00e9s de un enfrentamiento armado entre polic\u00edas federales y presuntos sicarios en las calles Guerrero y Guti\u00e9rrez Zamora, lo que evidencia una escalada delictiva alarmante .<\/p>\n\n\n\n<figure class=\"wp-block-image size-large\"><img loading=\"lazy\" decoding=\"async\" width=\"300\" height=\"226\" src=\"https:\/\/plumanegranoticias.com\/wp-content\/uploads\/2025\/06\/img-20250612-wa00258037874767885348823-300x226.jpg\" alt=\"\" class=\"wp-image-10663\" srcset=\"https:\/\/plumanegranoticias.com\/wp-content\/uploads\/2025\/06\/img-20250612-wa00258037874767885348823-300x226.jpg 300w, https:\/\/plumanegranoticias.com\/wp-content\/uploads\/2025\/06\/img-20250612-wa00258037874767885348823-768x578.jpg 768w, https:\/\/plumanegranoticias.com\/wp-content\/uploads\/2025\/06\/img-20250612-wa00258037874767885348823-400x300.jpg 400w, https:\/\/plumanegranoticias.com\/wp-content\/uploads\/2025\/06\/img-20250612-wa00258037874767885348823.jpg 960w\" sizes=\"auto, (max-width: 300px) 100vw, 300px\" \/><\/figure>\n","protected":false},"excerpt":{"rendered":"<p>Alejandro \u00c1vila Veracruz, Ver.- La ma\u00f1ana de este jueves 12 de junio trascendi\u00f3 que el m\u00e9dico privado de su libertad la tarde de este lunes en el municipio de Coatzacoalcos, es el cardi\u00f3logo particular de la gobernadora de Veracruz, Roc\u00edo Nahle Garc\u00eda. El doctor E.C.C. fue sido sustra\u00eddo de su consultorio privado en la cl\u00ednica&#8230; <\/p>\n<div class=\"clear\"><\/div>\n<p><a href=\"https:\/\/plumanegranoticias.com\/?p=10664\" class=\"excerpt-read-more\">Read More<i class=\"fa fa-caret-right icon-caret-right\"><\/i><\/a><\/p>\n","protected":false},"author":2,"featured_media":10666,"comment_status":"open","ping_status":"open","sticky":false,"template":"","format":"standard","meta":{"om_disable_all_campaigns":false,"_monsterinsights_skip_tracking":false,"_monsterinsights_sitenote_active":false,"_monsterinsights_sitenote_note":"","_monsterinsights_sitenote_category":0,"_uf_show_specific_survey":0,"_uf_disable_surveys":false,"footnotes":""},"categories":[67,8,12],"tags":[22,18],"class_list":["post-10664","post","type-post","status-publish","format-standard","has-post-thumbnail","hentry","category-policiaca","category-politica","category-regional","tag-nota-roja","tag-noticia"],"aioseo_notices":[],"_links":{"self":[{"href":"https:\/\/plumanegranoticias.com\/index.php?rest_route=\/wp\/v2\/posts\/10664","targetHints":{"allow":["GET"]}}],"collection":[{"href":"https:\/\/plumanegranoticias.com\/index.php?rest_route=\/wp\/v2\/posts"}],"about":[{"href":"https:\/\/plumanegranoticias.com\/index.php?rest_route=\/wp\/v2\/types\/post"}],"author":[{"embeddable":true,"href":"https:\/\/plumanegranoticias.com\/index.php?rest_route=\/wp\/v2\/users\/2"}],"replies":[{"embeddable":true,"href":"https:\/\/plumanegranoticias.com\/index.php?rest_route=%2Fwp%2Fv2%2Fcomments&post=10664"}],"version-history":[{"count":1,"href":"https:\/\/plumanegranoticias.com\/index.php?rest_route=\/wp\/v2\/posts\/10664\/revisions"}],"predecessor-version":[{"id":10665,"href":"https:\/\/plumanegranoticias.com\/index.php?rest_route=\/wp\/v2\/posts\/10664\/revisions\/10665"}],"wp:featuredmedia":[{"embeddable":true,"href":"https:\/\/plumanegranoticias.com\/index.php?rest_route=\/wp\/v2\/media\/10666"}],"wp:attachment":[{"href":"https:\/\/plumanegranoticias.com\/index.php?rest_route=%2Fwp%2Fv2%2Fmedia&parent=10664"}],"wp:term":[{"taxonomy":"category","embeddable":true,"href":"https:\/\/plumanegranoticias.com\/index.php?rest_route=%2Fwp%2Fv2%2Fcategories&post=10664"},{"taxonomy":"post_tag","embeddable":true,"href":"https:\/\/plumanegranoticias.com\/index.php?rest_route=%2Fwp%2Fv2%2Ftags&post=10664"}],"curies":[{"name":"wp","href":"https:\/\/api.w.org\/{rel}","templated":true}]}}