{"id":10675,"date":"2025-06-12T11:01:09","date_gmt":"2025-06-12T17:01:09","guid":{"rendered":"https:\/\/plumanegranoticias.com\/?p=10675"},"modified":"2025-06-12T12:14:30","modified_gmt":"2025-06-12T18:14:30","slug":"torre-pediatrica-esta-en-remodelacion-asegura-rocio-nahle","status":"publish","type":"post","link":"https:\/\/plumanegranoticias.com\/?p=10675","title":{"rendered":"Torre Pedi\u00e1trica est\u00e1 en remodelaci\u00f3n asegura Roc\u00edo Nahle"},"content":{"rendered":"\n<p>Alejandro \u00c1vila<\/p>\n\n\n\n<p>Veracruz, Ver.- La Secretar\u00eda de Infraestructura y Obra P\u00fablica (SIOP) se encuentra trabajando en la remodelaci\u00f3n de la Torre Pedi\u00e1trica, espec\u00edficamente en los pisos 7 y 8, as\u00f3 como en la zona para familiares, confirm\u00f3 la gobernadora, Roc\u00edo Nahle Garc\u00eda.<\/p>\n\n\n\n<p>De la misma manera, la Ejecutiva Estatal manifest\u00f3 que se encuentran surtiendo adecuadamente los medicamentos necesarios para las quimioterapias de los pacientes infantiles de oncolog\u00eda.<\/p>\n\n\n\n<p>&#8220;El piso 7 y 8 qued\u00f3 en obra negra desde el tiempo de Duarte y cuando pasa Miguel \u00c1ngel Yunes, que dijeron que ya no se pod\u00eda porque hab\u00eda da\u00f1o estructural y lo dejaron, nosotros llegamos, mand\u00e9 a personal, ingenieros, no tiene ning\u00fan da\u00f1o estructural y entonces el piso 7 y 8 lo estamos habilitando para que haya m\u00e1s camas para atenci\u00f3n de nuestras ni\u00f1as y ni\u00f1os&#8221;, expres\u00f3.<\/p>\n\n\n\n<p>La gobernadora de Veracruz dijo desconocer la fecha espec\u00edfica en que la rehabilitaci\u00f3n quede al cien por ciento.<\/p>\n\n\n\n<p>&#8220;Yo espero que quede lo m\u00e1s inmediato porque ya nada m\u00e1s es el interior, si viene todo el tema porque hay que meter tuber\u00eda para ox\u00edgeno y gases que es lo que se manejan en los pisos, que eso es lo m\u00e1s tardado, pero lo que sea necesario&#8221;, sentenci\u00f3.<\/p>\n\n\n\n<figure class=\"wp-block-image size-large\"><img loading=\"lazy\" decoding=\"async\" width=\"1024\" height=\"768\" src=\"https:\/\/plumanegranoticias.com\/wp-content\/uploads\/2025\/06\/img-20250612-wa00516536856398804509037-1024x768.jpg\" alt=\"\" class=\"wp-image-10671\" srcset=\"https:\/\/plumanegranoticias.com\/wp-content\/uploads\/2025\/06\/img-20250612-wa00516536856398804509037-1024x768.jpg 1024w, https:\/\/plumanegranoticias.com\/wp-content\/uploads\/2025\/06\/img-20250612-wa00516536856398804509037-300x225.jpg 300w, https:\/\/plumanegranoticias.com\/wp-content\/uploads\/2025\/06\/img-20250612-wa00516536856398804509037-768x576.jpg 768w, https:\/\/plumanegranoticias.com\/wp-content\/uploads\/2025\/06\/img-20250612-wa00516536856398804509037-1536x1152.jpg 1536w, https:\/\/plumanegranoticias.com\/wp-content\/uploads\/2025\/06\/img-20250612-wa00516536856398804509037-400x300.jpg 400w, https:\/\/plumanegranoticias.com\/wp-content\/uploads\/2025\/06\/img-20250612-wa00516536856398804509037.jpg 1600w\" sizes=\"auto, (max-width: 1024px) 100vw, 1024px\" \/><\/figure>\n","protected":false},"excerpt":{"rendered":"<p>Alejandro \u00c1vila Veracruz, Ver.- La Secretar\u00eda de Infraestructura y Obra P\u00fablica (SIOP) se encuentra trabajando en la remodelaci\u00f3n de la Torre Pedi\u00e1trica, espec\u00edficamente en los pisos 7 y 8, as\u00f3 como en la zona para familiares, confirm\u00f3 la gobernadora, Roc\u00edo Nahle Garc\u00eda. De la misma manera, la Ejecutiva Estatal manifest\u00f3 que se encuentran surtiendo adecuadamente&#8230; <\/p>\n<div class=\"clear\"><\/div>\n<p><a href=\"https:\/\/plumanegranoticias.com\/?p=10675\" class=\"excerpt-read-more\">Read More<i class=\"fa fa-caret-right icon-caret-right\"><\/i><\/a><\/p>\n","protected":false},"author":2,"featured_media":10672,"comment_status":"open","ping_status":"open","sticky":false,"template":"","format":"standard","meta":{"om_disable_all_campaigns":false,"_monsterinsights_skip_tracking":false,"_monsterinsights_sitenote_active":false,"_monsterinsights_sitenote_note":"","_monsterinsights_sitenote_category":0,"_uf_show_specific_survey":0,"_uf_disable_surveys":false,"footnotes":""},"categories":[8,12],"tags":[30,61,19],"class_list":["post-10675","post","type-post","status-publish","format-standard","has-post-thumbnail","hentry","category-politica","category-regional","tag-plumazos","tag-politica","tag-regional"],"aioseo_notices":[],"_links":{"self":[{"href":"https:\/\/plumanegranoticias.com\/index.php?rest_route=\/wp\/v2\/posts\/10675","targetHints":{"allow":["GET"]}}],"collection":[{"href":"https:\/\/plumanegranoticias.com\/index.php?rest_route=\/wp\/v2\/posts"}],"about":[{"href":"https:\/\/plumanegranoticias.com\/index.php?rest_route=\/wp\/v2\/types\/post"}],"author":[{"embeddable":true,"href":"https:\/\/plumanegranoticias.com\/index.php?rest_route=\/wp\/v2\/users\/2"}],"replies":[{"embeddable":true,"href":"https:\/\/plumanegranoticias.com\/index.php?rest_route=%2Fwp%2Fv2%2Fcomments&post=10675"}],"version-history":[{"count":1,"href":"https:\/\/plumanegranoticias.com\/index.php?rest_route=\/wp\/v2\/posts\/10675\/revisions"}],"predecessor-version":[{"id":10676,"href":"https:\/\/plumanegranoticias.com\/index.php?rest_route=\/wp\/v2\/posts\/10675\/revisions\/10676"}],"wp:featuredmedia":[{"embeddable":true,"href":"https:\/\/plumanegranoticias.com\/index.php?rest_route=\/wp\/v2\/media\/10672"}],"wp:attachment":[{"href":"https:\/\/plumanegranoticias.com\/index.php?rest_route=%2Fwp%2Fv2%2Fmedia&parent=10675"}],"wp:term":[{"taxonomy":"category","embeddable":true,"href":"https:\/\/plumanegranoticias.com\/index.php?rest_route=%2Fwp%2Fv2%2Fcategories&post=10675"},{"taxonomy":"post_tag","embeddable":true,"href":"https:\/\/plumanegranoticias.com\/index.php?rest_route=%2Fwp%2Fv2%2Ftags&post=10675"}],"curies":[{"name":"wp","href":"https:\/\/api.w.org\/{rel}","templated":true}]}}