{"id":10684,"date":"2025-06-13T12:39:07","date_gmt":"2025-06-13T18:39:07","guid":{"rendered":"https:\/\/plumanegranoticias.com\/?p=10684"},"modified":"2025-06-13T12:39:37","modified_gmt":"2025-06-13T18:39:37","slug":"acusan-despido-injustificado-de-personal-en-oficina-de-bienestar-de-lerdodetejada","status":"publish","type":"post","link":"https:\/\/plumanegranoticias.com\/?p=10684","title":{"rendered":"Acusan despido injustificado de personal en oficina de Bienestar de #LerdodeTejada"},"content":{"rendered":"\n<p>La afectada, hasta ahora encargada de la oficina Bienestar en dicho municipio, destap\u00f3 la cloaca y se\u00f1ala al Director regional de Bienestar Jes\u00fas C\u00f3rdova Salas y al delegado federal del mismo, Juan Javier G\u00f3mez Cazarin.<\/p>\n\n\n\n<ul class=\"wp-block-list\">\n<li><\/li>\n<\/ul>\n\n\n\n<p>Armando Azamar | Lerdo de Tejada, Ver.<\/p>\n\n\n\n<p>La ma\u00f1ana de este viernes 13 de Junio, las oficinas de Bienestar en el municipio de Lerdo de Tejada fueron tomadas por el propio personal, luego del despido injustificado de la que hasta ahora es la encargada, la ciudadana Deysi Segura Ambrosio, quien denunci\u00f3 adem\u00e1s, una serie de irregularidades en la utilizaci\u00f3n de los programas Bienestar para fines electorales en la pasada elecci\u00f3n a favor de quien fuera la candidata de Morena &#8211; PVEM a la alcald\u00eda por dicho municipio, Beatriz Sillies.<\/p>\n\n\n\n<p>La denunciante, asegur\u00f3 que el titular de los programas Bienestar a nivel regional con oficinas en San Andr\u00e9s Tuxtla, Jes\u00fas C\u00f3rdova Salas, le notific\u00f3 que ya no estar\u00eda laborando m\u00e1s, a pesar de que existe un contrato de por medio que a\u00fan no vence, y sin que se le haya pagado la \u00faltima quincena.<\/p>\n\n\n\n<p>&#8220;El d\u00eda diez de este mes no me pagaron mi quincena, no me quiere dar la cara el director para decirme por qu\u00e9 motivo, no me quer\u00eda responder las llamadas ni mensajes, apenas el d\u00eda de ayer me escribi\u00f3 dici\u00e9ndome que no hab\u00eda llegado mi contrato, cu\u00e1l contrato si yo lo firm\u00e9 y dice que es del 1 de abril del 2025 al 30 de junio del 2025, est\u00e1 es la constancia de nombramiento por el cual me tiene que pagar mi quincena&#8221;.<\/p>\n\n\n\n<p>&#8220;El se\u00f1or no me da la cara y no me justifica por qu\u00e9 motivo no me lleg\u00f3 mi quincena, si me van a correr que tambi\u00e9n me lo justifique porque me ir\u00e9 hasta las \u00faltimas consecuencias&#8221;, dijo.<\/p>\n\n\n\n<p>Refiri\u00f3 que, la ex candidata de Morena PVEM en Lerdo de Tejada, Beatriz Sillies, la amenaz\u00f3 con encargarse de despedirla, tras no apoyarla en su campa\u00f1a.<\/p>\n\n\n\n<p>&#8220;La candidata de Morena me amenaz\u00f3 con otras compa\u00f1eras de que me iban a correr a mi y a los dem\u00e1s, porque no la apoyamos en su campa\u00f1a, estoy arta porque como no apoy\u00e9 a la candidata de Morena en campa\u00f1a porque quer\u00edan que utilizaramos los programas para amenazar a los adultos mayores que tengan programas para que votar\u00e1n por ella&#8221;, subray\u00f3.<\/p>\n\n\n\n<p>Manifest\u00f3 que el titular a nivel regional, C\u00f3rdova Salas, hasta el momento no le ha dado la cara, cuando menos para tener una buena justificaci\u00f3n de este acto que atenta contra sus derechos laborales.<\/p>\n\n\n\n<p>La afectada, desde el 2018 se mantiene como encargada de los programas Bienestar en dicho municipio ca\u00f1ero, gracias a ella se gestion\u00f3 una oficina para que se tuviera en Lerdo un lugar digno, y durante este tiempo nunca hubo queja alguna por parte de los beneficiarios.<\/p>\n\n\n\n<p>&#8220;Yo fui la que gestion\u00e9 para que estas oficinas se abrieran, habl\u00e9 con la gente para que la prestaran, gestion\u00e9 para el clima, trajeran computadoras, por lo tanto no voy a abrir las oficinas hasta que no me den una explicaci\u00f3n.<\/p>\n\n\n\n<p>Me est\u00e1n amenazando, me est\u00e1n diciendo que por qu\u00e9 estoy haciendo eso, me llegan mensajes del director Jes\u00fas C\u00f3rdova Salas, me imagino que una compa\u00f1era le avis\u00f3 de que yo estaba aqu\u00ed&#8221;, refut\u00f3.<\/p>\n\n\n\n<p>Record\u00f3 que existe un convenio donde los programas Bienestar no pueden ser utilizados para fines pol\u00edticos, no obstante, por indicaciones del Delegado de Bienestar a nivel estado, Juan Javier G\u00f3mez Cazarin y del encargado a nivel regional, Jes\u00fas C\u00f3rdova Salas, se hizo lo contrario, y se utiliz\u00f3 est\u00e1 ruin t\u00e9cnica, incluso, asegura existen audios donde les dan indicaciones de que habr\u00eda que utilizar a los adultos mayores para votar por la candidata de Morena PVEM, Beatriz Sillies.<\/p>\n\n\n\n<p>&#8220;Desde el 2018 estoy trabajando aqu\u00ed, y no es justo que me hagan esto, las oficinas de Bienestar voy a entregarlas a quien me prest\u00f3 las llaves y si algo me pasa a mi, a mis compa\u00f1eros de trabajo, a mi familia, y a las personas que est\u00e1n aqu\u00ed es contra G\u00f3mez Cazarin, Jes\u00fas C\u00f3rdova porque no es justo que siempre pase lo mismo, a otros compa\u00f1eros les hacen lo mismo y se quedan callados, yo estoy aqu\u00ed para defender lo m\u00edo&#8221;, finaliz\u00f3.<\/p>\n\n\n\n<p>La afectada, solicit\u00f3 el apoyo de la Gobernadora Roc\u00edo Nahle para poner fin a esta situaci\u00f3n de la que muchos trabajadores de Bienestar son v\u00edctimas, y callan por miedo a no ser escuchados y a represalias.<\/p>\n","protected":false},"excerpt":{"rendered":"<p>La afectada, hasta ahora encargada de la oficina Bienestar en dicho municipio, destap\u00f3 la cloaca y se\u00f1ala al Director regional de Bienestar Jes\u00fas C\u00f3rdova Salas y al delegado federal del mismo, Juan Javier G\u00f3mez Cazarin. Armando Azamar | Lerdo de Tejada, Ver. La ma\u00f1ana de este viernes 13 de Junio, las oficinas de Bienestar en&#8230; <\/p>\n<div class=\"clear\"><\/div>\n<p><a href=\"https:\/\/plumanegranoticias.com\/?p=10684\" class=\"excerpt-read-more\">Read More<i class=\"fa fa-caret-right icon-caret-right\"><\/i><\/a><\/p>\n","protected":false},"author":2,"featured_media":10687,"comment_status":"open","ping_status":"open","sticky":false,"template":"","format":"standard","meta":{"om_disable_all_campaigns":false,"_monsterinsights_skip_tracking":false,"_monsterinsights_sitenote_active":false,"_monsterinsights_sitenote_note":"","_monsterinsights_sitenote_category":0,"_uf_show_specific_survey":0,"_uf_disable_surveys":false,"footnotes":""},"categories":[1,67,8],"tags":[34,19],"class_list":["post-10684","post","type-post","status-publish","format-standard","has-post-thumbnail","hentry","category-blog","category-policiaca","category-politica","tag-policiaca","tag-regional"],"aioseo_notices":[],"_links":{"self":[{"href":"https:\/\/plumanegranoticias.com\/index.php?rest_route=\/wp\/v2\/posts\/10684","targetHints":{"allow":["GET"]}}],"collection":[{"href":"https:\/\/plumanegranoticias.com\/index.php?rest_route=\/wp\/v2\/posts"}],"about":[{"href":"https:\/\/plumanegranoticias.com\/index.php?rest_route=\/wp\/v2\/types\/post"}],"author":[{"embeddable":true,"href":"https:\/\/plumanegranoticias.com\/index.php?rest_route=\/wp\/v2\/users\/2"}],"replies":[{"embeddable":true,"href":"https:\/\/plumanegranoticias.com\/index.php?rest_route=%2Fwp%2Fv2%2Fcomments&post=10684"}],"version-history":[{"count":2,"href":"https:\/\/plumanegranoticias.com\/index.php?rest_route=\/wp\/v2\/posts\/10684\/revisions"}],"predecessor-version":[{"id":10686,"href":"https:\/\/plumanegranoticias.com\/index.php?rest_route=\/wp\/v2\/posts\/10684\/revisions\/10686"}],"wp:featuredmedia":[{"embeddable":true,"href":"https:\/\/plumanegranoticias.com\/index.php?rest_route=\/wp\/v2\/media\/10687"}],"wp:attachment":[{"href":"https:\/\/plumanegranoticias.com\/index.php?rest_route=%2Fwp%2Fv2%2Fmedia&parent=10684"}],"wp:term":[{"taxonomy":"category","embeddable":true,"href":"https:\/\/plumanegranoticias.com\/index.php?rest_route=%2Fwp%2Fv2%2Fcategories&post=10684"},{"taxonomy":"post_tag","embeddable":true,"href":"https:\/\/plumanegranoticias.com\/index.php?rest_route=%2Fwp%2Fv2%2Ftags&post=10684"}],"curies":[{"name":"wp","href":"https:\/\/api.w.org\/{rel}","templated":true}]}}