{"id":10690,"date":"2025-06-13T12:41:19","date_gmt":"2025-06-13T18:41:19","guid":{"rendered":"https:\/\/plumanegranoticias.com\/?p=10690"},"modified":"2025-06-13T12:41:39","modified_gmt":"2025-06-13T18:41:39","slug":"prevalece-la-criminalizacion-contra-portadores-de-vih-sida","status":"publish","type":"post","link":"https:\/\/plumanegranoticias.com\/?p=10690","title":{"rendered":"Prevalece la criminalizaci\u00f3n contra portadores de VIH Sida"},"content":{"rendered":"\n<p>Nuevas generaciones evitan el uso de preservativos<\/p>\n\n\n\n<p>-Cifras de reactivos es de 5 al mes, en Xalapa<\/p>\n\n\n\n<p>\u00c1ngeles Gonz\u00e1lez Ceballos<br>Xalapa, Ver., Desafortunadamente en M\u00e9xico prevalece la estigmatizaci\u00f3n en contra de las personas portadoras del VIH Sida por falta de informaci\u00f3n.<\/p>\n\n\n\n<p>As\u00ed lo se\u00f1al\u00f3 Guillermo Bustamante coordinador del programa de AHF M\u00e9xico, quien opin\u00f3 que el tema sexual deber\u00eda ser un tema de educaci\u00f3n que deber\u00eda iniciar desde la educaci\u00f3n formal m\u00e1s temprana.<\/p>\n\n\n\n<p>&#8220;Porque todos tenemos derecho de conocer cu\u00e1les son los cambios que ocurren en nuestro cuerpo, cu\u00e1l es la forma en la que me voy a comportar socialmente y cu\u00e1l es la mejor forma en la que yo voy a prevenir enfermedades&#8221;, manifest\u00f3.<\/p>\n\n\n\n<p>Extern\u00f3 que lamentablemente hoy las generaciones no acostumbran el uso de preservativos como el cond\u00f3n.<\/p>\n\n\n\n<p>Resalt\u00f3 que esa es la mejor forma para evitar las enfermedades de transmisi\u00f3n sexual.<\/p>\n\n\n\n<p>Enfatiz\u00f3 que s\u00ed ha habido avances en la descriminalizaci\u00f3n del VIH, pero no lo suficiente.<\/p>\n\n\n\n<p>Hay estados donde no se ha legislado, al respecto mencion\u00f3 que Veracruz s\u00ed legisl\u00f3 para la descriminalizaci\u00f3n del VIH.<\/p>\n\n\n\n<p>&#8220;En esta ley para que a la gente no se le criminalice por la transmisi\u00f3n de VIH&#8221;, asever\u00f3.<\/p>\n\n\n\n<p>Por su parte, Karina Santos M\u00e9ndez consejera de AHF M\u00e9xico, reconoci\u00f3 que hace unos d\u00edas circul\u00f3 en redes sociales un post totalmente violento en donde se se\u00f1alaba que si una persona ten\u00eda varias parejas sexuales se deber\u00edan hacer pruebas de VIH.<\/p>\n\n\n\n<p>Ello deton\u00f3 que en varias partes en donde AHF realiza pruebas r\u00e1pidas, se incrementaran much\u00edsimo las pruebas.<\/p>\n\n\n\n<p>Por otra parte, expres\u00f3 que gracias a las pruebas r\u00e1pidas de VIH Sida se pueden detectar entre 3 o 5 personas reactivas al virus.<\/p>\n\n\n\n<p>Destac\u00f3 que en comparaci\u00f3n con el a\u00f1o pasado, al mismo periodo del presente, no ha habido una variaci\u00f3n.<\/p>\n\n\n\n<p>&#8220;Desde AHF M\u00e9xico lo que hacemos es brindar diferentes acciones y campa\u00f1as. Este s\u00e1bado vamos a tener presencia en la marcha del &#8220;pride&#8221; con diferentes acciones&#8221;, manifest\u00f3.<\/p>\n\n\n\n<p>Refiri\u00f3 que a lo largo de la semana tambi\u00e9n hacen pruebas en el Instituto Veracruzano de las Mujeres (IVM) los d\u00edas martes de 14:00 a 18:00 horas; en el Instituto Municipal de las Mujeres, los mi\u00e9rcoles y jueves de 14:00 a 19:00 horas y, los viernes y s\u00e1bados, cada 15 d\u00edas en el Tiaunguchi de 14:00 a 18:00 horas.<\/p>\n\n\n\n<p>AHF realiza aproximadamente 200 pruebas al mes y resalt\u00f3 que la reactividad va variando, en ese sentido, manifest\u00f3 que las pruebas tienen una ventana de 45 d\u00edas, por lo tanto, una persona puede ir y decir que est\u00e1 en ese periodo de &#8220;ventana&#8221; y regresar posteriormente.<\/p>\n\n\n\n<p>Guillermo Bustamante, coordinador de Programa, detall\u00f3 que desde 2004 han aplicado m\u00e1s de un mill\u00f3n de pruebas r\u00e1pidas y, actualmente ayudan a que el 6 por ciento se nuevos casos puedan ser vinculados a tratamiento.<\/p>\n\n\n\n<p>Manifest\u00f3 que afortunadamente hoy ya se cuentan con los medicamentos para la gente pueda vivir sanamente con sus tratamientos.<\/p>\n\n\n\n<p>&#8220;Lo que nosotros queremos hacer es un llamado para que se eduque la estigmatizaci\u00f3n y la discriminaci\u00f3n.<\/p>\n\n\n\n<p>Desafortunadamente esto es donde no hemos avanzado, de el punto m\u00e1s d\u00e9bil que tenemos y no habr\u00eda por qu\u00e9. Tenemos los medicamentos y las personas pueden vivir como cualquiera que no tiene VIH&#8221;, subray\u00f3.<\/p>\n\n\n\n<p>Puntualiz\u00f3 que ellos distribuyen alrededor de un mill\u00f3n de condones al a\u00f1o y acercan las pruebas a la poblaci\u00f3n para que de resultar reactivos, puedan ser vinculados a su tratamiento.<\/p>\n\n\n\n<figure class=\"wp-block-image size-large\"><img loading=\"lazy\" decoding=\"async\" width=\"1024\" height=\"768\" src=\"https:\/\/plumanegranoticias.com\/wp-content\/uploads\/2025\/06\/img-20250613-wa00601066569336608885063-1024x768.jpg\" alt=\"\" class=\"wp-image-10689\" srcset=\"https:\/\/plumanegranoticias.com\/wp-content\/uploads\/2025\/06\/img-20250613-wa00601066569336608885063-1024x768.jpg 1024w, https:\/\/plumanegranoticias.com\/wp-content\/uploads\/2025\/06\/img-20250613-wa00601066569336608885063-300x225.jpg 300w, https:\/\/plumanegranoticias.com\/wp-content\/uploads\/2025\/06\/img-20250613-wa00601066569336608885063-768x576.jpg 768w, https:\/\/plumanegranoticias.com\/wp-content\/uploads\/2025\/06\/img-20250613-wa00601066569336608885063-400x300.jpg 400w, https:\/\/plumanegranoticias.com\/wp-content\/uploads\/2025\/06\/img-20250613-wa00601066569336608885063.jpg 1280w\" sizes=\"auto, (max-width: 1024px) 100vw, 1024px\" \/><\/figure>\n\n\n\n<figure class=\"wp-block-image\"><img loading=\"lazy\" decoding=\"async\" width=\"1024\" height=\"768\" src=\"https:\/\/plumanegranoticias.com\/wp-content\/uploads\/2025\/06\/img-20250613-wa00615787286241630757025-1024x768.jpg\" alt=\"\" class=\"wp-image-10688\" srcset=\"https:\/\/plumanegranoticias.com\/wp-content\/uploads\/2025\/06\/img-20250613-wa00615787286241630757025-1024x768.jpg 1024w, https:\/\/plumanegranoticias.com\/wp-content\/uploads\/2025\/06\/img-20250613-wa00615787286241630757025-300x225.jpg 300w, https:\/\/plumanegranoticias.com\/wp-content\/uploads\/2025\/06\/img-20250613-wa00615787286241630757025-768x576.jpg 768w, https:\/\/plumanegranoticias.com\/wp-content\/uploads\/2025\/06\/img-20250613-wa00615787286241630757025-400x300.jpg 400w, https:\/\/plumanegranoticias.com\/wp-content\/uploads\/2025\/06\/img-20250613-wa00615787286241630757025.jpg 1280w\" sizes=\"auto, (max-width: 1024px) 100vw, 1024px\" \/><\/figure>\n","protected":false},"excerpt":{"rendered":"<p>Nuevas generaciones evitan el uso de preservativos -Cifras de reactivos es de 5 al mes, en Xalapa \u00c1ngeles Gonz\u00e1lez CeballosXalapa, Ver., Desafortunadamente en M\u00e9xico prevalece la estigmatizaci\u00f3n en contra de las personas portadoras del VIH Sida por falta de informaci\u00f3n. As\u00ed lo se\u00f1al\u00f3 Guillermo Bustamante coordinador del programa de AHF M\u00e9xico, quien opin\u00f3 que el&#8230; <\/p>\n<div class=\"clear\"><\/div>\n<p><a href=\"https:\/\/plumanegranoticias.com\/?p=10690\" class=\"excerpt-read-more\">Read More<i class=\"fa fa-caret-right icon-caret-right\"><\/i><\/a><\/p>\n","protected":false},"author":2,"featured_media":10692,"comment_status":"open","ping_status":"open","sticky":false,"template":"","format":"standard","meta":{"om_disable_all_campaigns":false,"_monsterinsights_skip_tracking":false,"_monsterinsights_sitenote_active":false,"_monsterinsights_sitenote_note":"","_monsterinsights_sitenote_category":0,"_uf_show_specific_survey":0,"_uf_disable_surveys":false,"footnotes":""},"categories":[67,8,12],"tags":[22,18,34,61],"class_list":["post-10690","post","type-post","status-publish","format-standard","has-post-thumbnail","hentry","category-policiaca","category-politica","category-regional","tag-nota-roja","tag-noticia","tag-policiaca","tag-politica"],"aioseo_notices":[],"_links":{"self":[{"href":"https:\/\/plumanegranoticias.com\/index.php?rest_route=\/wp\/v2\/posts\/10690","targetHints":{"allow":["GET"]}}],"collection":[{"href":"https:\/\/plumanegranoticias.com\/index.php?rest_route=\/wp\/v2\/posts"}],"about":[{"href":"https:\/\/plumanegranoticias.com\/index.php?rest_route=\/wp\/v2\/types\/post"}],"author":[{"embeddable":true,"href":"https:\/\/plumanegranoticias.com\/index.php?rest_route=\/wp\/v2\/users\/2"}],"replies":[{"embeddable":true,"href":"https:\/\/plumanegranoticias.com\/index.php?rest_route=%2Fwp%2Fv2%2Fcomments&post=10690"}],"version-history":[{"count":1,"href":"https:\/\/plumanegranoticias.com\/index.php?rest_route=\/wp\/v2\/posts\/10690\/revisions"}],"predecessor-version":[{"id":10691,"href":"https:\/\/plumanegranoticias.com\/index.php?rest_route=\/wp\/v2\/posts\/10690\/revisions\/10691"}],"wp:featuredmedia":[{"embeddable":true,"href":"https:\/\/plumanegranoticias.com\/index.php?rest_route=\/wp\/v2\/media\/10692"}],"wp:attachment":[{"href":"https:\/\/plumanegranoticias.com\/index.php?rest_route=%2Fwp%2Fv2%2Fmedia&parent=10690"}],"wp:term":[{"taxonomy":"category","embeddable":true,"href":"https:\/\/plumanegranoticias.com\/index.php?rest_route=%2Fwp%2Fv2%2Fcategories&post=10690"},{"taxonomy":"post_tag","embeddable":true,"href":"https:\/\/plumanegranoticias.com\/index.php?rest_route=%2Fwp%2Fv2%2Ftags&post=10690"}],"curies":[{"name":"wp","href":"https:\/\/api.w.org\/{rel}","templated":true}]}}