{"id":10695,"date":"2025-06-13T12:44:40","date_gmt":"2025-06-13T18:44:40","guid":{"rendered":"https:\/\/plumanegranoticias.com\/?p=10695"},"modified":"2025-06-13T12:45:40","modified_gmt":"2025-06-13T18:45:40","slug":"impugna-memo-herrada-eleccion-en-medellin-de-bravo-y-se-desatan-los-memes","status":"publish","type":"post","link":"https:\/\/plumanegranoticias.com\/?p=10695","title":{"rendered":"Impugna Memo Herrada elecci\u00f3n en Medell\u00edn de Bravo y se desatan los memes"},"content":{"rendered":"\n<p>Alejandro \u00c1vila<\/p>\n\n\n\n<p>Medell\u00edn de Bravo, Ver.- La ma\u00f1ana de este viernes 13 de julio el candidato de Movimiento Ciudadano a la alcald\u00eda de Medell\u00edn de Bravo, Guillermo Herrada Jim\u00e9nez, anunci\u00f3 en sus redes sociales que s\u00ed impugn\u00f3 la elecci\u00f3n del pasado 1 de junio, por lo que no tardaron en desatarse los memes a trav\u00e9s de las redes sociales.<\/p>\n\n\n\n<p>La p\u00e1gina de los &#8220;Memes de Medell\u00edn&#8221; mostr\u00f3 a un musculoso pez naranja con cara de &#8220;Nemo&#8221; respaldado por cientos de ciudadanos, abrumando y poniendo nervioso a un capibara, en alusi\u00f3n al candidato de Morena; los comentarios y reacciones nos hicieron esperar y las disputas post electorales volvieron a encender las redes sociales.<\/p>\n\n\n\n<p>Por su parte, el candidato de Movimiento Ciudadano inform\u00f3 a la Familia Memo que, el pasado 9 de junio, conforme lo marca la ley, present\u00f3 pruebas y el escrito correspondiente para impugnar la elecci\u00f3n, puntualizando las irregularidades que se presentaron durante el proceso electoral.<\/p>\n\n\n\n<p><em>Quiero manifestar, que no soy una persona que se conforma con acuerdos, afortunadamente todo lo que he logrado es gracias a ustedes, a su confianza, su cari\u00f1o, mismo que me han motivado a seguir luchando por que vean de diferente forma a Medell\u00edn, mi intenci\u00f3n siempre ha sido de impulsar a todos para un bien com\u00fan<\/em><\/p>\n\n\n\n<figure class=\"wp-block-image size-large\"><img loading=\"lazy\" decoding=\"async\" width=\"1024\" height=\"683\" src=\"https:\/\/plumanegranoticias.com\/wp-content\/uploads\/2025\/06\/img-20250613-wa00483759939766642185519-1024x683.jpg\" alt=\"\" class=\"wp-image-10693\" srcset=\"https:\/\/plumanegranoticias.com\/wp-content\/uploads\/2025\/06\/img-20250613-wa00483759939766642185519-1024x683.jpg 1024w, https:\/\/plumanegranoticias.com\/wp-content\/uploads\/2025\/06\/img-20250613-wa00483759939766642185519-300x200.jpg 300w, https:\/\/plumanegranoticias.com\/wp-content\/uploads\/2025\/06\/img-20250613-wa00483759939766642185519-768x512.jpg 768w, https:\/\/plumanegranoticias.com\/wp-content\/uploads\/2025\/06\/img-20250613-wa00483759939766642185519-1536x1025.jpg 1536w, https:\/\/plumanegranoticias.com\/wp-content\/uploads\/2025\/06\/img-20250613-wa00483759939766642185519.jpg 2000w\" sizes=\"auto, (max-width: 1024px) 100vw, 1024px\" \/><\/figure>\n\n\n\n<p><em>Y los que andan hablando de m\u00e1s, les recomiendo que mejor se pongan hacer lo que yo hago trabajar por Medellin y por su gente, a esas personas que solo se la viven perdiendo el tiempo en sus transmisiones, mejor le recomiendo salir a trabajar, ya que est\u00e1 m\u00e1s que claro que no cuentan con la confianza de los medellinenses por siempre manejarse como problem\u00e1ticos y conflictivos<\/em><\/p>\n","protected":false},"excerpt":{"rendered":"<p>Alejandro \u00c1vila Medell\u00edn de Bravo, Ver.- La ma\u00f1ana de este viernes 13 de julio el candidato de Movimiento Ciudadano a la alcald\u00eda de Medell\u00edn de Bravo, Guillermo Herrada Jim\u00e9nez, anunci\u00f3 en sus redes sociales que s\u00ed impugn\u00f3 la elecci\u00f3n del pasado 1 de junio, por lo que no tardaron en desatarse los memes a trav\u00e9s&#8230; <\/p>\n<div class=\"clear\"><\/div>\n<p><a href=\"https:\/\/plumanegranoticias.com\/?p=10695\" class=\"excerpt-read-more\">Read More<i class=\"fa fa-caret-right icon-caret-right\"><\/i><\/a><\/p>\n","protected":false},"author":2,"featured_media":10694,"comment_status":"open","ping_status":"open","sticky":false,"template":"","format":"standard","meta":{"om_disable_all_campaigns":false,"_monsterinsights_skip_tracking":false,"_monsterinsights_sitenote_active":false,"_monsterinsights_sitenote_note":"","_monsterinsights_sitenote_category":0,"_uf_show_specific_survey":0,"_uf_disable_surveys":false,"footnotes":""},"categories":[67,8,12],"tags":[61,19],"class_list":["post-10695","post","type-post","status-publish","format-standard","has-post-thumbnail","hentry","category-policiaca","category-politica","category-regional","tag-politica","tag-regional"],"aioseo_notices":[],"_links":{"self":[{"href":"https:\/\/plumanegranoticias.com\/index.php?rest_route=\/wp\/v2\/posts\/10695","targetHints":{"allow":["GET"]}}],"collection":[{"href":"https:\/\/plumanegranoticias.com\/index.php?rest_route=\/wp\/v2\/posts"}],"about":[{"href":"https:\/\/plumanegranoticias.com\/index.php?rest_route=\/wp\/v2\/types\/post"}],"author":[{"embeddable":true,"href":"https:\/\/plumanegranoticias.com\/index.php?rest_route=\/wp\/v2\/users\/2"}],"replies":[{"embeddable":true,"href":"https:\/\/plumanegranoticias.com\/index.php?rest_route=%2Fwp%2Fv2%2Fcomments&post=10695"}],"version-history":[{"count":1,"href":"https:\/\/plumanegranoticias.com\/index.php?rest_route=\/wp\/v2\/posts\/10695\/revisions"}],"predecessor-version":[{"id":10696,"href":"https:\/\/plumanegranoticias.com\/index.php?rest_route=\/wp\/v2\/posts\/10695\/revisions\/10696"}],"wp:featuredmedia":[{"embeddable":true,"href":"https:\/\/plumanegranoticias.com\/index.php?rest_route=\/wp\/v2\/media\/10694"}],"wp:attachment":[{"href":"https:\/\/plumanegranoticias.com\/index.php?rest_route=%2Fwp%2Fv2%2Fmedia&parent=10695"}],"wp:term":[{"taxonomy":"category","embeddable":true,"href":"https:\/\/plumanegranoticias.com\/index.php?rest_route=%2Fwp%2Fv2%2Fcategories&post=10695"},{"taxonomy":"post_tag","embeddable":true,"href":"https:\/\/plumanegranoticias.com\/index.php?rest_route=%2Fwp%2Fv2%2Ftags&post=10695"}],"curies":[{"name":"wp","href":"https:\/\/api.w.org\/{rel}","templated":true}]}}