{"id":10710,"date":"2025-06-13T14:50:07","date_gmt":"2025-06-13T20:50:07","guid":{"rendered":"https:\/\/plumanegranoticias.com\/?p=10710"},"modified":"2025-06-13T14:50:26","modified_gmt":"2025-06-13T20:50:26","slug":"veracruzanos-detenidos-en-los-angeles-estan-incomunicados","status":"publish","type":"post","link":"https:\/\/plumanegranoticias.com\/?p=10710","title":{"rendered":"Veracruzanos detenidos en Los \u00c1ngeles, est\u00e1n incomunicados"},"content":{"rendered":"\n<p>Huerta no teme perder la visa por denunciar situaci\u00f3n de migrantes<\/p>\n\n\n\n<p>\u00c1ngeles Gonz\u00e1lez Ceballos<br>Xalapa, Ver., Luego de que diera a conocer que hay 14 veracruzanos detenidos en las redadas de Los \u00c1ngeles, California, el senador Manuel Huerta Ladr\u00f3n de Guevara, dijo que no tiene temor que le retiren la visa, ya que lo importante es que se les brinde atenci\u00f3n toda vez que est\u00e1n incomunicados.<\/p>\n\n\n\n<p>Y es que sostuvo, los veracruzanos se encuentran en condiciones indignas y est\u00e1n incomunicados, por lo que solicitaron ayuda al gobierno de M\u00e9xico.<\/p>\n\n\n\n<p>El legislador federal, sostuvo que los detenidos tampoco han tenido comunicaci\u00f3n con sus abogados.<\/p>\n\n\n\n<p>&#8220;Se trata de paisanos integrantes de comunidades zapotecas, fueron detenidos por el Servicio de Inmigraci\u00f3n y Control de Aduanas (ICE) en una f\u00e1brica de costura en Los \u00c1ngeles, donde trabajaban de manera honrada\u201d, reiter\u00f3.<\/p>\n\n\n\n<p>\u201cComo Senador veracruzano alzo la voz ante la delicada situaci\u00f3n que enfrentan nuestros hermanos y hermanas migrantes&#8221;, manifest\u00f3.<\/p>\n\n\n\n<p>Desde el Senado de la Rep\u00fablica refrend\u00f3 su compromiso en favor de quienes sostienen con su trabajo la econom\u00eda binacional.<\/p>\n\n\n\n<p>Dijo que envi\u00f3 un oficio a la Comisi\u00f3n de Relaciones Exteriores toda vez que les aseguraron que los detenidos est\u00e1n incomunicados en condiciones precarias.<\/p>\n\n\n\n<p>Huerta exigi\u00f3 tambi\u00e9n que los compromisos con los derechos humanos y el estatus de ciudad santuario de Los \u00c1ngeles se respeten<\/p>\n\n\n\n<p>&#8220;Con dignidad, sin miedo estamos al lado del pueblo y estamos diciendo que migrar, es un derecho no es un delito y alzamos la voz por eso&#8221;, indic\u00f3.<\/p>\n\n\n\n<figure class=\"wp-block-image size-large\"><img loading=\"lazy\" decoding=\"async\" width=\"1024\" height=\"683\" src=\"https:\/\/plumanegranoticias.com\/wp-content\/uploads\/2025\/06\/img-20250613-wa0099105729149907111391-1024x683.jpg\" alt=\"\" class=\"wp-image-10709\" srcset=\"https:\/\/plumanegranoticias.com\/wp-content\/uploads\/2025\/06\/img-20250613-wa0099105729149907111391-1024x683.jpg 1024w, https:\/\/plumanegranoticias.com\/wp-content\/uploads\/2025\/06\/img-20250613-wa0099105729149907111391-300x200.jpg 300w, https:\/\/plumanegranoticias.com\/wp-content\/uploads\/2025\/06\/img-20250613-wa0099105729149907111391-768x512.jpg 768w, https:\/\/plumanegranoticias.com\/wp-content\/uploads\/2025\/06\/img-20250613-wa0099105729149907111391-1536x1024.jpg 1536w, https:\/\/plumanegranoticias.com\/wp-content\/uploads\/2025\/06\/img-20250613-wa0099105729149907111391.jpg 1600w\" sizes=\"auto, (max-width: 1024px) 100vw, 1024px\" \/><\/figure>\n","protected":false},"excerpt":{"rendered":"<p>Huerta no teme perder la visa por denunciar situaci\u00f3n de migrantes \u00c1ngeles Gonz\u00e1lez CeballosXalapa, Ver., Luego de que diera a conocer que hay 14 veracruzanos detenidos en las redadas de Los \u00c1ngeles, California, el senador Manuel Huerta Ladr\u00f3n de Guevara, dijo que no tiene temor que le retiren la visa, ya que lo importante es&#8230; <\/p>\n<div class=\"clear\"><\/div>\n<p><a href=\"https:\/\/plumanegranoticias.com\/?p=10710\" class=\"excerpt-read-more\">Read More<i class=\"fa fa-caret-right icon-caret-right\"><\/i><\/a><\/p>\n","protected":false},"author":2,"featured_media":10712,"comment_status":"open","ping_status":"open","sticky":false,"template":"","format":"standard","meta":{"om_disable_all_campaigns":false,"_monsterinsights_skip_tracking":false,"_monsterinsights_sitenote_active":false,"_monsterinsights_sitenote_note":"","_monsterinsights_sitenote_category":0,"_uf_show_specific_survey":0,"_uf_disable_surveys":false,"footnotes":""},"categories":[8,12],"tags":[61,19,31],"class_list":["post-10710","post","type-post","status-publish","format-standard","has-post-thumbnail","hentry","category-politica","category-regional","tag-politica","tag-regional","tag-reporte-ciudadano"],"aioseo_notices":[],"_links":{"self":[{"href":"https:\/\/plumanegranoticias.com\/index.php?rest_route=\/wp\/v2\/posts\/10710","targetHints":{"allow":["GET"]}}],"collection":[{"href":"https:\/\/plumanegranoticias.com\/index.php?rest_route=\/wp\/v2\/posts"}],"about":[{"href":"https:\/\/plumanegranoticias.com\/index.php?rest_route=\/wp\/v2\/types\/post"}],"author":[{"embeddable":true,"href":"https:\/\/plumanegranoticias.com\/index.php?rest_route=\/wp\/v2\/users\/2"}],"replies":[{"embeddable":true,"href":"https:\/\/plumanegranoticias.com\/index.php?rest_route=%2Fwp%2Fv2%2Fcomments&post=10710"}],"version-history":[{"count":1,"href":"https:\/\/plumanegranoticias.com\/index.php?rest_route=\/wp\/v2\/posts\/10710\/revisions"}],"predecessor-version":[{"id":10711,"href":"https:\/\/plumanegranoticias.com\/index.php?rest_route=\/wp\/v2\/posts\/10710\/revisions\/10711"}],"wp:featuredmedia":[{"embeddable":true,"href":"https:\/\/plumanegranoticias.com\/index.php?rest_route=\/wp\/v2\/media\/10712"}],"wp:attachment":[{"href":"https:\/\/plumanegranoticias.com\/index.php?rest_route=%2Fwp%2Fv2%2Fmedia&parent=10710"}],"wp:term":[{"taxonomy":"category","embeddable":true,"href":"https:\/\/plumanegranoticias.com\/index.php?rest_route=%2Fwp%2Fv2%2Fcategories&post=10710"},{"taxonomy":"post_tag","embeddable":true,"href":"https:\/\/plumanegranoticias.com\/index.php?rest_route=%2Fwp%2Fv2%2Ftags&post=10710"}],"curies":[{"name":"wp","href":"https:\/\/api.w.org\/{rel}","templated":true}]}}