{"id":10714,"date":"2025-06-16T10:51:01","date_gmt":"2025-06-16T16:51:01","guid":{"rendered":"https:\/\/plumanegranoticias.com\/?p=10714"},"modified":"2025-06-16T10:51:18","modified_gmt":"2025-06-16T16:51:18","slug":"se-desconoce-estatus-de-veracruzanos-detenidos-en-los-angeles","status":"publish","type":"post","link":"https:\/\/plumanegranoticias.com\/?p=10714","title":{"rendered":"Se desconoce estatus de veracruzanos detenidos en Los \u00c1ngeles"},"content":{"rendered":"\n<p>\u00c1ngeles Gonz\u00e1lez Ceballos<br>Xalapa, Ver., Hasta el momento se desconoce cu\u00e1l es la situaci\u00f3n de los veracruzanos detenidos en las redadas que se han llevado a cabo en Los \u00c1ngeles.<\/p>\n\n\n\n<p>De los 14 veracruzanos que el senador Manuel Huerta hab\u00eda dado a conocer que estaban detenidos, ahora se sabe que son 12, pero no se tiene conocimiento cu\u00e1l es su estatus, s\u00f3lo tienen conocimiento que 4 ya podr\u00edan haber sido deportados.<\/p>\n\n\n\n<p>Se trata de Tom\u00e1s Anastasio Lucas, Jos\u00e9 Paulino Luna, Filem\u00f3n Alejo Garc\u00eda, Juan Fernando R\u00edos Gonz\u00e1lez, Jorge Luis Arrazola Gonz\u00e1lez, \u00d3scar Ventura Jos\u00e9, Reynaldo Corpus Silverio, Miguel Contreras Guzm\u00e1n, Miguel Espinosa Salvador, L\u00e1zaro Maldonado Bautista, Luis Alberto y Fernando Vel\u00e1zquez Gregorio.<\/p>\n\n\n\n<p>En cuanto a Ismael Quechol, \u00e9l no es de Veracruz, pero en el caso de los dem\u00e1s, el legislador Huerta expres\u00f3 que es posible que o ya est\u00e9n liberados o ya hayan sido deportados.<\/p>\n\n\n\n<p>&#8220;Lo que ya vivieron ya lo vivieron.Este fue un caso de un bot\u00f3n de muestra que a m\u00ed me llam\u00f3 la atenci\u00f3n, pero debe haber una cantidad que no conocemos\u2026 no me han buscado m\u00e1s ni menos, por eso incluso estoy planteando ir con mis compa\u00f1eros senadores&#8221;, expuso.<\/p>\n\n\n\n<p>Los trabajadores veracruzanos que se sabe fueron detenidos son de entre 24 y 56 a\u00f1os de edad, originarios de Nigromante, perteneciente al municipio de Plata Vicente, Veracruz.<\/p>\n\n\n\n<figure class=\"wp-block-image size-large\"><img loading=\"lazy\" decoding=\"async\" width=\"1024\" height=\"576\" src=\"https:\/\/plumanegranoticias.com\/wp-content\/uploads\/2025\/06\/img-20250616-wa00212920705940280752703-1024x576.jpg\" alt=\"\" class=\"wp-image-10713\" srcset=\"https:\/\/plumanegranoticias.com\/wp-content\/uploads\/2025\/06\/img-20250616-wa00212920705940280752703-1024x576.jpg 1024w, https:\/\/plumanegranoticias.com\/wp-content\/uploads\/2025\/06\/img-20250616-wa00212920705940280752703-300x169.jpg 300w, https:\/\/plumanegranoticias.com\/wp-content\/uploads\/2025\/06\/img-20250616-wa00212920705940280752703-768x432.jpg 768w, https:\/\/plumanegranoticias.com\/wp-content\/uploads\/2025\/06\/img-20250616-wa00212920705940280752703-1536x864.jpg 1536w, https:\/\/plumanegranoticias.com\/wp-content\/uploads\/2025\/06\/img-20250616-wa00212920705940280752703.jpg 1600w\" sizes=\"auto, (max-width: 1024px) 100vw, 1024px\" \/><\/figure>\n","protected":false},"excerpt":{"rendered":"<p>\u00c1ngeles Gonz\u00e1lez CeballosXalapa, Ver., Hasta el momento se desconoce cu\u00e1l es la situaci\u00f3n de los veracruzanos detenidos en las redadas que se han llevado a cabo en Los \u00c1ngeles. De los 14 veracruzanos que el senador Manuel Huerta hab\u00eda dado a conocer que estaban detenidos, ahora se sabe que son 12, pero no se tiene&#8230; <\/p>\n<div class=\"clear\"><\/div>\n<p><a href=\"https:\/\/plumanegranoticias.com\/?p=10714\" class=\"excerpt-read-more\">Read More<i class=\"fa fa-caret-right icon-caret-right\"><\/i><\/a><\/p>\n","protected":false},"author":2,"featured_media":10716,"comment_status":"open","ping_status":"open","sticky":false,"template":"","format":"standard","meta":{"om_disable_all_campaigns":false,"_monsterinsights_skip_tracking":false,"_monsterinsights_sitenote_active":false,"_monsterinsights_sitenote_note":"","_monsterinsights_sitenote_category":0,"_uf_show_specific_survey":0,"_uf_disable_surveys":false,"footnotes":""},"categories":[67,8,12],"tags":[18,34,61],"class_list":["post-10714","post","type-post","status-publish","format-standard","has-post-thumbnail","hentry","category-policiaca","category-politica","category-regional","tag-noticia","tag-policiaca","tag-politica"],"aioseo_notices":[],"_links":{"self":[{"href":"https:\/\/plumanegranoticias.com\/index.php?rest_route=\/wp\/v2\/posts\/10714","targetHints":{"allow":["GET"]}}],"collection":[{"href":"https:\/\/plumanegranoticias.com\/index.php?rest_route=\/wp\/v2\/posts"}],"about":[{"href":"https:\/\/plumanegranoticias.com\/index.php?rest_route=\/wp\/v2\/types\/post"}],"author":[{"embeddable":true,"href":"https:\/\/plumanegranoticias.com\/index.php?rest_route=\/wp\/v2\/users\/2"}],"replies":[{"embeddable":true,"href":"https:\/\/plumanegranoticias.com\/index.php?rest_route=%2Fwp%2Fv2%2Fcomments&post=10714"}],"version-history":[{"count":1,"href":"https:\/\/plumanegranoticias.com\/index.php?rest_route=\/wp\/v2\/posts\/10714\/revisions"}],"predecessor-version":[{"id":10715,"href":"https:\/\/plumanegranoticias.com\/index.php?rest_route=\/wp\/v2\/posts\/10714\/revisions\/10715"}],"wp:featuredmedia":[{"embeddable":true,"href":"https:\/\/plumanegranoticias.com\/index.php?rest_route=\/wp\/v2\/media\/10716"}],"wp:attachment":[{"href":"https:\/\/plumanegranoticias.com\/index.php?rest_route=%2Fwp%2Fv2%2Fmedia&parent=10714"}],"wp:term":[{"taxonomy":"category","embeddable":true,"href":"https:\/\/plumanegranoticias.com\/index.php?rest_route=%2Fwp%2Fv2%2Fcategories&post=10714"},{"taxonomy":"post_tag","embeddable":true,"href":"https:\/\/plumanegranoticias.com\/index.php?rest_route=%2Fwp%2Fv2%2Ftags&post=10714"}],"curies":[{"name":"wp","href":"https:\/\/api.w.org\/{rel}","templated":true}]}}