{"id":10743,"date":"2025-06-16T12:42:49","date_gmt":"2025-06-16T18:42:49","guid":{"rendered":"https:\/\/plumanegranoticias.com\/?p=10743"},"modified":"2025-06-16T12:43:11","modified_gmt":"2025-06-16T18:43:11","slug":"imputado-como-probable-responsable-del-delito-de-feminicidio-2","status":"publish","type":"post","link":"https:\/\/plumanegranoticias.com\/?p=10743","title":{"rendered":"Imputado como probable responsable del delito de feminicidio"},"content":{"rendered":"\n<p class=\"MsoNormal\">C\u00f3rdoba, Ver., 16 de junio 2025.- La Fiscal\u00eda Especializada en Investigaci\u00f3n de Delitos de Violencia Contra la Familia, Mujeres, Ni\u00f1as y Ni\u00f1os y Trata de Personas realiz\u00f3 imputaci\u00f3n en contra de Francisco Javier \u201cN\u201d como probable responsable del delito de feminicidio, cometido en agravio de una v\u00edctima con identidad resguardada, con quien mantuvo una relaci\u00f3n sentimental.<\/p>\n\n\n\n<p class=\"MsoNormal\">Hechos ocurridos el 11 de mayo del 2019 en el interior de un domicilio ubicado en Monte Blanco del municipio de Fort\u00edn, en donde el ahora imputado presuntamente violent\u00f3 f\u00edsicamente a la v\u00edctima, teniendo como resultado que perdiera la vida.<\/p>\n\n\n\n<p class=\"MsoNormal\">El juez dict\u00f3 como medida cautelar prisi\u00f3n preventiva oficiosa, dentro del proceso penal 435\/2022.<\/p>\n\n\n\n<figure class=\"wp-block-image\"><img decoding=\"async\" src=\"file:\/\/\/data\/user\/0\/com.microsoft.office.word\/files\/temp\/msohtmlclip\/clip_image002.png\" alt=\"\"\/><\/figure>\n\n\n\n<figure class=\"wp-block-image size-large\"><img loading=\"lazy\" decoding=\"async\" width=\"1024\" height=\"1024\" src=\"https:\/\/plumanegranoticias.com\/wp-content\/uploads\/2025\/06\/img-20250616-wa00407391245219433897896-1024x1024.jpg\" alt=\"\" class=\"wp-image-10742\" srcset=\"https:\/\/plumanegranoticias.com\/wp-content\/uploads\/2025\/06\/img-20250616-wa00407391245219433897896-1024x1024.jpg 1024w, https:\/\/plumanegranoticias.com\/wp-content\/uploads\/2025\/06\/img-20250616-wa00407391245219433897896-300x300.jpg 300w, https:\/\/plumanegranoticias.com\/wp-content\/uploads\/2025\/06\/img-20250616-wa00407391245219433897896-150x150.jpg 150w, https:\/\/plumanegranoticias.com\/wp-content\/uploads\/2025\/06\/img-20250616-wa00407391245219433897896-768x768.jpg 768w, https:\/\/plumanegranoticias.com\/wp-content\/uploads\/2025\/06\/img-20250616-wa00407391245219433897896-400x400.jpg 400w, https:\/\/plumanegranoticias.com\/wp-content\/uploads\/2025\/06\/img-20250616-wa00407391245219433897896.jpg 1080w\" sizes=\"auto, (max-width: 1024px) 100vw, 1024px\" \/><\/figure>\n\n\n\n<figure class=\"wp-block-image\"><img decoding=\"async\" src=\"file:\/\/\/data\/user\/0\/com.microsoft.office.word\/files\/temp\/msohtmlclip\/clip_image004.jpg\" alt=\"\"\/><\/figure>\n","protected":false},"excerpt":{"rendered":"<p>C\u00f3rdoba, Ver., 16 de junio 2025.- La Fiscal\u00eda Especializada en Investigaci\u00f3n de Delitos de Violencia Contra la Familia, Mujeres, Ni\u00f1as y Ni\u00f1os y Trata de Personas realiz\u00f3 imputaci\u00f3n en contra de Francisco Javier \u201cN\u201d como probable responsable del delito de feminicidio, cometido en agravio de una v\u00edctima con identidad resguardada, con quien mantuvo una relaci\u00f3n&#8230; <\/p>\n<div class=\"clear\"><\/div>\n<p><a href=\"https:\/\/plumanegranoticias.com\/?p=10743\" class=\"excerpt-read-more\">Read More<i class=\"fa fa-caret-right icon-caret-right\"><\/i><\/a><\/p>\n","protected":false},"author":2,"featured_media":10745,"comment_status":"open","ping_status":"open","sticky":false,"template":"","format":"standard","meta":{"om_disable_all_campaigns":false,"_monsterinsights_skip_tracking":false,"_monsterinsights_sitenote_active":false,"_monsterinsights_sitenote_note":"","_monsterinsights_sitenote_category":0,"_uf_show_specific_survey":0,"_uf_disable_surveys":false,"footnotes":""},"categories":[16,67,8],"tags":[22,18,30],"class_list":["post-10743","post","type-post","status-publish","format-standard","has-post-thumbnail","hentry","category-plumazos","category-policiaca","category-politica","tag-nota-roja","tag-noticia","tag-plumazos"],"aioseo_notices":[],"_links":{"self":[{"href":"https:\/\/plumanegranoticias.com\/index.php?rest_route=\/wp\/v2\/posts\/10743","targetHints":{"allow":["GET"]}}],"collection":[{"href":"https:\/\/plumanegranoticias.com\/index.php?rest_route=\/wp\/v2\/posts"}],"about":[{"href":"https:\/\/plumanegranoticias.com\/index.php?rest_route=\/wp\/v2\/types\/post"}],"author":[{"embeddable":true,"href":"https:\/\/plumanegranoticias.com\/index.php?rest_route=\/wp\/v2\/users\/2"}],"replies":[{"embeddable":true,"href":"https:\/\/plumanegranoticias.com\/index.php?rest_route=%2Fwp%2Fv2%2Fcomments&post=10743"}],"version-history":[{"count":1,"href":"https:\/\/plumanegranoticias.com\/index.php?rest_route=\/wp\/v2\/posts\/10743\/revisions"}],"predecessor-version":[{"id":10744,"href":"https:\/\/plumanegranoticias.com\/index.php?rest_route=\/wp\/v2\/posts\/10743\/revisions\/10744"}],"wp:featuredmedia":[{"embeddable":true,"href":"https:\/\/plumanegranoticias.com\/index.php?rest_route=\/wp\/v2\/media\/10745"}],"wp:attachment":[{"href":"https:\/\/plumanegranoticias.com\/index.php?rest_route=%2Fwp%2Fv2%2Fmedia&parent=10743"}],"wp:term":[{"taxonomy":"category","embeddable":true,"href":"https:\/\/plumanegranoticias.com\/index.php?rest_route=%2Fwp%2Fv2%2Fcategories&post=10743"},{"taxonomy":"post_tag","embeddable":true,"href":"https:\/\/plumanegranoticias.com\/index.php?rest_route=%2Fwp%2Fv2%2Ftags&post=10743"}],"curies":[{"name":"wp","href":"https:\/\/api.w.org\/{rel}","templated":true}]}}