{"id":10752,"date":"2025-06-18T07:36:41","date_gmt":"2025-06-18T13:36:41","guid":{"rendered":"https:\/\/plumanegranoticias.com\/?p=10752"},"modified":"2025-06-18T07:37:15","modified_gmt":"2025-06-18T13:37:15","slug":"asesinan-a-director-del-penal-de-tuxpan","status":"publish","type":"post","link":"https:\/\/plumanegranoticias.com\/?p=10752","title":{"rendered":"ASESINAN A DIRECTOR DEL PENAL DE TUXPAN"},"content":{"rendered":"\n<p>Informaci\u00f3n de 60minitos.info<\/p>\n\n\n\n<p>TUXPAN, VER.- Un nuevo episodio de violencia sacudi\u00f3 la noche de este martes al municipio de Tuxpan. Antonio Huesca Figueroa, director del Centro de Readaptaci\u00f3n Social (CERESO) de esta ciudad, fue ej\u00a3cutad0 a b@laz0s cuando se encontraba a bordo de su autom\u00f3vil en plena zona centro.<\/p>\n\n\n\n<p>El ataque ocurri\u00f3 sobre la calle Garizurieta, entre Arteaga y Fausto Vega, en la colonia Centro. De acuerdo con reportes preliminares, Huesca Figueroa se encontraba dentro de su veh\u00edculo, un Volkswagen blanco, cuando sujetos armados lo sorprendieron y abrieron fuego contra \u00e9l, dej\u00e1ndolo sin v1da dentro de la unidad.<\/p>\n\n\n\n<p>La escena fue asegurada por elementos de la Polic\u00eda Municipal, quienes resguardaron el per\u00edmetro en espera de personal de Servicios Periciales y de la Polic\u00eda Ministerial, quienes llegaron para realizar las diligencias correspondientes e iniciar la carpeta de investigaci\u00f3n por este homicidio.<\/p>\n\n\n\n<p>Cabe recordar que Antonio Huesca hab\u00eda sido blanco de amenazas directas. El pasado 11 de marzo, una manta con mensaje intimidatorio apareci\u00f3 colgada en las letras tur\u00edsticas de Tuxpan, se\u00f1alando al hoy occiso. El crimen revive las dudas sobre los niveles de riesgo a los que est\u00e1n expuestos los funcionarios del sistema penitenciario en la regi\u00f3n.<\/p>\n\n\n\n<p>La Fiscal\u00eda General del Estado (FGE) ya ha tomado el caso en sus manos y ser\u00e1 la encargada de determinar las l\u00edneas de investigaci\u00f3n, as\u00ed como el posible m\u00f3vil de este asesinato, que apunta a ser una ejecuci\u00f3n directa.<\/p>\n\n\n\n<p>La ejecuci\u00f3n del director del penal ha generado conmoci\u00f3n entre autoridades y la poblaci\u00f3n, reavivando el debate sobre la seguridad p\u00fablica en Tuxpan y el poder de los grupos delictivos en la zona.<\/p>\n\n\n\n<figure class=\"wp-block-image size-large\"><img loading=\"lazy\" decoding=\"async\" width=\"1024\" height=\"568\" src=\"https:\/\/plumanegranoticias.com\/wp-content\/uploads\/2025\/06\/screenshot_2025-06-18-06-22-48-35_a23b203fd3aafc6dcb84e438dda678b68481060886808566460-1024x568.jpg\" alt=\"\" class=\"wp-image-10751\" srcset=\"https:\/\/plumanegranoticias.com\/wp-content\/uploads\/2025\/06\/screenshot_2025-06-18-06-22-48-35_a23b203fd3aafc6dcb84e438dda678b68481060886808566460-1024x568.jpg 1024w, https:\/\/plumanegranoticias.com\/wp-content\/uploads\/2025\/06\/screenshot_2025-06-18-06-22-48-35_a23b203fd3aafc6dcb84e438dda678b68481060886808566460-300x166.jpg 300w, https:\/\/plumanegranoticias.com\/wp-content\/uploads\/2025\/06\/screenshot_2025-06-18-06-22-48-35_a23b203fd3aafc6dcb84e438dda678b68481060886808566460-768x426.jpg 768w, https:\/\/plumanegranoticias.com\/wp-content\/uploads\/2025\/06\/screenshot_2025-06-18-06-22-48-35_a23b203fd3aafc6dcb84e438dda678b68481060886808566460.jpg 1028w\" sizes=\"auto, (max-width: 1024px) 100vw, 1024px\" \/><\/figure>\n","protected":false},"excerpt":{"rendered":"<p>Informaci\u00f3n de 60minitos.info TUXPAN, VER.- Un nuevo episodio de violencia sacudi\u00f3 la noche de este martes al municipio de Tuxpan. Antonio Huesca Figueroa, director del Centro de Readaptaci\u00f3n Social (CERESO) de esta ciudad, fue ej\u00a3cutad0 a b@laz0s cuando se encontraba a bordo de su autom\u00f3vil en plena zona centro. El ataque ocurri\u00f3 sobre la calle&#8230; <\/p>\n<div class=\"clear\"><\/div>\n<p><a href=\"https:\/\/plumanegranoticias.com\/?p=10752\" class=\"excerpt-read-more\">Read More<i class=\"fa fa-caret-right icon-caret-right\"><\/i><\/a><\/p>\n","protected":false},"author":2,"featured_media":10750,"comment_status":"open","ping_status":"open","sticky":false,"template":"","format":"standard","meta":{"om_disable_all_campaigns":false,"_monsterinsights_skip_tracking":false,"_monsterinsights_sitenote_active":false,"_monsterinsights_sitenote_note":"","_monsterinsights_sitenote_category":0,"_uf_show_specific_survey":0,"_uf_disable_surveys":false,"footnotes":""},"categories":[8,12],"tags":[18,34,61],"class_list":["post-10752","post","type-post","status-publish","format-standard","has-post-thumbnail","hentry","category-politica","category-regional","tag-noticia","tag-policiaca","tag-politica"],"aioseo_notices":[],"_links":{"self":[{"href":"https:\/\/plumanegranoticias.com\/index.php?rest_route=\/wp\/v2\/posts\/10752","targetHints":{"allow":["GET"]}}],"collection":[{"href":"https:\/\/plumanegranoticias.com\/index.php?rest_route=\/wp\/v2\/posts"}],"about":[{"href":"https:\/\/plumanegranoticias.com\/index.php?rest_route=\/wp\/v2\/types\/post"}],"author":[{"embeddable":true,"href":"https:\/\/plumanegranoticias.com\/index.php?rest_route=\/wp\/v2\/users\/2"}],"replies":[{"embeddable":true,"href":"https:\/\/plumanegranoticias.com\/index.php?rest_route=%2Fwp%2Fv2%2Fcomments&post=10752"}],"version-history":[{"count":1,"href":"https:\/\/plumanegranoticias.com\/index.php?rest_route=\/wp\/v2\/posts\/10752\/revisions"}],"predecessor-version":[{"id":10753,"href":"https:\/\/plumanegranoticias.com\/index.php?rest_route=\/wp\/v2\/posts\/10752\/revisions\/10753"}],"wp:featuredmedia":[{"embeddable":true,"href":"https:\/\/plumanegranoticias.com\/index.php?rest_route=\/wp\/v2\/media\/10750"}],"wp:attachment":[{"href":"https:\/\/plumanegranoticias.com\/index.php?rest_route=%2Fwp%2Fv2%2Fmedia&parent=10752"}],"wp:term":[{"taxonomy":"category","embeddable":true,"href":"https:\/\/plumanegranoticias.com\/index.php?rest_route=%2Fwp%2Fv2%2Fcategories&post=10752"},{"taxonomy":"post_tag","embeddable":true,"href":"https:\/\/plumanegranoticias.com\/index.php?rest_route=%2Fwp%2Fv2%2Ftags&post=10752"}],"curies":[{"name":"wp","href":"https:\/\/api.w.org\/{rel}","templated":true}]}}