{"id":10756,"date":"2025-06-18T09:50:58","date_gmt":"2025-06-18T15:50:58","guid":{"rendered":"https:\/\/plumanegranoticias.com\/?p=10756"},"modified":"2025-06-18T09:51:19","modified_gmt":"2025-06-18T15:51:19","slug":"protesta-de-transportistas-paraliza-el-relleno-sanitario-de-nogales-y-afecta-a-mas-de-50-municipios","status":"publish","type":"post","link":"https:\/\/plumanegranoticias.com\/?p=10756","title":{"rendered":"Protesta de transportistas paraliza el relleno sanitario de Nogales y afecta a m\u00e1s de 50 municipios"},"content":{"rendered":"\n<p>Nogales, Ver.- Un conflicto laboral ha paralizado las operaciones del relleno sanitario regional de Nogales &#8220;Los Colorines&#8221;, afectando a m\u00e1s de 50 municipios del centro del estado de Veracruz.<br>Desde la ma\u00f1ana de este martes, integrantes de al menos cuatro sindicatos de transportistas materialistas mantienen bloqueados los accesos al sitio, en protesta por lo que consideran una exclusi\u00f3n injustificada de los trabajos operativos dentro del centro de disposici\u00f3n final de residuos.<br>La movilizaci\u00f3n comenz\u00f3 poco despu\u00e9s de las 7 de la ma\u00f1ana, cuando decenas de camiones de carga se apostaron en los accesos del relleno. Representantes sindicales provenientes de municipios como Nogales, R\u00edo Blanco, Mariano Escobedo y Orizaba exigieron un di\u00e1logo directo con los encargados del sitio, al tiempo que acusaron a la administraci\u00f3n de favorecer a transportistas for\u00e1neos y desplazar a los trabajadores locales.<br>\u201cSomos de aqu\u00ed, hemos trabajado durante a\u00f1os en esta regi\u00f3n, y ahora nos est\u00e1n dejando fuera\u201d, expres\u00f3 uno de los l\u00edderes del movimiento, quien pidi\u00f3 mantener el anonimato.<br>La protesta ha generado una suspensi\u00f3n total en la recolecci\u00f3n de basura, ya que el relleno sanitario de Nogales es el \u00fanico sitio autorizado para recibir m\u00e1s de 1,000 toneladas diarias de residuos s\u00f3lidos urbanos en la regi\u00f3n.<br>Tan solo el municipio de Nogales produce unas 18 toneladas al d\u00eda, mientras que ciudades como Orizaba, C\u00f3rdoba y Fort\u00edn reportan vol\u00famenes a\u00fan mayores.<br>Debido a que los camiones recolectores no pueden ingresar al sitio \u201chasta nuevo aviso\u201d, municipios de la regi\u00f3n de las altas monta\u00f1as se han visto afectados y han suspendido de manera temporal los servicios de recolecci\u00f3n de basura.<br>Entre los ayuntamientos que han realizado la suspensi\u00f3n del servicio de recolecci\u00f3n de basura se encuentra: Maltrata, R\u00edo Blanco, Huiloapan, Ixtaczoquitl\u00e1n, Atzacan, Mariano Escobedo, La Perla, Coscomatepec, Huatusco, Paso del Macho y Acultzingo, entre otras.<br>En algunos casos, las autoridades municipales han comenzado a acumular los residuos en instalaciones alternas mientras buscan soluciones provisionales.<br>Hasta el momento, la administraci\u00f3n del relleno sanitario no ha emitido un posicionamiento p\u00fablico ni ha iniciado mesas de negociaci\u00f3n, lo que ha incrementado el malestar entre los manifestantes, quienes advierten que el plant\u00f3n podr\u00eda prolongarse de forma indefinida.<br>La situaci\u00f3n ya ha encendido las alertas entre autoridades regionales. Diversos alcaldes han solicitado la intervenci\u00f3n urgente de la Secretar\u00eda de Medio Ambiente (SEDEMA) y de la Secretar\u00eda de Gobierno del Estado para mediar en el conflicto, ante el riesgo de una crisis ambiental y de salud p\u00fablica.<br>Expertos en gesti\u00f3n de residuos advierten que la acumulaci\u00f3n de basura por m\u00e1s de 72 horas puede derivar en la proliferaci\u00f3n de fauna nociva, malos olores, focos de infecci\u00f3n y riesgos sanitarios para la poblaci\u00f3n, particularmente en zonas urbanas densamente pobladas como C\u00f3rdoba y Orizaba.<\/p>\n\n\n\n<figure class=\"wp-block-image size-large\"><img loading=\"lazy\" decoding=\"async\" width=\"1024\" height=\"576\" src=\"https:\/\/plumanegranoticias.com\/wp-content\/uploads\/2025\/06\/img-20250618-wa0024272285571917336948-1024x576.jpg\" alt=\"\" class=\"wp-image-10754\" srcset=\"https:\/\/plumanegranoticias.com\/wp-content\/uploads\/2025\/06\/img-20250618-wa0024272285571917336948-1024x576.jpg 1024w, https:\/\/plumanegranoticias.com\/wp-content\/uploads\/2025\/06\/img-20250618-wa0024272285571917336948-300x169.jpg 300w, https:\/\/plumanegranoticias.com\/wp-content\/uploads\/2025\/06\/img-20250618-wa0024272285571917336948-768x432.jpg 768w, https:\/\/plumanegranoticias.com\/wp-content\/uploads\/2025\/06\/img-20250618-wa0024272285571917336948.jpg 1280w\" sizes=\"auto, (max-width: 1024px) 100vw, 1024px\" \/><\/figure>\n\n\n\n<figure class=\"wp-block-image\"><img loading=\"lazy\" decoding=\"async\" width=\"1024\" height=\"576\" src=\"https:\/\/plumanegranoticias.com\/wp-content\/uploads\/2025\/06\/img-20250618-wa00238117904780821249688-1024x576.jpg\" alt=\"\" class=\"wp-image-10755\" srcset=\"https:\/\/plumanegranoticias.com\/wp-content\/uploads\/2025\/06\/img-20250618-wa00238117904780821249688-1024x576.jpg 1024w, https:\/\/plumanegranoticias.com\/wp-content\/uploads\/2025\/06\/img-20250618-wa00238117904780821249688-300x169.jpg 300w, https:\/\/plumanegranoticias.com\/wp-content\/uploads\/2025\/06\/img-20250618-wa00238117904780821249688-768x432.jpg 768w, https:\/\/plumanegranoticias.com\/wp-content\/uploads\/2025\/06\/img-20250618-wa00238117904780821249688.jpg 1280w\" sizes=\"auto, (max-width: 1024px) 100vw, 1024px\" \/><\/figure>\n","protected":false},"excerpt":{"rendered":"<p>Nogales, Ver.- Un conflicto laboral ha paralizado las operaciones del relleno sanitario regional de Nogales &#8220;Los Colorines&#8221;, afectando a m\u00e1s de 50 municipios del centro del estado de Veracruz.Desde la ma\u00f1ana de este martes, integrantes de al menos cuatro sindicatos de transportistas materialistas mantienen bloqueados los accesos al sitio, en protesta por lo que consideran&#8230; <\/p>\n<div class=\"clear\"><\/div>\n<p><a href=\"https:\/\/plumanegranoticias.com\/?p=10756\" class=\"excerpt-read-more\">Read More<i class=\"fa fa-caret-right icon-caret-right\"><\/i><\/a><\/p>\n","protected":false},"author":2,"featured_media":10758,"comment_status":"open","ping_status":"open","sticky":false,"template":"","format":"standard","meta":{"om_disable_all_campaigns":false,"_monsterinsights_skip_tracking":false,"_monsterinsights_sitenote_active":false,"_monsterinsights_sitenote_note":"","_monsterinsights_sitenote_category":0,"_uf_show_specific_survey":0,"_uf_disable_surveys":false,"footnotes":""},"categories":[13,67,12],"tags":[22,18,30],"class_list":["post-10756","post","type-post","status-publish","format-standard","has-post-thumbnail","hentry","category-nota-roja","category-policiaca","category-regional","tag-nota-roja","tag-noticia","tag-plumazos"],"aioseo_notices":[],"_links":{"self":[{"href":"https:\/\/plumanegranoticias.com\/index.php?rest_route=\/wp\/v2\/posts\/10756","targetHints":{"allow":["GET"]}}],"collection":[{"href":"https:\/\/plumanegranoticias.com\/index.php?rest_route=\/wp\/v2\/posts"}],"about":[{"href":"https:\/\/plumanegranoticias.com\/index.php?rest_route=\/wp\/v2\/types\/post"}],"author":[{"embeddable":true,"href":"https:\/\/plumanegranoticias.com\/index.php?rest_route=\/wp\/v2\/users\/2"}],"replies":[{"embeddable":true,"href":"https:\/\/plumanegranoticias.com\/index.php?rest_route=%2Fwp%2Fv2%2Fcomments&post=10756"}],"version-history":[{"count":1,"href":"https:\/\/plumanegranoticias.com\/index.php?rest_route=\/wp\/v2\/posts\/10756\/revisions"}],"predecessor-version":[{"id":10757,"href":"https:\/\/plumanegranoticias.com\/index.php?rest_route=\/wp\/v2\/posts\/10756\/revisions\/10757"}],"wp:featuredmedia":[{"embeddable":true,"href":"https:\/\/plumanegranoticias.com\/index.php?rest_route=\/wp\/v2\/media\/10758"}],"wp:attachment":[{"href":"https:\/\/plumanegranoticias.com\/index.php?rest_route=%2Fwp%2Fv2%2Fmedia&parent=10756"}],"wp:term":[{"taxonomy":"category","embeddable":true,"href":"https:\/\/plumanegranoticias.com\/index.php?rest_route=%2Fwp%2Fv2%2Fcategories&post=10756"},{"taxonomy":"post_tag","embeddable":true,"href":"https:\/\/plumanegranoticias.com\/index.php?rest_route=%2Fwp%2Fv2%2Ftags&post=10756"}],"curies":[{"name":"wp","href":"https:\/\/api.w.org\/{rel}","templated":true}]}}