{"id":10767,"date":"2025-06-19T08:55:01","date_gmt":"2025-06-19T14:55:01","guid":{"rendered":"https:\/\/plumanegranoticias.com\/?p=10767"},"modified":"2025-06-19T08:55:24","modified_gmt":"2025-06-19T14:55:24","slug":"cierran-juarez-por-el-injusto-cese-del-director-del-cpx","status":"publish","type":"post","link":"https:\/\/plumanegranoticias.com\/?p=10767","title":{"rendered":"Cierran Ju\u00e1rez por el injusto cese del director del CPX"},"content":{"rendered":"\n<p>La educaci\u00f3n debe ser ejemplo de justicia y la escuela un lugar seguro, expres\u00f3 el maestro<\/p>\n\n\n\n<p>\u00c1ngeles Gonz\u00e1lez Ceballos<br>Xalapa, Ver. La ma\u00f1ana de este jueves padres y madres de familia de los estudiantes del Colegio Preparatorio de Xalapa (CPX), cerraron la calle Ju\u00e1rez, en protesta por el injusto cese y reinstalaci\u00f3n del director Luis Manuel Gonz\u00e1lez Garc\u00eda.<\/p>\n\n\n\n<p>El cierre de la c\u00e9ntrica calle va desde Lucio hasta la calle Revoluci\u00f3n, en protesta por el cese del profesor, quien ha recibido un sin n\u00famero de muestras de apoyo por los injustos se\u00f1alamientos en su contra de acoso sexual, porque abraza a los j\u00f3venes cuando ingresan al plantel por las ma\u00f1anas.<\/p>\n\n\n\n<p>A trav\u00e9s de sus redes, el profesor Luis Manuel afirm\u00f3 que ha servido con sentido de innovaci\u00f3n y respeto a la educaci\u00f3n p\u00fablica y a las necesidades de sus alumnos.<\/p>\n\n\n\n<p>Asimismo, destac\u00f3 que a lo largo de su trayectoria como maestro ha formado j\u00f3venes para que sean personas exitosas, pero sobre todo, personas felices.<\/p>\n\n\n\n<p>&#8220;Hace unos d\u00edas fui separado de mi cargo por una acusaci\u00f3n que a\u00fan no ha sido esclarecida, conf\u00edo que la verdad saldr\u00e1 a la luz, pero sobre todo, conf\u00edo en las autoridades que llevan el proceso, en su probidad y seriedad.<\/p>\n\n\n\n<p>S\u00f3lo pido que las cosas se hagan conforme a Derecho y de forma justa, como se espera de una instituci\u00f3n que es responsable de la educaci\u00f3n de los veracruzanos&#8221;, manifest\u00f3.<\/p>\n\n\n\n<p>El directivo dijo que ya ha aportado todas las pruebas, respetado los plazos y procedimientos que le fij\u00f3 la autoridad.<\/p>\n\n\n\n<p>Agradeci\u00f3 por supuesto a la comunidad del Colegio por levantar la voz con respeto y dignidad, por lo que refrend\u00f3 su compromiso con ellos.<\/p>\n\n\n\n<p>Sostuvo que hoy m\u00e1s que nunca la educaci\u00f3n debe ser ejemplo de justicia y la escuela un lugar seguro.<\/p>\n\n\n\n<p>Se comprometi\u00f3 a seguir dando los resultados positivos que se exigen de la educaci\u00f3n p\u00fablica en Veracruz.<\/p>\n\n\n\n<p>&#8220;Soy Luis Manuel Gonz\u00e1lez, creo en la educaci\u00f3n, creo en la justicia y creo en la verdad&#8221;, concluy\u00f3 el docente.<\/p>\n\n\n\n<figure class=\"wp-block-image size-large\"><img loading=\"lazy\" decoding=\"async\" width=\"1024\" height=\"768\" src=\"https:\/\/plumanegranoticias.com\/wp-content\/uploads\/2025\/06\/img-20250619-wa00283425916101083167156-1024x768.jpg\" alt=\"\" class=\"wp-image-10765\" srcset=\"https:\/\/plumanegranoticias.com\/wp-content\/uploads\/2025\/06\/img-20250619-wa00283425916101083167156-1024x768.jpg 1024w, https:\/\/plumanegranoticias.com\/wp-content\/uploads\/2025\/06\/img-20250619-wa00283425916101083167156-300x225.jpg 300w, https:\/\/plumanegranoticias.com\/wp-content\/uploads\/2025\/06\/img-20250619-wa00283425916101083167156-768x576.jpg 768w, https:\/\/plumanegranoticias.com\/wp-content\/uploads\/2025\/06\/img-20250619-wa00283425916101083167156-1536x1152.jpg 1536w, https:\/\/plumanegranoticias.com\/wp-content\/uploads\/2025\/06\/img-20250619-wa00283425916101083167156-400x300.jpg 400w, https:\/\/plumanegranoticias.com\/wp-content\/uploads\/2025\/06\/img-20250619-wa00283425916101083167156.jpg 1600w\" sizes=\"auto, (max-width: 1024px) 100vw, 1024px\" \/><\/figure>\n\n\n\n<figure class=\"wp-block-image\"><img loading=\"lazy\" decoding=\"async\" width=\"1024\" height=\"533\" src=\"https:\/\/plumanegranoticias.com\/wp-content\/uploads\/2025\/06\/img-20250619-wa00276931912318699019730-1024x533.jpg\" alt=\"\" class=\"wp-image-10764\" srcset=\"https:\/\/plumanegranoticias.com\/wp-content\/uploads\/2025\/06\/img-20250619-wa00276931912318699019730-1024x533.jpg 1024w, https:\/\/plumanegranoticias.com\/wp-content\/uploads\/2025\/06\/img-20250619-wa00276931912318699019730-300x156.jpg 300w, https:\/\/plumanegranoticias.com\/wp-content\/uploads\/2025\/06\/img-20250619-wa00276931912318699019730-768x400.jpg 768w, https:\/\/plumanegranoticias.com\/wp-content\/uploads\/2025\/06\/img-20250619-wa00276931912318699019730.jpg 1224w\" sizes=\"auto, (max-width: 1024px) 100vw, 1024px\" \/><\/figure>\n\n\n\n<figure class=\"wp-block-image\"><img loading=\"lazy\" decoding=\"async\" width=\"1024\" height=\"575\" src=\"https:\/\/plumanegranoticias.com\/wp-content\/uploads\/2025\/06\/img-20250618-wa01561379600981232802687-1024x575.jpg\" alt=\"\" class=\"wp-image-10766\" srcset=\"https:\/\/plumanegranoticias.com\/wp-content\/uploads\/2025\/06\/img-20250618-wa01561379600981232802687-1024x575.jpg 1024w, https:\/\/plumanegranoticias.com\/wp-content\/uploads\/2025\/06\/img-20250618-wa01561379600981232802687-300x169.jpg 300w, https:\/\/plumanegranoticias.com\/wp-content\/uploads\/2025\/06\/img-20250618-wa01561379600981232802687-768x431.jpg 768w, https:\/\/plumanegranoticias.com\/wp-content\/uploads\/2025\/06\/img-20250618-wa01561379600981232802687.jpg 1280w\" sizes=\"auto, (max-width: 1024px) 100vw, 1024px\" \/><\/figure>\n","protected":false},"excerpt":{"rendered":"<p>La educaci\u00f3n debe ser ejemplo de justicia y la escuela un lugar seguro, expres\u00f3 el maestro \u00c1ngeles Gonz\u00e1lez CeballosXalapa, Ver. La ma\u00f1ana de este jueves padres y madres de familia de los estudiantes del Colegio Preparatorio de Xalapa (CPX), cerraron la calle Ju\u00e1rez, en protesta por el injusto cese y reinstalaci\u00f3n del director Luis Manuel&#8230; <\/p>\n<div class=\"clear\"><\/div>\n<p><a href=\"https:\/\/plumanegranoticias.com\/?p=10767\" class=\"excerpt-read-more\">Read More<i class=\"fa fa-caret-right icon-caret-right\"><\/i><\/a><\/p>\n","protected":false},"author":2,"featured_media":10769,"comment_status":"open","ping_status":"open","sticky":false,"template":"","format":"standard","meta":{"om_disable_all_campaigns":false,"_monsterinsights_skip_tracking":false,"_monsterinsights_sitenote_active":false,"_monsterinsights_sitenote_note":"","_monsterinsights_sitenote_category":0,"_uf_show_specific_survey":0,"_uf_disable_surveys":false,"footnotes":""},"categories":[67,8,12],"tags":[18,30],"class_list":["post-10767","post","type-post","status-publish","format-standard","has-post-thumbnail","hentry","category-policiaca","category-politica","category-regional","tag-noticia","tag-plumazos"],"aioseo_notices":[],"_links":{"self":[{"href":"https:\/\/plumanegranoticias.com\/index.php?rest_route=\/wp\/v2\/posts\/10767","targetHints":{"allow":["GET"]}}],"collection":[{"href":"https:\/\/plumanegranoticias.com\/index.php?rest_route=\/wp\/v2\/posts"}],"about":[{"href":"https:\/\/plumanegranoticias.com\/index.php?rest_route=\/wp\/v2\/types\/post"}],"author":[{"embeddable":true,"href":"https:\/\/plumanegranoticias.com\/index.php?rest_route=\/wp\/v2\/users\/2"}],"replies":[{"embeddable":true,"href":"https:\/\/plumanegranoticias.com\/index.php?rest_route=%2Fwp%2Fv2%2Fcomments&post=10767"}],"version-history":[{"count":1,"href":"https:\/\/plumanegranoticias.com\/index.php?rest_route=\/wp\/v2\/posts\/10767\/revisions"}],"predecessor-version":[{"id":10768,"href":"https:\/\/plumanegranoticias.com\/index.php?rest_route=\/wp\/v2\/posts\/10767\/revisions\/10768"}],"wp:featuredmedia":[{"embeddable":true,"href":"https:\/\/plumanegranoticias.com\/index.php?rest_route=\/wp\/v2\/media\/10769"}],"wp:attachment":[{"href":"https:\/\/plumanegranoticias.com\/index.php?rest_route=%2Fwp%2Fv2%2Fmedia&parent=10767"}],"wp:term":[{"taxonomy":"category","embeddable":true,"href":"https:\/\/plumanegranoticias.com\/index.php?rest_route=%2Fwp%2Fv2%2Fcategories&post=10767"},{"taxonomy":"post_tag","embeddable":true,"href":"https:\/\/plumanegranoticias.com\/index.php?rest_route=%2Fwp%2Fv2%2Ftags&post=10767"}],"curies":[{"name":"wp","href":"https:\/\/api.w.org\/{rel}","templated":true}]}}