{"id":10772,"date":"2025-06-19T10:01:03","date_gmt":"2025-06-19T16:01:03","guid":{"rendered":"https:\/\/plumanegranoticias.com\/?p=10772"},"modified":"2025-06-19T10:02:32","modified_gmt":"2025-06-19T16:02:32","slug":"esteban-ramirez-debe-irse-de-morena-atzin-calderon","status":"publish","type":"post","link":"https:\/\/plumanegranoticias.com\/?p=10772","title":{"rendered":"Esteban Ram\u00edrez debe irse de Morena; Atzin Calder\u00f3n"},"content":{"rendered":"\n<p>El reconocido militante del movimiento, exigi\u00f3 a Ram\u00edrez Zepeta, deje la dirigencia y d\u00e9 paso a verdaderos morenistas.<\/p>\n\n\n\n<ul class=\"wp-block-list\">\n<li><\/li>\n<\/ul>\n\n\n\n<p>Armando Azamar | San Andr\u00e9s Tuxtla, Ver.<\/p>\n\n\n\n<p>Las pasadas elecciones para la renovaci\u00f3n de las 212 alcald\u00edas del estado de Veracruz, fueron un parteaguas para entender sobre las malas decisiones que ha tomado el a\u00fan dirigente Estatal de Morena en Veracruz, Esteban Ram\u00edrez Zepeta, a\u00fan cuando se pensaba que se llevar\u00edan carro casi completo, en el pasado ejercicio democr\u00e1tico se di\u00f3 un rev\u00e9s, y se perdieron varios municipios, resultados de la imposici\u00f3n de candidatos por la venta de candidaturas que llev\u00f3 a cabo Ram\u00edrez Zepeta, y es que esto, es un secreto a voces, pues la inconformidad contra los malos actos de este personaje viene creciendo como una bola de nieve.<\/p>\n\n\n\n<p>Juan Carlos Atzin Calder\u00f3n, dirigente y uno de los fundadores de Morena, refiri\u00f3 que es necesario llamar a cuentas al dirigente Estatal del partido, al tiempo de exigir su renuncia de la dirigencia, pues consider\u00f3 que solo se ha encargado de llevar al colapso a las verdaderas bases del movimiento.<\/p>\n\n\n\n<p>&#8220;Es necesaria la renuncia de Esteban Ram\u00edrez Zepeta y tambi\u00e9n, es necesario llamar a un proceso de autocr\u00edtica y reconstrucci\u00f3n del movimiento, del humanismo mexicano que hemos construido por m\u00e1s de 15 a\u00f1os&#8221;.<\/p>\n\n\n\n<p>Por la salud del movimiento, como fundador, militante y simpatizante, estoy convencido de la necesidad de la autocr\u00edtica y un gran acuerdo de unidad, en el cual es necesaria su renuncia y una renovaci\u00f3n del movimiento sin dedazo, sin amiguismo, influyentismo o cualquier otro mal del pasado, exijo como fundador del movimiento que rinda cuentas y que se acaben tiempos de malas decisiones alejadas de la voluntad del pueblo&#8221;, enfatiz\u00f3.<\/p>\n\n\n\n<p>Hizo un llamado a las verdaderas bases de Morena a defender el movimiento, a\u00fan cuando el actual dirigente se ha encargado de llevar al colapso el trabajo de muchos personajes, que de anta\u00f1o defendieron la causa del ex mandatario Andr\u00e9s Manuel L\u00f3pez Obrador.<\/p>\n\n\n\n<p>Por ello, dijo la pr\u00f3xima designaci\u00f3n del dirigente Estatal de Morena en Veracruz, debe ser sin dedazo, que se ejerza la democracia y sobre todo, que se escuchen a las bases de cepa, esos que han sido olvidados por Ram\u00edrez Zepeta por intereses mezquinos.<\/p>\n\n\n\n<figure class=\"wp-block-image size-large\"><img loading=\"lazy\" decoding=\"async\" width=\"819\" height=\"1024\" src=\"https:\/\/plumanegranoticias.com\/wp-content\/uploads\/2025\/06\/img-20250619-wa00416627271280689626783-819x1024.jpg\" alt=\"\" class=\"wp-image-10770\" srcset=\"https:\/\/plumanegranoticias.com\/wp-content\/uploads\/2025\/06\/img-20250619-wa00416627271280689626783-819x1024.jpg 819w, https:\/\/plumanegranoticias.com\/wp-content\/uploads\/2025\/06\/img-20250619-wa00416627271280689626783-240x300.jpg 240w, https:\/\/plumanegranoticias.com\/wp-content\/uploads\/2025\/06\/img-20250619-wa00416627271280689626783-768x960.jpg 768w, https:\/\/plumanegranoticias.com\/wp-content\/uploads\/2025\/06\/img-20250619-wa00416627271280689626783-440x550.jpg 440w, https:\/\/plumanegranoticias.com\/wp-content\/uploads\/2025\/06\/img-20250619-wa00416627271280689626783.jpg 1080w\" sizes=\"auto, (max-width: 819px) 100vw, 819px\" \/><\/figure>\n","protected":false},"excerpt":{"rendered":"<p>El reconocido militante del movimiento, exigi\u00f3 a Ram\u00edrez Zepeta, deje la dirigencia y d\u00e9 paso a verdaderos morenistas. Armando Azamar | San Andr\u00e9s Tuxtla, Ver. Las pasadas elecciones para la renovaci\u00f3n de las 212 alcald\u00edas del estado de Veracruz, fueron un parteaguas para entender sobre las malas decisiones que ha tomado el a\u00fan dirigente Estatal&#8230; <\/p>\n<div class=\"clear\"><\/div>\n<p><a href=\"https:\/\/plumanegranoticias.com\/?p=10772\" class=\"excerpt-read-more\">Read More<i class=\"fa fa-caret-right icon-caret-right\"><\/i><\/a><\/p>\n","protected":false},"author":2,"featured_media":10771,"comment_status":"open","ping_status":"open","sticky":false,"template":"","format":"standard","meta":{"om_disable_all_campaigns":false,"_monsterinsights_skip_tracking":false,"_monsterinsights_sitenote_active":false,"_monsterinsights_sitenote_note":"","_monsterinsights_sitenote_category":0,"_uf_show_specific_survey":0,"_uf_disable_surveys":false,"footnotes":""},"categories":[67,8,12],"tags":[18,34,61],"class_list":["post-10772","post","type-post","status-publish","format-standard","has-post-thumbnail","hentry","category-policiaca","category-politica","category-regional","tag-noticia","tag-policiaca","tag-politica"],"aioseo_notices":[],"_links":{"self":[{"href":"https:\/\/plumanegranoticias.com\/index.php?rest_route=\/wp\/v2\/posts\/10772","targetHints":{"allow":["GET"]}}],"collection":[{"href":"https:\/\/plumanegranoticias.com\/index.php?rest_route=\/wp\/v2\/posts"}],"about":[{"href":"https:\/\/plumanegranoticias.com\/index.php?rest_route=\/wp\/v2\/types\/post"}],"author":[{"embeddable":true,"href":"https:\/\/plumanegranoticias.com\/index.php?rest_route=\/wp\/v2\/users\/2"}],"replies":[{"embeddable":true,"href":"https:\/\/plumanegranoticias.com\/index.php?rest_route=%2Fwp%2Fv2%2Fcomments&post=10772"}],"version-history":[{"count":1,"href":"https:\/\/plumanegranoticias.com\/index.php?rest_route=\/wp\/v2\/posts\/10772\/revisions"}],"predecessor-version":[{"id":10773,"href":"https:\/\/plumanegranoticias.com\/index.php?rest_route=\/wp\/v2\/posts\/10772\/revisions\/10773"}],"wp:featuredmedia":[{"embeddable":true,"href":"https:\/\/plumanegranoticias.com\/index.php?rest_route=\/wp\/v2\/media\/10771"}],"wp:attachment":[{"href":"https:\/\/plumanegranoticias.com\/index.php?rest_route=%2Fwp%2Fv2%2Fmedia&parent=10772"}],"wp:term":[{"taxonomy":"category","embeddable":true,"href":"https:\/\/plumanegranoticias.com\/index.php?rest_route=%2Fwp%2Fv2%2Fcategories&post=10772"},{"taxonomy":"post_tag","embeddable":true,"href":"https:\/\/plumanegranoticias.com\/index.php?rest_route=%2Fwp%2Fv2%2Ftags&post=10772"}],"curies":[{"name":"wp","href":"https:\/\/api.w.org\/{rel}","templated":true}]}}