{"id":10780,"date":"2025-06-19T10:38:34","date_gmt":"2025-06-19T16:38:34","guid":{"rendered":"https:\/\/plumanegranoticias.com\/?p=10780"},"modified":"2025-06-19T10:39:18","modified_gmt":"2025-06-19T16:39:18","slug":"por-impacto-de-erick-llovera-mayormente-en-zona-montanosa-central-spc","status":"publish","type":"post","link":"https:\/\/plumanegranoticias.com\/?p=10780","title":{"rendered":"Por impacto de Erick llover\u00e1 mayormente en zona monta\u00f1osa central: SPC"},"content":{"rendered":"\n<p>Se mantendr\u00e1 Alerta Gris hasta el fin de semana<\/p>\n\n\n\n<p>Angeles Gonz\u00e1lez Ceballos<br \/>Xalapa, Ver. La secretar\u00eda de Protecci\u00f3n Civil del Estado, Guadalupe Osorno Maldonado, inform\u00f3 que derivado del impacto del hurac\u00e1n Erick, que ingres\u00f3 a costas mexicanas la madrugada de este jueves como hurac\u00e1n categor\u00eda 3; las lluvias m\u00e1s fuertes en Veracruz ser\u00e1n en la zona monta\u00f1osa central.<\/p>\n\n\n\n<p>En entrevista en una radio local, la funcionaria puntualiz\u00f3 que eso no quiera decir que no llevar\u00e1 en el Estado, as\u00ed ser\u00e1, tambi\u00e9n llover\u00e1 en el norte y centro de la Entidad.<\/p>\n\n\n\n<p>\u201cTuvimos un r\u00e9cord hist\u00f3rico en San Juan Evangelista por ejemplo, pero las afectaciones han sido menores, muy relacionadas con infraestructura sin poner en da\u00f1o a la poblaci\u00f3n de manera directa, vamos a seguir monitoreando la situaci\u00f3n el d\u00eda de hoy\u201d, indic\u00f3 y mencion\u00f3 que un d\u00eda llovieron 180 mil\u00edmetros.<\/p>\n\n\n\n<p>Rechaz\u00f3 que hasta el momento haya habido la necesidad de activar albergues, pero ya tienen identificados los sitios donde podr\u00edan quedar los refugios temporales, en caso de ser necesario.<\/p>\n\n\n\n<p>Asimismo, inform\u00f3 que a pesar del temporal lluvioso que antecedi\u00f3 el impacto de Erick, ning\u00fan r\u00edo se ha desbordado, pero se est\u00e1n monitoreando constantemente, sobre todo en la zona norte donde se espera que haya este jueves lluvias importantes.<\/p>\n\n\n\n<p>No descart\u00f3 que se pudieran presentar algunos deslizamientos y por ello, pidi\u00f3 a la gente que vive en zonas de laderas que ante cualquier \u201ctronido\u201d o ruido de la tierra, vibraciones o grietas en el suelo, se salgan inmediatamente y lo reporten al 911.<\/p>\n\n\n\n<p>Osorno Maldonado enfatiz\u00f3 que este jueves y hasta el fin de semana seguir\u00e1 lloviendo bastante, por lo que existe la probabilidad de que haya deslaves o deslizamientos de tierra y, aunque espera que esto no ocurra, en dado caso de que as\u00ed fuera, est\u00e1n preparados para atender la emergencia.<\/p>\n\n\n\n<p>Finalmente, la funcionaria defini\u00f3 que la Alerta Gris se mantendr\u00e1 los d\u00edas que sean necesarios.<\/p>\n\n\n\n<figure class=\"wp-block-image size-large\"><img loading=\"lazy\" decoding=\"async\" width=\"1024\" height=\"768\" src=\"https:\/\/plumanegranoticias.com\/wp-content\/uploads\/2025\/06\/img-20250618-wa015934992096062553950-1024x768.jpg\" alt=\"\" class=\"wp-image-10778\" srcset=\"https:\/\/plumanegranoticias.com\/wp-content\/uploads\/2025\/06\/img-20250618-wa015934992096062553950-1024x768.jpg 1024w, https:\/\/plumanegranoticias.com\/wp-content\/uploads\/2025\/06\/img-20250618-wa015934992096062553950-300x225.jpg 300w, https:\/\/plumanegranoticias.com\/wp-content\/uploads\/2025\/06\/img-20250618-wa015934992096062553950-768x576.jpg 768w, https:\/\/plumanegranoticias.com\/wp-content\/uploads\/2025\/06\/img-20250618-wa015934992096062553950-1536x1152.jpg 1536w, https:\/\/plumanegranoticias.com\/wp-content\/uploads\/2025\/06\/img-20250618-wa015934992096062553950-400x300.jpg 400w, https:\/\/plumanegranoticias.com\/wp-content\/uploads\/2025\/06\/img-20250618-wa015934992096062553950.jpg 1600w\" sizes=\"auto, (max-width: 1024px) 100vw, 1024px\" \/><\/figure>\n","protected":false},"excerpt":{"rendered":"<p>Se mantendr\u00e1 Alerta Gris hasta el fin de semana Angeles Gonz\u00e1lez CeballosXalapa, Ver. La secretar\u00eda de Protecci\u00f3n Civil del Estado, Guadalupe Osorno Maldonado, inform\u00f3 que derivado del impacto del hurac\u00e1n Erick, que ingres\u00f3 a costas mexicanas la madrugada de este jueves como hurac\u00e1n categor\u00eda 3; las lluvias m\u00e1s fuertes en Veracruz ser\u00e1n en la zona&#8230; <\/p>\n<div class=\"clear\"><\/div>\n<p><a href=\"https:\/\/plumanegranoticias.com\/?p=10780\" class=\"excerpt-read-more\">Read More<i class=\"fa fa-caret-right icon-caret-right\"><\/i><\/a><\/p>\n","protected":false},"author":2,"featured_media":10779,"comment_status":"open","ping_status":"open","sticky":false,"template":"","format":"standard","meta":{"om_disable_all_campaigns":false,"_monsterinsights_skip_tracking":false,"_monsterinsights_sitenote_active":false,"_monsterinsights_sitenote_note":"","_monsterinsights_sitenote_category":0,"_uf_show_specific_survey":0,"_uf_disable_surveys":false,"footnotes":""},"categories":[13,8,12],"tags":[20,18,30],"class_list":["post-10780","post","type-post","status-publish","format-standard","has-post-thumbnail","hentry","category-nota-roja","category-politica","category-regional","tag-negocios","tag-noticia","tag-plumazos"],"aioseo_notices":[],"_links":{"self":[{"href":"https:\/\/plumanegranoticias.com\/index.php?rest_route=\/wp\/v2\/posts\/10780","targetHints":{"allow":["GET"]}}],"collection":[{"href":"https:\/\/plumanegranoticias.com\/index.php?rest_route=\/wp\/v2\/posts"}],"about":[{"href":"https:\/\/plumanegranoticias.com\/index.php?rest_route=\/wp\/v2\/types\/post"}],"author":[{"embeddable":true,"href":"https:\/\/plumanegranoticias.com\/index.php?rest_route=\/wp\/v2\/users\/2"}],"replies":[{"embeddable":true,"href":"https:\/\/plumanegranoticias.com\/index.php?rest_route=%2Fwp%2Fv2%2Fcomments&post=10780"}],"version-history":[{"count":1,"href":"https:\/\/plumanegranoticias.com\/index.php?rest_route=\/wp\/v2\/posts\/10780\/revisions"}],"predecessor-version":[{"id":10781,"href":"https:\/\/plumanegranoticias.com\/index.php?rest_route=\/wp\/v2\/posts\/10780\/revisions\/10781"}],"wp:featuredmedia":[{"embeddable":true,"href":"https:\/\/plumanegranoticias.com\/index.php?rest_route=\/wp\/v2\/media\/10779"}],"wp:attachment":[{"href":"https:\/\/plumanegranoticias.com\/index.php?rest_route=%2Fwp%2Fv2%2Fmedia&parent=10780"}],"wp:term":[{"taxonomy":"category","embeddable":true,"href":"https:\/\/plumanegranoticias.com\/index.php?rest_route=%2Fwp%2Fv2%2Fcategories&post=10780"},{"taxonomy":"post_tag","embeddable":true,"href":"https:\/\/plumanegranoticias.com\/index.php?rest_route=%2Fwp%2Fv2%2Ftags&post=10780"}],"curies":[{"name":"wp","href":"https:\/\/api.w.org\/{rel}","templated":true}]}}