{"id":10793,"date":"2025-06-19T11:29:11","date_gmt":"2025-06-19T17:29:11","guid":{"rendered":"https:\/\/plumanegranoticias.com\/?p=10793"},"modified":"2025-06-19T11:31:18","modified_gmt":"2025-06-19T17:31:18","slug":"cese-en-mi-contra-persecucion-politica-no-existe-denuncia-ante-la-fge-por-acoso-sexual-exdirector-de-cpx","status":"publish","type":"post","link":"https:\/\/plumanegranoticias.com\/?p=10793","title":{"rendered":"Cese en mi contra \u201cpersecuci\u00f3n pol\u00edtica\u201d, no existe denuncia ante la FGE por acoso sexual: exdirector de CPX"},"content":{"rendered":"\n<p>-Profesor Luis Manuel reconoce que se ha opuesto p\u00fablicamente a la forma de evaluaci\u00f3n a los estudiantes<br \/>-En sus redes personales ha mantenido una actitud cr\u00edtica contra el Gobierno por eso le quitaron sus dos plazas, no hubo ninguna investigaci\u00f3n<br \/>-Abrazar a los estudiantes no est\u00e1 prohibido en ning\u00fan reglamento o ley<\/p>\n\n\n\n<p>\u00c1ngeles Gonz\u00e1lez Ceballos<br>Xalapa, Ver.El ahora exdirector del Colegio Preparatorio de Xalapa, profesor Luis Manuel Garc\u00eda Gonz\u00e1lez, lament\u00f3 que la Secretar\u00eda de Educaci\u00f3n de Veracruz (SEV) no s\u00f3lo lo haya removido como director del plantel escolar, sino que adem\u00e1s se le hayan quitados sus dos plazas a pesar de que no ten\u00eda una sola mancha en su expediente y de que es \u201ctotalmente falso\u201d que haya existido una denuncia en su contra por acoso sexual.<\/p>\n\n\n\n<p>Por lo que se\u00f1al\u00f3 que lo suyo es una \u201cpersecuci\u00f3n pol\u00edtica\u201d, porque ha estado opuesto a \u201cesta expresi\u00f3n de Gobierno\u201d.<\/p>\n\n\n\n<p>\u201cLo que yo he hecho es decir, cuando no estoy de acuerdo con acciones, especialmente en lo t\u00e9cnico pedag\u00f3gico, me he expresado cuando esas acciones no corresponden con lo que se tiene que hacer.<\/p>\n\n\n\n<p>Por ejemplo, cuando se ha tratado de que a los alumnos se les eval\u00fae tomando un porcentaje arbitrario de las evidencias del aprendizaje y el examen, yo manifest\u00e9 que eso no era procedente, que las normas de avaluaci\u00f3n ordenaban que las academias de cada escuela y cada maestro, deb\u00eda determinarlo y eso no ha sido bien recibido\u201d, extern\u00f3.<\/p>\n\n\n\n<p>Adem\u00e1s, reconoci\u00f3 que en sus redes personales ha mantenido una actitud cr\u00edtica de la actuaci\u00f3n del Gobierno, lo que le hace pensar que eso fue lo que gener\u00f3 las acciones en su contra.<\/p>\n\n\n\n<p>Se\u00f1al\u00f3 que hab\u00edan definido que se iba a dar un periodo de 10 d\u00edas para investigar los supuestos hechos en su contra, sin embargo, no llamaron a los testigos que present\u00f3, tampoco entrevistaron a los estudiantes para tener una idea de lo que estaba pasando, es decir, nunca se hizo una investigaci\u00f3n.<\/p>\n\n\n\n<p>\u201cEl se\u00f1alamiento es que una madre de familia, respecto a un estudiante menor de edad, dijo que una actividad que tenemos desde hace 4 a\u00f1os, de recibir a los alumnos en la puerta, para ella constitu\u00eda acoso sexual, nosotros acreditamos que no era as\u00ed y, no obstante, la Secretar\u00eda est\u00e1 reaccionando y diciendo que basta el dicho de una madre de familia, a\u00fan cuando las evidencias son contrarias, para que se aplique la m\u00e1xima sanci\u00f3n\u201d, lament\u00f3.<\/p>\n\n\n\n<p>Coment\u00f3 que siempre se dice que est\u00e1 prohibido tocar a los ni\u00f1os, sin embargo, pidi\u00f3 que se le muestre una circular, alg\u00fan lineamiento o ley donde se defina tal situaci\u00f3n, por lo que consider\u00f3 que deber\u00eda ser obligaci\u00f3n tener una vida escolar m\u00e1s afectiva, que haya un trato m\u00e1s humano para que las personas se sientan mejor recibidos en las escuelas, m\u00e1s c\u00f3modos.<\/p>\n\n\n\n<p>El docente sostiene que si los abrazos fueran un delito, todos estar\u00edamos en la c\u00e1rcel, pero aclar\u00f3 que no eran obligatorios, el alumno o alumna que as\u00ed lo quer\u00eda, entraba chocando el pu\u00f1o, con saludo de mano, incluso algunos s\u00f3lo dec\u00edan buenos d\u00edas e ingresaban al plantel.<\/p>\n\n\n\n<p>Indic\u00f3 que sus abogados presentaron todas las pruebas y sin embargo, este mi\u00e9rcoles decidieron cesarlo de su cargo y quitarle sus plazas.<\/p>\n\n\n\n<p>Por ello, rog\u00f3 a la gobernadora Roc\u00edo Nahle Garc\u00eda voltear a ver este tema y darse cuenta que contrario a lo que ella ha ordenado a todos sus servidores p\u00fablicos, esto se trata de una persecuci\u00f3n pol\u00edtica fraguada desde la SEV.<\/p>\n\n\n\n<p>Record\u00f3 que los \u00faltimos cuatro a\u00f1os al frente de la prepa Ju\u00e1rez lo hizo a trav\u00e9s de un concurso, nadie lo puso ni le facilit\u00f3 el lugar, adem\u00e1s fue el mejor evaluado en todo el Estado, lo que le dio el derecho a estar como director de dicho plantel escolar.<\/p>\n\n\n\n<p>En ese sentido, este a\u00f1o volvi\u00f3 a concursar para prorrogar su lugar y volvi\u00f3 a obtener el mayor puntaje de todos, ya que se necesitaban 70 puntos y obtuvo 94 puntos.<\/p>\n\n\n\n<p>Destac\u00f3 que en 4 a\u00f1os que estuvo al frente del Colegio logr\u00f3 recuperar el patrimonio, el piano hist\u00f3rico, el edificio que ha sido remozado, se mejoraron ba\u00f1os, entre muchos otros, adem\u00e1s de que en cuanto a educaci\u00f3n, tienen el mejor resultado en la Entidad.<\/p>\n\n\n\n<p>\u201cSorpresivamente el d\u00eda que salieron los resultados y que me favorec\u00edan para estar 4 a\u00f1os m\u00e1s a partir del 1 de septiembre, la Direcci\u00f3n General de Bachillerato (DGB), envi\u00f3 a representantes a removerme y a poner a una persona que ya llevaban para que fuera directora de la escuela, persona que desde luego no cuenta con ninguno de los m\u00e9ritos de evaluaci\u00f3n\u201d, se\u00f1al\u00f3.<\/p>\n\n\n\n<p>Expuso que las quejas que se presentaron en su contra eran de tipo administrativas, pero curiosamente la DGB mand\u00f3 a traer a los quejosos en su contra, en el periodo de los 10 d\u00edas que le hab\u00edan dado para hacer las investigaciones y el deslinde correspondiente.<\/p>\n\n\n\n<p>Incluso ya sab\u00edan que hab\u00eda denuncias por acoso sexual, informaci\u00f3n que primero filtraron a los medios de comunicaci\u00f3n con todo y los errores que s\u00f3lo la SEV conoce.<\/p>\n\n\n\n<p>NO EXIST\u00cdA DENUNCIA ANTE LA FISCAL\u00cdA GENERAL DEL ESTADO POR ACOSO SEXUAL<\/p>\n\n\n\n<p>Por su parte, el abogado Roberto Pablo Mercado Zamora, explic\u00f3 que la denuncia, contrario a lo que se\u00f1alaron el director de DGB, el director jur\u00eddico de la SEV o el Oficial Mayor, de que exist\u00eda una denuncia previa en contra del maestro Luis Manuel por acoso sexual ante la Fiscal\u00eda General del Estado, \u201ces totalmente falso\u201d.<\/p>\n\n\n\n<p>Explic\u00f3 que el supuesto n\u00famero de carpeta de investigaci\u00f3n que filtraron a los medios de comunicaci\u00f3n, por el presunto delito de acoso sexual, es \u201ctotal y absolutamente falso\u201d.<\/p>\n\n\n\n<p>Explic\u00f3 que la denuncia que se present\u00f3 en contra del profesor Luis Manuel fue el 3 de junio y fue por violencia de g\u00e9nero.<\/p>\n\n\n\n<p>En ese sentido, expuso que lo que habr\u00eda dado motivo a esto es que a la quejosa no se le permiti\u00f3 realizar un proyecto en el Colegio, de manera que aleg\u00f3 discriminaci\u00f3n y violencia de g\u00e9nero.<\/p>\n\n\n\n<p>El representante legal del exdirector enfatiz\u00f3 que la queja y la denuncia que se present\u00f3 en contra del profesor fue el d\u00eda 3 de junio, es decir, despu\u00e9s de que la DGB intentara separarlo de manera temporal del cargo de director, por el tiempo que deb\u00eda durar la investigaci\u00f3n por el supuesto delito de acoso sexual, que no exist\u00eda.<\/p>\n\n\n\n<p>En ese sentido, explic\u00f3 que la SEV dijo que actu\u00f3 con base en un protocolo y le aplicaron una medida de suspensi\u00f3n temporal, pero deb\u00eda dar vista a la Fiscal\u00eda, cosa que nunca hizo.<\/p>\n\n\n\n<p>\u201cLa queja es del 21 de mayo de este a\u00f1o, es una queja por discriminaci\u00f3n en contra de un menor, maltrato infantil y acoso sexual, ese es el protocolo que aplicaron y que le aplican una medida al maestro, sin embargo, ten\u00edan la obligaci\u00f3n de darle vista a la Fiscal\u00eda y no lo hicieron\u201d, se\u00f1al\u00f3.<\/p>\n\n\n\n<p>De manera que le aplican el cese de sus funciones y de sus plazas, lo cual es completamente ilegal y contraria a derechos humanos, por lo que har\u00e1n valer los recursos jur\u00eddicos a los que tiene derecho el profesor, ya sea por la v\u00eda administrativa, laboral o v\u00eda de amparo contra el cese.<\/p>\n\n\n\n<p>Finalmente, el abogado sostuvo que no tiene la menor duda de que el docente ser\u00e1 reinstalado, incluso que tendr\u00e1n que disculparse con el profesor.<\/p>\n\n\n\n<figure class=\"wp-block-image size-large\"><img loading=\"lazy\" decoding=\"async\" width=\"1024\" height=\"577\" src=\"https:\/\/plumanegranoticias.com\/wp-content\/uploads\/2025\/06\/img-20250619-wa01097217600045782973359-1024x577.jpg\" alt=\"\" class=\"wp-image-10792\" srcset=\"https:\/\/plumanegranoticias.com\/wp-content\/uploads\/2025\/06\/img-20250619-wa01097217600045782973359-1024x577.jpg 1024w, https:\/\/plumanegranoticias.com\/wp-content\/uploads\/2025\/06\/img-20250619-wa01097217600045782973359-300x169.jpg 300w, https:\/\/plumanegranoticias.com\/wp-content\/uploads\/2025\/06\/img-20250619-wa01097217600045782973359-768x433.jpg 768w, https:\/\/plumanegranoticias.com\/wp-content\/uploads\/2025\/06\/img-20250619-wa01097217600045782973359-1536x866.jpg 1536w, https:\/\/plumanegranoticias.com\/wp-content\/uploads\/2025\/06\/img-20250619-wa01097217600045782973359.jpg 1600w\" sizes=\"auto, (max-width: 1024px) 100vw, 1024px\" \/><\/figure>\n","protected":false},"excerpt":{"rendered":"<p>-Profesor Luis Manuel reconoce que se ha opuesto p\u00fablicamente a la forma de evaluaci\u00f3n a los estudiantes-En sus redes personales ha mantenido una actitud cr\u00edtica contra el Gobierno por eso le quitaron sus dos plazas, no hubo ninguna investigaci\u00f3n-Abrazar a los estudiantes no est\u00e1 prohibido en ning\u00fan reglamento o ley \u00c1ngeles Gonz\u00e1lez CeballosXalapa, Ver.El ahora&#8230; <\/p>\n<div class=\"clear\"><\/div>\n<p><a href=\"https:\/\/plumanegranoticias.com\/?p=10793\" class=\"excerpt-read-more\">Read More<i class=\"fa fa-caret-right icon-caret-right\"><\/i><\/a><\/p>\n","protected":false},"author":2,"featured_media":10795,"comment_status":"open","ping_status":"open","sticky":false,"template":"","format":"standard","meta":{"om_disable_all_campaigns":false,"_monsterinsights_skip_tracking":false,"_monsterinsights_sitenote_active":false,"_monsterinsights_sitenote_note":"","_monsterinsights_sitenote_category":0,"_uf_show_specific_survey":0,"_uf_disable_surveys":false,"footnotes":""},"categories":[8,12],"tags":[61,19],"class_list":["post-10793","post","type-post","status-publish","format-standard","has-post-thumbnail","hentry","category-politica","category-regional","tag-politica","tag-regional"],"aioseo_notices":[],"_links":{"self":[{"href":"https:\/\/plumanegranoticias.com\/index.php?rest_route=\/wp\/v2\/posts\/10793","targetHints":{"allow":["GET"]}}],"collection":[{"href":"https:\/\/plumanegranoticias.com\/index.php?rest_route=\/wp\/v2\/posts"}],"about":[{"href":"https:\/\/plumanegranoticias.com\/index.php?rest_route=\/wp\/v2\/types\/post"}],"author":[{"embeddable":true,"href":"https:\/\/plumanegranoticias.com\/index.php?rest_route=\/wp\/v2\/users\/2"}],"replies":[{"embeddable":true,"href":"https:\/\/plumanegranoticias.com\/index.php?rest_route=%2Fwp%2Fv2%2Fcomments&post=10793"}],"version-history":[{"count":1,"href":"https:\/\/plumanegranoticias.com\/index.php?rest_route=\/wp\/v2\/posts\/10793\/revisions"}],"predecessor-version":[{"id":10794,"href":"https:\/\/plumanegranoticias.com\/index.php?rest_route=\/wp\/v2\/posts\/10793\/revisions\/10794"}],"wp:featuredmedia":[{"embeddable":true,"href":"https:\/\/plumanegranoticias.com\/index.php?rest_route=\/wp\/v2\/media\/10795"}],"wp:attachment":[{"href":"https:\/\/plumanegranoticias.com\/index.php?rest_route=%2Fwp%2Fv2%2Fmedia&parent=10793"}],"wp:term":[{"taxonomy":"category","embeddable":true,"href":"https:\/\/plumanegranoticias.com\/index.php?rest_route=%2Fwp%2Fv2%2Fcategories&post=10793"},{"taxonomy":"post_tag","embeddable":true,"href":"https:\/\/plumanegranoticias.com\/index.php?rest_route=%2Fwp%2Fv2%2Ftags&post=10793"}],"curies":[{"name":"wp","href":"https:\/\/api.w.org\/{rel}","templated":true}]}}