{"id":10812,"date":"2025-06-19T11:50:43","date_gmt":"2025-06-19T17:50:43","guid":{"rendered":"https:\/\/plumanegranoticias.com\/?p=10812"},"modified":"2025-06-19T11:51:32","modified_gmt":"2025-06-19T17:51:32","slug":"imputado-como-probable-responsable-del-delito-de-homicidio-doloso","status":"publish","type":"post","link":"https:\/\/plumanegranoticias.com\/?p=10812","title":{"rendered":"Imputado como probable responsable del delito de homicidio doloso"},"content":{"rendered":"\n<p class=\"MsoNormal\">Nanchital, Ver., 19 de junio 2025.- La Fiscal\u00eda Regional Coatzacoalcos realiz\u00f3 imputaci\u00f3n en contra de Ra\u00fal Alberto \u201cN\u201d como probable responsable del delito de homicidio doloso, cometido en agravio de J.M.A.H.<\/p>\n\n\n\n<p class=\"MsoNormal\">Hechos ocurridos el 4 de abril del a\u00f1o en curso, cuando presuntamente particip\u00f3 en la privaci\u00f3n de la vida de la v\u00edctima, utilizando un arma blanca.<\/p>\n\n\n\n<p class=\"MsoNormal\">El juez dict\u00f3 como medida cautelar prisi\u00f3n preventiva oficiosa.<\/p>\n\n\n\n<figure class=\"wp-block-image size-large\"><img loading=\"lazy\" decoding=\"async\" width=\"1024\" height=\"1024\" src=\"https:\/\/plumanegranoticias.com\/wp-content\/uploads\/2025\/06\/img-20250619-wa01123673725591282456502-1024x1024.jpg\" alt=\"\" class=\"wp-image-10810\" srcset=\"https:\/\/plumanegranoticias.com\/wp-content\/uploads\/2025\/06\/img-20250619-wa01123673725591282456502-1024x1024.jpg 1024w, https:\/\/plumanegranoticias.com\/wp-content\/uploads\/2025\/06\/img-20250619-wa01123673725591282456502-300x300.jpg 300w, https:\/\/plumanegranoticias.com\/wp-content\/uploads\/2025\/06\/img-20250619-wa01123673725591282456502-150x150.jpg 150w, https:\/\/plumanegranoticias.com\/wp-content\/uploads\/2025\/06\/img-20250619-wa01123673725591282456502-768x768.jpg 768w, https:\/\/plumanegranoticias.com\/wp-content\/uploads\/2025\/06\/img-20250619-wa01123673725591282456502-400x400.jpg 400w, https:\/\/plumanegranoticias.com\/wp-content\/uploads\/2025\/06\/img-20250619-wa01123673725591282456502.jpg 1200w\" sizes=\"auto, (max-width: 1024px) 100vw, 1024px\" \/><\/figure>\n\n\n\n<figure class=\"wp-block-image\"><img decoding=\"async\" src=\"file:\/\/\/data\/user\/0\/com.microsoft.office.word\/files\/temp\/msohtmlclip\/clip_image002.png\" alt=\"\"\/><\/figure>\n\n\n\n<figure class=\"wp-block-image\"><img decoding=\"async\" src=\"file:\/\/\/data\/user\/0\/com.microsoft.office.word\/files\/temp\/msohtmlclip\/clip_image004.jpg\" alt=\"\"\/><\/figure>\n","protected":false},"excerpt":{"rendered":"<p>Nanchital, Ver., 19 de junio 2025.- La Fiscal\u00eda Regional Coatzacoalcos realiz\u00f3 imputaci\u00f3n en contra de Ra\u00fal Alberto \u201cN\u201d como probable responsable del delito de homicidio doloso, cometido en agravio de J.M.A.H. Hechos ocurridos el 4 de abril del a\u00f1o en curso, cuando presuntamente particip\u00f3 en la privaci\u00f3n de la vida de la v\u00edctima, utilizando un&#8230; <\/p>\n<div class=\"clear\"><\/div>\n<p><a href=\"https:\/\/plumanegranoticias.com\/?p=10812\" class=\"excerpt-read-more\">Read More<i class=\"fa fa-caret-right icon-caret-right\"><\/i><\/a><\/p>\n","protected":false},"author":2,"featured_media":10809,"comment_status":"open","ping_status":"open","sticky":false,"template":"","format":"standard","meta":{"om_disable_all_campaigns":false,"_monsterinsights_skip_tracking":false,"_monsterinsights_sitenote_active":false,"_monsterinsights_sitenote_note":"","_monsterinsights_sitenote_category":0,"_uf_show_specific_survey":0,"_uf_disable_surveys":false,"footnotes":""},"categories":[67,8,12],"tags":[34,19],"class_list":["post-10812","post","type-post","status-publish","format-standard","has-post-thumbnail","hentry","category-policiaca","category-politica","category-regional","tag-policiaca","tag-regional"],"aioseo_notices":[],"_links":{"self":[{"href":"https:\/\/plumanegranoticias.com\/index.php?rest_route=\/wp\/v2\/posts\/10812","targetHints":{"allow":["GET"]}}],"collection":[{"href":"https:\/\/plumanegranoticias.com\/index.php?rest_route=\/wp\/v2\/posts"}],"about":[{"href":"https:\/\/plumanegranoticias.com\/index.php?rest_route=\/wp\/v2\/types\/post"}],"author":[{"embeddable":true,"href":"https:\/\/plumanegranoticias.com\/index.php?rest_route=\/wp\/v2\/users\/2"}],"replies":[{"embeddable":true,"href":"https:\/\/plumanegranoticias.com\/index.php?rest_route=%2Fwp%2Fv2%2Fcomments&post=10812"}],"version-history":[{"count":1,"href":"https:\/\/plumanegranoticias.com\/index.php?rest_route=\/wp\/v2\/posts\/10812\/revisions"}],"predecessor-version":[{"id":10813,"href":"https:\/\/plumanegranoticias.com\/index.php?rest_route=\/wp\/v2\/posts\/10812\/revisions\/10813"}],"wp:featuredmedia":[{"embeddable":true,"href":"https:\/\/plumanegranoticias.com\/index.php?rest_route=\/wp\/v2\/media\/10809"}],"wp:attachment":[{"href":"https:\/\/plumanegranoticias.com\/index.php?rest_route=%2Fwp%2Fv2%2Fmedia&parent=10812"}],"wp:term":[{"taxonomy":"category","embeddable":true,"href":"https:\/\/plumanegranoticias.com\/index.php?rest_route=%2Fwp%2Fv2%2Fcategories&post=10812"},{"taxonomy":"post_tag","embeddable":true,"href":"https:\/\/plumanegranoticias.com\/index.php?rest_route=%2Fwp%2Fv2%2Ftags&post=10812"}],"curies":[{"name":"wp","href":"https:\/\/api.w.org\/{rel}","templated":true}]}}