{"id":10816,"date":"2025-06-19T12:02:58","date_gmt":"2025-06-19T18:02:58","guid":{"rendered":"https:\/\/plumanegranoticias.com\/?p=10816"},"modified":"2025-06-19T12:04:02","modified_gmt":"2025-06-19T18:04:02","slug":"platanito-show-dara-cabida-a-nueva-generacion-de-comediantes-en-veracruz","status":"publish","type":"post","link":"https:\/\/plumanegranoticias.com\/?p=10816","title":{"rendered":"Platanito Show dar\u00e1 cabida a nueva generaci\u00f3n de comediantes en Veracruz"},"content":{"rendered":"\n<p>Alejandro \u00c1vila<\/p>\n\n\n\n<p>Veracruz, Ver.- Llegaron a tierras jarochas Platanito Show, Alma Sure\u00f1a y junto con el veracruzano Gato Ulacia, confirmaron el espect\u00e1culo de comedia que tendr\u00e1n en el auditorio Benito Ju\u00e1rez el pr\u00f3ximo viernes 25 de julio.<\/p>\n\n\n\n<p>Platanito se dijo estar emocionado y complacido de compartir el escenario con gente joven, con sangre nueva en la comedia.<\/p>\n\n\n\n<p>\u201cEs un gusto estar con ellos, con la m\u00fasica de comedia de Alma Sure\u00f1a y con el humor de Gato Ulacia, un joven con mucho porvenir (\u2026) Tengo 47 a\u00f1os en la comedia y eso me da mucho gusto, estar con gente nueva\u201d, coment\u00f3 Platanito Show.<\/p>\n\n\n\n<p>Durante la conferencia de prensa, Platanito, Alma Sure\u00f1a y Gato Ulacia prometieron un gran espect\u00e1culo de comedia: \u201cSon tres horas de comedia, de risas, de carcajadas (\u2026) Tres comediantes por el costo de uno y que nadie en Veracruz y sus alrededores se puede perder\u201d, agregaron.<\/p>\n\n\n\n<p>Los comediantes y m\u00fasicos aprovecharon el momento y la ocasi\u00f3n para anunciar una impactante promoci\u00f3n en las zonas: Gran VIP (1,200.00); Zona VIP (800.00); Luneta baja (700.00) y Luneta alta (500.00) \u00a1Y meses sin intereses!, desde este mi\u00e9rcoles 18 y hasta el domingo 22 de junio a trav\u00e9s de la plataforma: Super Boletos<\/p>\n\n\n\n<figure class=\"wp-block-image size-large\"><img loading=\"lazy\" decoding=\"async\" width=\"1024\" height=\"683\" src=\"https:\/\/plumanegranoticias.com\/wp-content\/uploads\/2025\/06\/img-20250619-wa01321261902205051943271-1024x683.jpg\" alt=\"\" class=\"wp-image-10815\" srcset=\"https:\/\/plumanegranoticias.com\/wp-content\/uploads\/2025\/06\/img-20250619-wa01321261902205051943271-1024x683.jpg 1024w, https:\/\/plumanegranoticias.com\/wp-content\/uploads\/2025\/06\/img-20250619-wa01321261902205051943271-300x200.jpg 300w, https:\/\/plumanegranoticias.com\/wp-content\/uploads\/2025\/06\/img-20250619-wa01321261902205051943271-768x512.jpg 768w, https:\/\/plumanegranoticias.com\/wp-content\/uploads\/2025\/06\/img-20250619-wa01321261902205051943271.jpg 1080w\" sizes=\"auto, (max-width: 1024px) 100vw, 1024px\" \/><\/figure>\n","protected":false},"excerpt":{"rendered":"<p>Alejandro \u00c1vila Veracruz, Ver.- Llegaron a tierras jarochas Platanito Show, Alma Sure\u00f1a y junto con el veracruzano Gato Ulacia, confirmaron el espect\u00e1culo de comedia que tendr\u00e1n en el auditorio Benito Ju\u00e1rez el pr\u00f3ximo viernes 25 de julio. Platanito se dijo estar emocionado y complacido de compartir el escenario con gente joven, con sangre nueva en&#8230; <\/p>\n<div class=\"clear\"><\/div>\n<p><a href=\"https:\/\/plumanegranoticias.com\/?p=10816\" class=\"excerpt-read-more\">Read More<i class=\"fa fa-caret-right icon-caret-right\"><\/i><\/a><\/p>\n","protected":false},"author":2,"featured_media":10814,"comment_status":"open","ping_status":"open","sticky":false,"template":"","format":"standard","meta":{"om_disable_all_campaigns":false,"_monsterinsights_skip_tracking":false,"_monsterinsights_sitenote_active":false,"_monsterinsights_sitenote_note":"","_monsterinsights_sitenote_category":0,"_uf_show_specific_survey":0,"_uf_disable_surveys":false,"footnotes":""},"categories":[10,9],"tags":[61,19],"class_list":["post-10816","post","type-post","status-publish","format-standard","has-post-thumbnail","hentry","category-sociales","category-tendencias","tag-politica","tag-regional"],"aioseo_notices":[],"_links":{"self":[{"href":"https:\/\/plumanegranoticias.com\/index.php?rest_route=\/wp\/v2\/posts\/10816","targetHints":{"allow":["GET"]}}],"collection":[{"href":"https:\/\/plumanegranoticias.com\/index.php?rest_route=\/wp\/v2\/posts"}],"about":[{"href":"https:\/\/plumanegranoticias.com\/index.php?rest_route=\/wp\/v2\/types\/post"}],"author":[{"embeddable":true,"href":"https:\/\/plumanegranoticias.com\/index.php?rest_route=\/wp\/v2\/users\/2"}],"replies":[{"embeddable":true,"href":"https:\/\/plumanegranoticias.com\/index.php?rest_route=%2Fwp%2Fv2%2Fcomments&post=10816"}],"version-history":[{"count":1,"href":"https:\/\/plumanegranoticias.com\/index.php?rest_route=\/wp\/v2\/posts\/10816\/revisions"}],"predecessor-version":[{"id":10817,"href":"https:\/\/plumanegranoticias.com\/index.php?rest_route=\/wp\/v2\/posts\/10816\/revisions\/10817"}],"wp:featuredmedia":[{"embeddable":true,"href":"https:\/\/plumanegranoticias.com\/index.php?rest_route=\/wp\/v2\/media\/10814"}],"wp:attachment":[{"href":"https:\/\/plumanegranoticias.com\/index.php?rest_route=%2Fwp%2Fv2%2Fmedia&parent=10816"}],"wp:term":[{"taxonomy":"category","embeddable":true,"href":"https:\/\/plumanegranoticias.com\/index.php?rest_route=%2Fwp%2Fv2%2Fcategories&post=10816"},{"taxonomy":"post_tag","embeddable":true,"href":"https:\/\/plumanegranoticias.com\/index.php?rest_route=%2Fwp%2Fv2%2Ftags&post=10816"}],"curies":[{"name":"wp","href":"https:\/\/api.w.org\/{rel}","templated":true}]}}