{"id":10828,"date":"2025-06-19T13:08:24","date_gmt":"2025-06-19T19:08:24","guid":{"rendered":"https:\/\/plumanegranoticias.com\/?p=10828"},"modified":"2025-06-19T13:09:41","modified_gmt":"2025-06-19T19:09:41","slug":"exigen-a-urbanizadora-cumplir-con-vialidades","status":"publish","type":"post","link":"https:\/\/plumanegranoticias.com\/?p=10828","title":{"rendered":"EXIGEN A URBANIZADORA CUMPLIR CON VIALIDADES"},"content":{"rendered":"\n<p class=\"MsoNormal\">Veracruz., Vecinos de El Tejar,\u00a0 Medell\u00edn de Bravo exigen la urbanizadora Barqu\u00edn que resuelva la problem\u00e1tica de vialidades en los desarrollos de vivienda en ese municipio, que durante las lluvias provocan severos problemas de tr\u00e1nsito en la zona.<\/p>\n\n\n\n<p class=\"MsoNormal\">Antonio Fern\u00e1ndez Cueto declar\u00f3 que desde el 2002, la empresa desarroll\u00f3 las unidades de Puente Moreno, Lagos de Puente Morena y Arboledas San Ram\u00f3n, pero no cumpli\u00f3 los compromisos a largo plazo de generar condiciones de vialidad para las comunidades aleda\u00f1as.<\/p>\n\n\n\n<p>Se\u00f1al\u00f3 que existe un nuevo proyecto inmobiliario frente a Puente Moreno -Ciudad Natura- \u201cimag\u00ednense si nos construyen m\u00e1s casas por d\u00f3nde vamos a salir, si no se aportan vialidades a las comunidades\u201d, dijo.<\/p>\n\n\n\n<p>Farf\u00e1n del Cueto enlist\u00f3 las irregularidades de la empresa:<\/p>\n\n\n\n<p class=\"MsoNormal\">En el dictamen de desarrollo urbano integral complementario de fecha 31 de marzo de 2011 expedido por el instituto veracruzano de desarrollo urbano, regional y vivienda de la secretaria de desarrollo social del estado de Veracruz, en su p\u00e1gina 6 \u00faltimo p\u00e1rrafo dice literalmente \u201cEL PRESENTE DICTAMEN NO AUTORIZA MOVIMIENTOS DE TIERRA Y\/O INICIO DE OBRA, PROYECTO DE LOTIFICACION, VENTA DE LOTES Y\/O VIVIENDAS, PARA LO CUAL DEBERA DEMOSTRAR HABER CUBIERTO TODAS Y CADA UNA DE LAS CONDICIONES IMPUESTAS, DEBIENDOSE DEMOSTRAR DOCUMENTALMENTE EL COMPLEMENTO DEL EXPEDIENTE ANTE LA AUTORIDAD CORRESPONDIENTE, EXISTIENDO LA VIGENCIA DE UN A\u00d1O PARA TAL CUMPLIMIENTO \u201d.<\/p>\n\n\n\n<p class=\"MsoNormal\">2.&nbsp;&nbsp;&nbsp;&nbsp;&nbsp;&nbsp;&nbsp;&nbsp;&nbsp;&nbsp; En el mismo dictamen en la p\u00e1gina 7 primer p\u00e1rrafo, dice \u201cAL VENCIMIENTO DEL PLAZO DE VIGENCIA, EN CASO DE NO HABER OCUPADO EL PREDIO PARA EL USO PRETENDIDO, O REQUERIR EL CAMBIO DE USO OTORGADO, DEBERA SOLICITAR LA ACTUALIZACION O AUTORIZACION CORRESPONDIENTE, DEMOSATRANDO DOCUMENTALMENTE, EL SOPORTE TECNICO DE LA NUEVA PETICION. \u201c<\/p>\n\n\n\n<p class=\"MsoNormal\">3.&nbsp;&nbsp;&nbsp;&nbsp;&nbsp;&nbsp;&nbsp;&nbsp;&nbsp;&nbsp; En la constancia de zonificaci\u00f3n definitiva para el fraccionamiento lagos de puente moreno, expedido por el director de licencias y planeaci\u00f3n urbana del ayuntamiento de Medell\u00edn de Bravo de fecha 26 de noviembre de 2013. En su hoja 2 donde se encuentran todos los detalles cumplidos, NO EXISTE EVIDENCIA QUE CUMPLA CON EL PERMISO O CONSESION QUE AUTORICE EL CRUCE DE VIA A NIVEL POR PARTE DE SCT, FERROSUR O FERROMEX PARA EL TERCER ACCESO VEHICULAR. Por lo tanto, es evidente que esta incompleto y debe revocarse.<\/p>\n\n\n\n<p class=\"MsoNormal\">4.&nbsp;&nbsp;&nbsp;&nbsp;&nbsp;&nbsp;&nbsp;&nbsp;&nbsp;&nbsp; En el RESOLUTIVO CONDICIONADO EN MATERIA DE IMPACTO AMBIENTAL de fecha 7 de agosto de 2017, expedido por el director general de prevenci\u00f3n y control de la contaminaci\u00f3n y evaluaci\u00f3n ambiental de la secretaria del medio ambiente del estado de Veracruz de Ignacio de la llave, en su considerado XXV \u201cSE INFORMA A \u00c9L PROMOVENTE QUE EL PRESENTE RESOLUTIVO EN MATERIA DE IMPACTO AMBIENTAL \u00daNICAMENTE ES RELATIVO A LOS ASPECTOS AMBIENTALES DEL PROYECTO PRESENTADO ANTE ESTA DEPENDENCIA Y SE VINCULA CON LOS PROBABLES DESEQUILIBRIOS ECOLOGICOS QUE EL MISMO PUEDA GENERAR EN TERMINOS DE LA LE ESTATAL DE PROTECCION AMBIENTAL, DESTACANDO QUE NO CONSTITUYE UN PERMISO DE CONSTRUCCION, PERMISO DE INICIO DE OBRAS O CUALQUIER OTRA AUTORIZACION QUE SEA FACULTAD DE UNA AUTORIDAD DIVERSA A LA QUE EMITE EL PRESENTE RESOLUTIVO\u201d<\/p>\n\n\n\n<p class=\"MsoNormal\">5.&nbsp;&nbsp;&nbsp;&nbsp;&nbsp;&nbsp;&nbsp;&nbsp;&nbsp;&nbsp; En el considerado XXVI, \u201cDEBERA NOTIFICAR A ESTA DEPENDENCIA Y A LA PROCURADURIA ESTATAL DE PROTECCION DEL MEDIO AMBIENTE, EL INICIO Y CONCLUSION DE OBRA, EN UN PLAZO NO MAYOR DE QUINCE DIAS DESPUES DE HABER LLEVADO A CABO DICHAS ACCIONES\u201d y que no cumpli\u00f3.<\/p>\n\n\n\n<p class=\"MsoNormal\">6.&nbsp;&nbsp;&nbsp;&nbsp;&nbsp;&nbsp;&nbsp;&nbsp;&nbsp;&nbsp; En el mismo resolutivo, en el considerado XXVII, dice claramente que tiene una duraci\u00f3n de 12 meses a partir de su notificaci\u00f3n y puede ser prorrogado siempre y cuando el PROMOVENTE LO SOLICITE POR ESCRITO CON QUINCE DIAS NATURALES DE ANTELACION A LA FECHA DE SU VENCIMIENTO Y FUNDAMENTE DEBIDAMENTE LA CAUSA DE SU TAL SOLICITUD, cosa que no se cumpli\u00f3.<\/p>\n\n\n\n<p class=\"MsoNormal\">7.\u00a0\u00a0\u00a0\u00a0\u00a0\u00a0\u00a0\u00a0\u00a0\u00a0 No exhibi\u00f3 el dictamen t\u00e9cnico de riesgos emitido por la secretaria de protecci\u00f3n civil estatal,<\/p>\n\n\n\n<figure class=\"wp-block-image size-large\"><img loading=\"lazy\" decoding=\"async\" width=\"768\" height=\"1024\" src=\"https:\/\/plumanegranoticias.com\/wp-content\/uploads\/2025\/06\/img-20250619-wa00512048032074535502249-768x1024.jpg\" alt=\"\" class=\"wp-image-10822\" srcset=\"https:\/\/plumanegranoticias.com\/wp-content\/uploads\/2025\/06\/img-20250619-wa00512048032074535502249-768x1024.jpg 768w, https:\/\/plumanegranoticias.com\/wp-content\/uploads\/2025\/06\/img-20250619-wa00512048032074535502249-225x300.jpg 225w, https:\/\/plumanegranoticias.com\/wp-content\/uploads\/2025\/06\/img-20250619-wa00512048032074535502249-1152x1536.jpg 1152w, https:\/\/plumanegranoticias.com\/wp-content\/uploads\/2025\/06\/img-20250619-wa00512048032074535502249.jpg 1200w\" sizes=\"auto, (max-width: 768px) 100vw, 768px\" \/><\/figure>\n\n\n\n<figure class=\"wp-block-image\"><img loading=\"lazy\" decoding=\"async\" width=\"768\" height=\"1024\" src=\"https:\/\/plumanegranoticias.com\/wp-content\/uploads\/2025\/06\/img-20250619-wa00524530155864783168631-768x1024.jpg\" alt=\"\" class=\"wp-image-10824\" srcset=\"https:\/\/plumanegranoticias.com\/wp-content\/uploads\/2025\/06\/img-20250619-wa00524530155864783168631-768x1024.jpg 768w, https:\/\/plumanegranoticias.com\/wp-content\/uploads\/2025\/06\/img-20250619-wa00524530155864783168631-225x300.jpg 225w, https:\/\/plumanegranoticias.com\/wp-content\/uploads\/2025\/06\/img-20250619-wa00524530155864783168631-1152x1536.jpg 1152w, https:\/\/plumanegranoticias.com\/wp-content\/uploads\/2025\/06\/img-20250619-wa00524530155864783168631.jpg 1200w\" sizes=\"auto, (max-width: 768px) 100vw, 768px\" \/><\/figure>\n\n\n\n<figure class=\"wp-block-image\"><img loading=\"lazy\" decoding=\"async\" width=\"1024\" height=\"768\" src=\"https:\/\/plumanegranoticias.com\/wp-content\/uploads\/2025\/06\/img-20250619-wa00556826258897272514561-1024x768.jpg\" alt=\"\" class=\"wp-image-10823\" srcset=\"https:\/\/plumanegranoticias.com\/wp-content\/uploads\/2025\/06\/img-20250619-wa00556826258897272514561-1024x768.jpg 1024w, https:\/\/plumanegranoticias.com\/wp-content\/uploads\/2025\/06\/img-20250619-wa00556826258897272514561-300x225.jpg 300w, https:\/\/plumanegranoticias.com\/wp-content\/uploads\/2025\/06\/img-20250619-wa00556826258897272514561-768x576.jpg 768w, https:\/\/plumanegranoticias.com\/wp-content\/uploads\/2025\/06\/img-20250619-wa00556826258897272514561-1536x1152.jpg 1536w, https:\/\/plumanegranoticias.com\/wp-content\/uploads\/2025\/06\/img-20250619-wa00556826258897272514561-400x300.jpg 400w, https:\/\/plumanegranoticias.com\/wp-content\/uploads\/2025\/06\/img-20250619-wa00556826258897272514561.jpg 1600w\" sizes=\"auto, (max-width: 1024px) 100vw, 1024px\" \/><\/figure>\n\n\n\n<figure class=\"wp-block-image\"><img loading=\"lazy\" decoding=\"async\" width=\"1024\" height=\"1024\" src=\"https:\/\/plumanegranoticias.com\/wp-content\/uploads\/2025\/06\/img-20250619-wa00475775796757752978220-1024x1024.jpg\" alt=\"\" class=\"wp-image-10826\" srcset=\"https:\/\/plumanegranoticias.com\/wp-content\/uploads\/2025\/06\/img-20250619-wa00475775796757752978220-1024x1024.jpg 1024w, https:\/\/plumanegranoticias.com\/wp-content\/uploads\/2025\/06\/img-20250619-wa00475775796757752978220-300x300.jpg 300w, https:\/\/plumanegranoticias.com\/wp-content\/uploads\/2025\/06\/img-20250619-wa00475775796757752978220-150x150.jpg 150w, https:\/\/plumanegranoticias.com\/wp-content\/uploads\/2025\/06\/img-20250619-wa00475775796757752978220-768x768.jpg 768w, https:\/\/plumanegranoticias.com\/wp-content\/uploads\/2025\/06\/img-20250619-wa00475775796757752978220-400x400.jpg 400w, https:\/\/plumanegranoticias.com\/wp-content\/uploads\/2025\/06\/img-20250619-wa00475775796757752978220.jpg 1440w\" sizes=\"auto, (max-width: 1024px) 100vw, 1024px\" \/><\/figure>\n\n\n\n<figure class=\"wp-block-image\"><img loading=\"lazy\" decoding=\"async\" width=\"585\" height=\"1024\" src=\"https:\/\/plumanegranoticias.com\/wp-content\/uploads\/2025\/06\/img-20250619-wa00488042048030470207407-585x1024.jpg\" alt=\"\" class=\"wp-image-10825\" srcset=\"https:\/\/plumanegranoticias.com\/wp-content\/uploads\/2025\/06\/img-20250619-wa00488042048030470207407-585x1024.jpg 585w, https:\/\/plumanegranoticias.com\/wp-content\/uploads\/2025\/06\/img-20250619-wa00488042048030470207407-171x300.jpg 171w, https:\/\/plumanegranoticias.com\/wp-content\/uploads\/2025\/06\/img-20250619-wa00488042048030470207407-768x1345.jpg 768w, https:\/\/plumanegranoticias.com\/wp-content\/uploads\/2025\/06\/img-20250619-wa00488042048030470207407.jpg 812w\" sizes=\"auto, (max-width: 585px) 100vw, 585px\" \/><\/figure>\n","protected":false},"excerpt":{"rendered":"<p>Veracruz., Vecinos de El Tejar,\u00a0 Medell\u00edn de Bravo exigen la urbanizadora Barqu\u00edn que resuelva la problem\u00e1tica de vialidades en los desarrollos de vivienda en ese municipio, que durante las lluvias provocan severos problemas de tr\u00e1nsito en la zona. Antonio Fern\u00e1ndez Cueto declar\u00f3 que desde el 2002, la empresa desarroll\u00f3 las unidades de Puente Moreno, Lagos&#8230; <\/p>\n<div class=\"clear\"><\/div>\n<p><a href=\"https:\/\/plumanegranoticias.com\/?p=10828\" class=\"excerpt-read-more\">Read More<i class=\"fa fa-caret-right icon-caret-right\"><\/i><\/a><\/p>\n","protected":false},"author":2,"featured_media":10827,"comment_status":"open","ping_status":"open","sticky":false,"template":"","format":"standard","meta":{"om_disable_all_campaigns":false,"_monsterinsights_skip_tracking":false,"_monsterinsights_sitenote_active":false,"_monsterinsights_sitenote_note":"","_monsterinsights_sitenote_category":0,"_uf_show_specific_survey":0,"_uf_disable_surveys":false,"footnotes":""},"categories":[13,8,12],"tags":[61,19],"class_list":["post-10828","post","type-post","status-publish","format-standard","has-post-thumbnail","hentry","category-nota-roja","category-politica","category-regional","tag-politica","tag-regional"],"aioseo_notices":[],"_links":{"self":[{"href":"https:\/\/plumanegranoticias.com\/index.php?rest_route=\/wp\/v2\/posts\/10828","targetHints":{"allow":["GET"]}}],"collection":[{"href":"https:\/\/plumanegranoticias.com\/index.php?rest_route=\/wp\/v2\/posts"}],"about":[{"href":"https:\/\/plumanegranoticias.com\/index.php?rest_route=\/wp\/v2\/types\/post"}],"author":[{"embeddable":true,"href":"https:\/\/plumanegranoticias.com\/index.php?rest_route=\/wp\/v2\/users\/2"}],"replies":[{"embeddable":true,"href":"https:\/\/plumanegranoticias.com\/index.php?rest_route=%2Fwp%2Fv2%2Fcomments&post=10828"}],"version-history":[{"count":1,"href":"https:\/\/plumanegranoticias.com\/index.php?rest_route=\/wp\/v2\/posts\/10828\/revisions"}],"predecessor-version":[{"id":10829,"href":"https:\/\/plumanegranoticias.com\/index.php?rest_route=\/wp\/v2\/posts\/10828\/revisions\/10829"}],"wp:featuredmedia":[{"embeddable":true,"href":"https:\/\/plumanegranoticias.com\/index.php?rest_route=\/wp\/v2\/media\/10827"}],"wp:attachment":[{"href":"https:\/\/plumanegranoticias.com\/index.php?rest_route=%2Fwp%2Fv2%2Fmedia&parent=10828"}],"wp:term":[{"taxonomy":"category","embeddable":true,"href":"https:\/\/plumanegranoticias.com\/index.php?rest_route=%2Fwp%2Fv2%2Fcategories&post=10828"},{"taxonomy":"post_tag","embeddable":true,"href":"https:\/\/plumanegranoticias.com\/index.php?rest_route=%2Fwp%2Fv2%2Ftags&post=10828"}],"curies":[{"name":"wp","href":"https:\/\/api.w.org\/{rel}","templated":true}]}}