{"id":10838,"date":"2025-06-19T16:37:57","date_gmt":"2025-06-19T22:37:57","guid":{"rendered":"https:\/\/plumanegranoticias.com\/?p=10838"},"modified":"2025-06-19T16:38:31","modified_gmt":"2025-06-19T22:38:31","slug":"si-habra-eleccion-extraordinaria-para-elegir-al-o-la-diputada-de-tuxpan","status":"publish","type":"post","link":"https:\/\/plumanegranoticias.com\/?p=10838","title":{"rendered":"S\u00ed habr\u00e1 elecci\u00f3n extraordinaria para elegir al o la diputada de Tuxpan"},"content":{"rendered":"\n<p>Angeles Gonz\u00e1lez Ceballos<br>Xalapa, Ver., El presidente de la Junta de Coordinaci\u00f3n Pol\u00edtica del Congreso del Estado (JUCOPO), Esteban Bautista Hern\u00e1ndez, defini\u00f3 que siempre s\u00ed habr\u00e1 la elecci\u00f3n extraordinaria para elegir al o la diputada de Tuxpan.<\/p>\n\n\n\n<p>Ello luego de que tanto el titular como la suplente lograran el triunfo como alcaldes en el pasado proceso electoral.<\/p>\n\n\n\n<p>En entrevista, el diputado dijo que ya dialogaron tanto con la gobernadora Roc\u00edo Nahle Garc\u00eda como con el secretario de Gobierno, Ricardo Ahued Bardahuil, as\u00ed como con el grupo de asesores.<\/p>\n\n\n\n<p>&#8220;Efectivamente no se va a quedar sin representaci\u00f3n Tuxpan. Vamos a llevar a cabo un nuevo proceso para que se elija a un diputado&#8221;, expres\u00f3.<\/p>\n\n\n\n<p>Cuestionado si se le tendr\u00e1 que asignar un presupuesto extraordinario al Organismo P\u00fablico Local Electoral (OPLE), dijo que primero tendr\u00edan que analizar qu\u00e9 es lo pueden hacer.<\/p>\n\n\n\n<p>&#8220;Se va a echar a andar y se va a llevar a cabo. No tenemos fecha todav\u00eda, pero se va a llevar a cabo, yo digo que s\u00ed (ser\u00e1 a la brevedad) para que no se generen comentarios&#8221;, coment\u00f3.<\/p>\n\n\n\n<p>Bautista Hern\u00e1ndez defini\u00f3 que todas las dependencias tienen un &#8220;colch\u00f3n&#8221; para emergencias, as\u00ed sean ayuntamientos o el Congreso del Estado, pero primero tienen que platicar con las y los consejeros del OPLE.<\/p>\n\n\n\n<figure class=\"wp-block-image size-large\"><img loading=\"lazy\" decoding=\"async\" width=\"1024\" height=\"588\" src=\"https:\/\/plumanegranoticias.com\/wp-content\/uploads\/2025\/06\/screenshot_20250619_163652_whatsapp23491064469499056424-1024x588.jpg\" alt=\"\" class=\"wp-image-10837\" srcset=\"https:\/\/plumanegranoticias.com\/wp-content\/uploads\/2025\/06\/screenshot_20250619_163652_whatsapp23491064469499056424-1024x588.jpg 1024w, https:\/\/plumanegranoticias.com\/wp-content\/uploads\/2025\/06\/screenshot_20250619_163652_whatsapp23491064469499056424-300x172.jpg 300w, https:\/\/plumanegranoticias.com\/wp-content\/uploads\/2025\/06\/screenshot_20250619_163652_whatsapp23491064469499056424-768x441.jpg 768w, https:\/\/plumanegranoticias.com\/wp-content\/uploads\/2025\/06\/screenshot_20250619_163652_whatsapp23491064469499056424.jpg 1080w\" sizes=\"auto, (max-width: 1024px) 100vw, 1024px\" \/><\/figure>\n","protected":false},"excerpt":{"rendered":"<p>Angeles Gonz\u00e1lez CeballosXalapa, Ver., El presidente de la Junta de Coordinaci\u00f3n Pol\u00edtica del Congreso del Estado (JUCOPO), Esteban Bautista Hern\u00e1ndez, defini\u00f3 que siempre s\u00ed habr\u00e1 la elecci\u00f3n extraordinaria para elegir al o la diputada de Tuxpan. Ello luego de que tanto el titular como la suplente lograran el triunfo como alcaldes en el pasado proceso&#8230; <\/p>\n<div class=\"clear\"><\/div>\n<p><a href=\"https:\/\/plumanegranoticias.com\/?p=10838\" class=\"excerpt-read-more\">Read More<i class=\"fa fa-caret-right icon-caret-right\"><\/i><\/a><\/p>\n","protected":false},"author":2,"featured_media":10836,"comment_status":"open","ping_status":"open","sticky":false,"template":"","format":"standard","meta":{"om_disable_all_campaigns":false,"_monsterinsights_skip_tracking":false,"_monsterinsights_sitenote_active":false,"_monsterinsights_sitenote_note":"","_monsterinsights_sitenote_category":0,"_uf_show_specific_survey":0,"_uf_disable_surveys":false,"footnotes":""},"categories":[67,8,12],"tags":[61,19],"class_list":["post-10838","post","type-post","status-publish","format-standard","has-post-thumbnail","hentry","category-policiaca","category-politica","category-regional","tag-politica","tag-regional"],"aioseo_notices":[],"_links":{"self":[{"href":"https:\/\/plumanegranoticias.com\/index.php?rest_route=\/wp\/v2\/posts\/10838","targetHints":{"allow":["GET"]}}],"collection":[{"href":"https:\/\/plumanegranoticias.com\/index.php?rest_route=\/wp\/v2\/posts"}],"about":[{"href":"https:\/\/plumanegranoticias.com\/index.php?rest_route=\/wp\/v2\/types\/post"}],"author":[{"embeddable":true,"href":"https:\/\/plumanegranoticias.com\/index.php?rest_route=\/wp\/v2\/users\/2"}],"replies":[{"embeddable":true,"href":"https:\/\/plumanegranoticias.com\/index.php?rest_route=%2Fwp%2Fv2%2Fcomments&post=10838"}],"version-history":[{"count":1,"href":"https:\/\/plumanegranoticias.com\/index.php?rest_route=\/wp\/v2\/posts\/10838\/revisions"}],"predecessor-version":[{"id":10839,"href":"https:\/\/plumanegranoticias.com\/index.php?rest_route=\/wp\/v2\/posts\/10838\/revisions\/10839"}],"wp:featuredmedia":[{"embeddable":true,"href":"https:\/\/plumanegranoticias.com\/index.php?rest_route=\/wp\/v2\/media\/10836"}],"wp:attachment":[{"href":"https:\/\/plumanegranoticias.com\/index.php?rest_route=%2Fwp%2Fv2%2Fmedia&parent=10838"}],"wp:term":[{"taxonomy":"category","embeddable":true,"href":"https:\/\/plumanegranoticias.com\/index.php?rest_route=%2Fwp%2Fv2%2Fcategories&post=10838"},{"taxonomy":"post_tag","embeddable":true,"href":"https:\/\/plumanegranoticias.com\/index.php?rest_route=%2Fwp%2Fv2%2Ftags&post=10838"}],"curies":[{"name":"wp","href":"https:\/\/api.w.org\/{rel}","templated":true}]}}