{"id":10846,"date":"2025-06-22T14:17:07","date_gmt":"2025-06-22T20:17:07","guid":{"rendered":"https:\/\/plumanegranoticias.com\/?p=10846"},"modified":"2025-06-22T14:17:49","modified_gmt":"2025-06-22T20:17:49","slug":"lluvias-de-moderadas-a-fuertes-a-partir-del-martes-en-algunas-zonas-pc","status":"publish","type":"post","link":"https:\/\/plumanegranoticias.com\/?p=10846","title":{"rendered":"Lluvias de moderadas a fuertes a partir del martes en algunas zonas: PC"},"content":{"rendered":"\n<p>-Hay saldo blanco en Xalapa<\/p>\n\n\n\n<p>\u00c1ngeles Gonz\u00e1lez Ceballos<br>Xalapa, Ver., El director de Protecci\u00f3n Civil del ayuntamiento de Xalapa, Enrique Fonseca, alert\u00f3 a la poblaci\u00f3n, toda vez que a partir del martes de la semana que est\u00e1 por iniciar, podr\u00edan continuar las intensas lluvias en la capital veracruzana y esto podr\u00eda ser de manera focalizada como ocurri\u00f3 este s\u00e1bado.<\/p>\n\n\n\n<p>&#8220;Las lluvias van a seguir, ahora por el paso de ondas tropicales que son las que nos van a generar lluvias de moderadas a fuertes y, probablemente en algunos sectores va a ser intenso a partir del martes y todo lo que resta de la siguiente semana&#8221;, extern\u00f3.<\/p>\n\n\n\n<p>Tras las afectaciones en el fraccionamiento Valle Real, el funcionario indic\u00f3 que el saldo es blanco hasta este domingo, pero tienen refugios temporales listos en caso de ser necesario.<\/p>\n\n\n\n<p>El funcionario municipal puntualiz\u00f3 que se tuvo un acumulado de lluvia de 75 mil\u00edmetros, pero el impacto lo sufri\u00f3 el fraccionamiento Valle Real y plaza El Juguete, as\u00ed como el anegamiento de algunas casas en El Olmo.<\/p>\n\n\n\n<p>Ah\u00ed, 8 viviendas sufrieron el ingreso de agua, pero con el apoyo de la CMAS y un equipo vactor pudieron sacar el agua.<\/p>\n\n\n\n<p>Expuso que aunque la atenci\u00f3n para la zona afectada correspond\u00eda al ayuntamiento de Emiliano Zapata, la direcci\u00f3n a su cargo apoy\u00f3 junto con Limpia P\u00fablica.<\/p>\n\n\n\n<p>Adem\u00e1s, se activ\u00f3 el Plan Taj\u00edn por parte de la Secretar\u00eda de Seguridad P\u00fablica para atender a la poblaci\u00f3n afectada, pero sobre todo por el arrastre de veh\u00edculos que se dio.<\/p>\n\n\n\n<p>Destac\u00f3 que aunque ya cesaron las lluvias, los suelos est\u00e1n reblandecidos por la gran cantidad de agua que ha ca\u00eddo a lo largo de la semana, por lo que tambi\u00e9n ha habido ca\u00edda de algunos \u00e1rboles.<\/p>\n\n\n\n<p>Finalmente, pidi\u00f3 a la sociedad estar atenta de los avisos y comunicados que emitan las autoridades por los canales oficiales, por el paso de ondas tropicales durante la pr\u00f3xima semana.<\/p>\n\n\n\n<figure class=\"wp-block-image size-large\"><img loading=\"lazy\" decoding=\"async\" width=\"576\" height=\"1024\" src=\"https:\/\/plumanegranoticias.com\/wp-content\/uploads\/2025\/06\/img-20250620-wa00221453875557329374790-576x1024.jpg\" alt=\"\" class=\"wp-image-10845\" srcset=\"https:\/\/plumanegranoticias.com\/wp-content\/uploads\/2025\/06\/img-20250620-wa00221453875557329374790-576x1024.jpg 576w, https:\/\/plumanegranoticias.com\/wp-content\/uploads\/2025\/06\/img-20250620-wa00221453875557329374790-169x300.jpg 169w, https:\/\/plumanegranoticias.com\/wp-content\/uploads\/2025\/06\/img-20250620-wa00221453875557329374790-768x1366.jpg 768w, https:\/\/plumanegranoticias.com\/wp-content\/uploads\/2025\/06\/img-20250620-wa00221453875557329374790-864x1536.jpg 864w, https:\/\/plumanegranoticias.com\/wp-content\/uploads\/2025\/06\/img-20250620-wa00221453875557329374790.jpg 899w\" sizes=\"auto, (max-width: 576px) 100vw, 576px\" \/><\/figure>\n","protected":false},"excerpt":{"rendered":"<p>-Hay saldo blanco en Xalapa \u00c1ngeles Gonz\u00e1lez CeballosXalapa, Ver., El director de Protecci\u00f3n Civil del ayuntamiento de Xalapa, Enrique Fonseca, alert\u00f3 a la poblaci\u00f3n, toda vez que a partir del martes de la semana que est\u00e1 por iniciar, podr\u00edan continuar las intensas lluvias en la capital veracruzana y esto podr\u00eda ser de manera focalizada como&#8230; <\/p>\n<div class=\"clear\"><\/div>\n<p><a href=\"https:\/\/plumanegranoticias.com\/?p=10846\" class=\"excerpt-read-more\">Read More<i class=\"fa fa-caret-right icon-caret-right\"><\/i><\/a><\/p>\n","protected":false},"author":2,"featured_media":10848,"comment_status":"open","ping_status":"open","sticky":false,"template":"","format":"standard","meta":{"om_disable_all_campaigns":false,"_monsterinsights_skip_tracking":false,"_monsterinsights_sitenote_active":false,"_monsterinsights_sitenote_note":"","_monsterinsights_sitenote_category":0,"_uf_show_specific_survey":0,"_uf_disable_surveys":false,"footnotes":""},"categories":[67,8,12],"tags":[20,22],"class_list":["post-10846","post","type-post","status-publish","format-standard","has-post-thumbnail","hentry","category-policiaca","category-politica","category-regional","tag-negocios","tag-nota-roja"],"aioseo_notices":[],"_links":{"self":[{"href":"https:\/\/plumanegranoticias.com\/index.php?rest_route=\/wp\/v2\/posts\/10846","targetHints":{"allow":["GET"]}}],"collection":[{"href":"https:\/\/plumanegranoticias.com\/index.php?rest_route=\/wp\/v2\/posts"}],"about":[{"href":"https:\/\/plumanegranoticias.com\/index.php?rest_route=\/wp\/v2\/types\/post"}],"author":[{"embeddable":true,"href":"https:\/\/plumanegranoticias.com\/index.php?rest_route=\/wp\/v2\/users\/2"}],"replies":[{"embeddable":true,"href":"https:\/\/plumanegranoticias.com\/index.php?rest_route=%2Fwp%2Fv2%2Fcomments&post=10846"}],"version-history":[{"count":1,"href":"https:\/\/plumanegranoticias.com\/index.php?rest_route=\/wp\/v2\/posts\/10846\/revisions"}],"predecessor-version":[{"id":10847,"href":"https:\/\/plumanegranoticias.com\/index.php?rest_route=\/wp\/v2\/posts\/10846\/revisions\/10847"}],"wp:featuredmedia":[{"embeddable":true,"href":"https:\/\/plumanegranoticias.com\/index.php?rest_route=\/wp\/v2\/media\/10848"}],"wp:attachment":[{"href":"https:\/\/plumanegranoticias.com\/index.php?rest_route=%2Fwp%2Fv2%2Fmedia&parent=10846"}],"wp:term":[{"taxonomy":"category","embeddable":true,"href":"https:\/\/plumanegranoticias.com\/index.php?rest_route=%2Fwp%2Fv2%2Fcategories&post=10846"},{"taxonomy":"post_tag","embeddable":true,"href":"https:\/\/plumanegranoticias.com\/index.php?rest_route=%2Fwp%2Fv2%2Ftags&post=10846"}],"curies":[{"name":"wp","href":"https:\/\/api.w.org\/{rel}","templated":true}]}}