{"id":10855,"date":"2025-06-23T14:44:44","date_gmt":"2025-06-23T20:44:44","guid":{"rendered":"https:\/\/plumanegranoticias.com\/?p=10855"},"modified":"2025-06-23T14:45:20","modified_gmt":"2025-06-23T20:45:20","slug":"fgr-obtiene-sentencia-de-ocho-anos-de-prision-contra-una-persona-por-posesion-ilicita-de-hidrocarburo","status":"publish","type":"post","link":"https:\/\/plumanegranoticias.com\/?p=10855","title":{"rendered":"FGR OBTIENE SENTENCIA DE OCHO A\u00d1OS DE PRISI\u00d3N CONTRA UNA PERSONA POR POSESI\u00d3N IL\u00cdCITA DE HIDROCARBURO"},"content":{"rendered":"\n<p>La Fiscal\u00eda General de la Rep\u00fablica (FGR) a trav\u00e9s de su Fiscal\u00eda Especializada de Control Regional (FECOR) en el estado de Veracruz, mediante procedimiento abreviado, obtuvo de un juez, sentencia condenatoria de ocho a\u00f1os contra Juan \u201cD\u201d por el delito de posesi\u00f3n il\u00edcita de hidrocarburo.<\/p>\n\n\n\n<p>Seg\u00fan consta en la carpeta de investigaci\u00f3n, el cinco de mayo de 2023, elementos de la Guardia Costera y del Grupo de Inspecci\u00f3n y Verificaci\u00f3n de la Secretar\u00eda de Marina &#8211; Armada de M\u00e9xico, detuvieron al hoy sentenciado, luego de que al realizar una inspecci\u00f3n a una embarcaci\u00f3n pesquera que se encontraba en el muelle del municipio de Alvarado, detectaron un excedente de 28 mil 944 litros de hidrocarburo en sus tanques, sin que la persona detenida pudiera acreditar la legal posesi\u00f3n del Di\u00e9sel.<\/p>\n\n\n\n<p>Una vez integrada la carpeta de investigaci\u00f3n, el Ministerio P\u00fablico de la Federaci\u00f3n la present\u00f3 ante la autoridad correspondiente, quien vincul\u00f3 a proceso al imputado y en procedimiento abreviado, dict\u00f3 la sentencia de ocho a\u00f1os de prisi\u00f3n y una multa de 829 mil 920 pesos, por el delito antes mencionado, as\u00ed como la suspensi\u00f3n de derechos civiles y pol\u00edticos.<\/p>\n\n\n\n<p>Con estas acciones la FGR reafirma el compromiso con la sociedad para la investigaci\u00f3n y persecuci\u00f3n de los delitos en materia federal, por lo que se invita a la ciudadan\u00eda a que denuncie las 24 horas de los 365 d\u00edas del a\u00f1o, de forma presencial o an\u00f3nima, en las instalaciones de la Fiscal\u00eda General de la Rep\u00fablica en el estado de Veracruz, con domicilio en Av. J.B. Lobos n\u00famero 684, Colonia Reserva territorial \u201cEl Coyol\u201d, C.P. 91779, Veracruz, Ver, tel\u00e9fono 2299896334, correo electr\u00f3nico vua.veracruz@fgr.org.mx.<\/p>\n\n\n\n<figure class=\"wp-block-image size-large\"><img loading=\"lazy\" decoding=\"async\" width=\"300\" height=\"205\" src=\"https:\/\/plumanegranoticias.com\/wp-content\/uploads\/2025\/06\/img-20250623-wa01988011337311492385437-300x205.jpg\" alt=\"\" class=\"wp-image-10851\" srcset=\"https:\/\/plumanegranoticias.com\/wp-content\/uploads\/2025\/06\/img-20250623-wa01988011337311492385437-300x205.jpg 300w, https:\/\/plumanegranoticias.com\/wp-content\/uploads\/2025\/06\/img-20250623-wa01988011337311492385437.jpg 630w\" sizes=\"auto, (max-width: 300px) 100vw, 300px\" \/><\/figure>\n\n\n\n<figure class=\"wp-block-image\"><img loading=\"lazy\" decoding=\"async\" width=\"300\" height=\"206\" src=\"https:\/\/plumanegranoticias.com\/wp-content\/uploads\/2025\/06\/img-20250623-wa02006506235916139249856-300x206.jpg\" alt=\"\" class=\"wp-image-10853\" srcset=\"https:\/\/plumanegranoticias.com\/wp-content\/uploads\/2025\/06\/img-20250623-wa02006506235916139249856-300x206.jpg 300w, https:\/\/plumanegranoticias.com\/wp-content\/uploads\/2025\/06\/img-20250623-wa02006506235916139249856.jpg 634w\" sizes=\"auto, (max-width: 300px) 100vw, 300px\" \/><\/figure>\n\n\n\n<figure class=\"wp-block-image\"><img loading=\"lazy\" decoding=\"async\" width=\"300\" height=\"226\" src=\"https:\/\/plumanegranoticias.com\/wp-content\/uploads\/2025\/06\/img-20250623-wa02026536944170848522940-300x226.jpg\" alt=\"\" class=\"wp-image-10850\" srcset=\"https:\/\/plumanegranoticias.com\/wp-content\/uploads\/2025\/06\/img-20250623-wa02026536944170848522940-300x226.jpg 300w, https:\/\/plumanegranoticias.com\/wp-content\/uploads\/2025\/06\/img-20250623-wa02026536944170848522940-400x300.jpg 400w, https:\/\/plumanegranoticias.com\/wp-content\/uploads\/2025\/06\/img-20250623-wa02026536944170848522940.jpg 591w\" sizes=\"auto, (max-width: 300px) 100vw, 300px\" \/><\/figure>\n\n\n\n<figure class=\"wp-block-image\"><img loading=\"lazy\" decoding=\"async\" width=\"300\" height=\"211\" src=\"https:\/\/plumanegranoticias.com\/wp-content\/uploads\/2025\/06\/img-20250623-wa01993464777012209713820-300x211.jpg\" alt=\"\" class=\"wp-image-10849\" srcset=\"https:\/\/plumanegranoticias.com\/wp-content\/uploads\/2025\/06\/img-20250623-wa01993464777012209713820-300x211.jpg 300w, https:\/\/plumanegranoticias.com\/wp-content\/uploads\/2025\/06\/img-20250623-wa01993464777012209713820.jpg 621w\" sizes=\"auto, (max-width: 300px) 100vw, 300px\" \/><\/figure>\n\n\n\n<figure class=\"wp-block-image\"><img loading=\"lazy\" decoding=\"async\" width=\"188\" height=\"300\" src=\"https:\/\/plumanegranoticias.com\/wp-content\/uploads\/2025\/06\/img-20250623-wa01974533690475904899641-188x300.jpg\" alt=\"\" class=\"wp-image-10852\" srcset=\"https:\/\/plumanegranoticias.com\/wp-content\/uploads\/2025\/06\/img-20250623-wa01974533690475904899641-188x300.jpg 188w, https:\/\/plumanegranoticias.com\/wp-content\/uploads\/2025\/06\/img-20250623-wa01974533690475904899641.jpg 407w\" sizes=\"auto, (max-width: 188px) 100vw, 188px\" \/><\/figure>\n","protected":false},"excerpt":{"rendered":"<p>La Fiscal\u00eda General de la Rep\u00fablica (FGR) a trav\u00e9s de su Fiscal\u00eda Especializada de Control Regional (FECOR) en el estado de Veracruz, mediante procedimiento abreviado, obtuvo de un juez, sentencia condenatoria de ocho a\u00f1os contra Juan \u201cD\u201d por el delito de posesi\u00f3n il\u00edcita de hidrocarburo. Seg\u00fan consta en la carpeta de investigaci\u00f3n, el cinco de&#8230; <\/p>\n<div class=\"clear\"><\/div>\n<p><a href=\"https:\/\/plumanegranoticias.com\/?p=10855\" class=\"excerpt-read-more\">Read More<i class=\"fa fa-caret-right icon-caret-right\"><\/i><\/a><\/p>\n","protected":false},"author":2,"featured_media":10854,"comment_status":"open","ping_status":"open","sticky":false,"template":"","format":"standard","meta":{"om_disable_all_campaigns":false,"_monsterinsights_skip_tracking":false,"_monsterinsights_sitenote_active":false,"_monsterinsights_sitenote_note":"","_monsterinsights_sitenote_category":0,"_uf_show_specific_survey":0,"_uf_disable_surveys":false,"footnotes":""},"categories":[67,8,12],"tags":[34,61,19],"class_list":["post-10855","post","type-post","status-publish","format-standard","has-post-thumbnail","hentry","category-policiaca","category-politica","category-regional","tag-policiaca","tag-politica","tag-regional"],"aioseo_notices":[],"_links":{"self":[{"href":"https:\/\/plumanegranoticias.com\/index.php?rest_route=\/wp\/v2\/posts\/10855","targetHints":{"allow":["GET"]}}],"collection":[{"href":"https:\/\/plumanegranoticias.com\/index.php?rest_route=\/wp\/v2\/posts"}],"about":[{"href":"https:\/\/plumanegranoticias.com\/index.php?rest_route=\/wp\/v2\/types\/post"}],"author":[{"embeddable":true,"href":"https:\/\/plumanegranoticias.com\/index.php?rest_route=\/wp\/v2\/users\/2"}],"replies":[{"embeddable":true,"href":"https:\/\/plumanegranoticias.com\/index.php?rest_route=%2Fwp%2Fv2%2Fcomments&post=10855"}],"version-history":[{"count":1,"href":"https:\/\/plumanegranoticias.com\/index.php?rest_route=\/wp\/v2\/posts\/10855\/revisions"}],"predecessor-version":[{"id":10856,"href":"https:\/\/plumanegranoticias.com\/index.php?rest_route=\/wp\/v2\/posts\/10855\/revisions\/10856"}],"wp:featuredmedia":[{"embeddable":true,"href":"https:\/\/plumanegranoticias.com\/index.php?rest_route=\/wp\/v2\/media\/10854"}],"wp:attachment":[{"href":"https:\/\/plumanegranoticias.com\/index.php?rest_route=%2Fwp%2Fv2%2Fmedia&parent=10855"}],"wp:term":[{"taxonomy":"category","embeddable":true,"href":"https:\/\/plumanegranoticias.com\/index.php?rest_route=%2Fwp%2Fv2%2Fcategories&post=10855"},{"taxonomy":"post_tag","embeddable":true,"href":"https:\/\/plumanegranoticias.com\/index.php?rest_route=%2Fwp%2Fv2%2Ftags&post=10855"}],"curies":[{"name":"wp","href":"https:\/\/api.w.org\/{rel}","templated":true}]}}