{"id":10858,"date":"2025-06-24T10:13:00","date_gmt":"2025-06-24T16:13:00","guid":{"rendered":"https:\/\/plumanegranoticias.com\/?p=10858"},"modified":"2025-06-24T10:13:37","modified_gmt":"2025-06-24T16:13:37","slug":"cae-el-doble-doble-cero-generador-de-violencia-en-coatzacoalcos","status":"publish","type":"post","link":"https:\/\/plumanegranoticias.com\/?p=10858","title":{"rendered":"CAE EL DOBLE DOBLE CERO, GENERADOR DE VIOLENCIA EN COATZACOALCOS"},"content":{"rendered":"\n<p class=\"MsoNormal\"><strong>PRISI\u00d3N PREVENTIVA COMO PROBABLE RESPONSABLE DEL DELITO DE HOMICIDIO DOLOSO CALIFICADO<\/strong><\/p>\n\n\n\n<p class=\"MsoNormal\">Coatzacoalcos, Ver, 24 de junio de 2025.- La Fiscal\u00eda General del Estado informa que, tras la detenci\u00f3n mediante orden de aprehensi\u00f3n, de Abraham \u201cN\u201d, alias \u201c00\u201d, efectuada en el municipio de Tuxtla Guti\u00e9rrez, Chiapas, se llev\u00f3 a cabo su traslado al municipio de Coatzacoalcos, Veracruz, con el apoyo de fuerzas de seguridad Federales y Estatales, para ser presentado por la Fiscal\u00eda Regional Coatzacoalcos ante el juez que lo requiri\u00f3 para la audiencia inicial, donde se formul\u00f3 imputaci\u00f3n en su contra como probable responsable del delito de homicidio doloso calificado, dentro del proceso penal 161\/ 2025, dictando el juez como medida cautelar, prisi\u00f3n preventiva oficiosa.<\/p>\n\n\n\n<p class=\"MsoNormal\">Los hechos por los que se le se\u00f1ala ocurrieron al interior de un establecimiento ubicado en la colonia Puerto M\u00e9xico de la ciudad de Coatzacoalcos, cuando presuntamente accion\u00f3 un arma de fuego en contra de la v\u00edctima identificada con las iniciales C.A.P.R., priv\u00e1ndole de la vida.<\/p>\n\n\n\n<p class=\"MsoNormal\">La Fiscal\u00eda General del Estado de Veracruz, agradece la colaboraci\u00f3n de la Secretar\u00eda de Seguridad y Protecci\u00f3n Ciudadana, la Fiscal\u00eda General del Estado de Chiapas; as\u00ed como, de las fuerzas de seguridad Federales y Estatales, cuya coordinaci\u00f3n interinstitucional hizo posible este resultado.<\/p>\n\n\n\n<p class=\"MsoNormal\">Abraham \u201cN\u201d era un objetivo prioritario en la zona Sur del Estado. Se investiga su probable participaci\u00f3n en otros hechos delictivos.<\/p>\n\n\n\n<figure class=\"wp-block-image\"><img decoding=\"async\" src=\"file:\/\/\/data\/user\/0\/com.microsoft.office.word\/files\/temp\/msohtmlclip\/clip_image002.png\" alt=\"\"\/><\/figure>\n\n\n\n<figure class=\"wp-block-image size-large\"><img loading=\"lazy\" decoding=\"async\" width=\"1024\" height=\"1009\" src=\"https:\/\/plumanegranoticias.com\/wp-content\/uploads\/2025\/06\/img-20250624-wa0046700315040100093698-1024x1009.jpg\" alt=\"\" class=\"wp-image-10857\" srcset=\"https:\/\/plumanegranoticias.com\/wp-content\/uploads\/2025\/06\/img-20250624-wa0046700315040100093698-1024x1009.jpg 1024w, https:\/\/plumanegranoticias.com\/wp-content\/uploads\/2025\/06\/img-20250624-wa0046700315040100093698-300x296.jpg 300w, https:\/\/plumanegranoticias.com\/wp-content\/uploads\/2025\/06\/img-20250624-wa0046700315040100093698-768x757.jpg 768w, https:\/\/plumanegranoticias.com\/wp-content\/uploads\/2025\/06\/img-20250624-wa0046700315040100093698.jpg 1179w\" sizes=\"auto, (max-width: 1024px) 100vw, 1024px\" \/><\/figure>\n\n\n\n<figure class=\"wp-block-image\"><img decoding=\"async\" src=\"file:\/\/\/data\/user\/0\/com.microsoft.office.word\/files\/temp\/msohtmlclip\/clip_image004.jpg\" alt=\"\"\/><\/figure>\n","protected":false},"excerpt":{"rendered":"<p>PRISI\u00d3N PREVENTIVA COMO PROBABLE RESPONSABLE DEL DELITO DE HOMICIDIO DOLOSO CALIFICADO Coatzacoalcos, Ver, 24 de junio de 2025.- La Fiscal\u00eda General del Estado informa que, tras la detenci\u00f3n mediante orden de aprehensi\u00f3n, de Abraham \u201cN\u201d, alias \u201c00\u201d, efectuada en el municipio de Tuxtla Guti\u00e9rrez, Chiapas, se llev\u00f3 a cabo su traslado al municipio de Coatzacoalcos,&#8230; <\/p>\n<div class=\"clear\"><\/div>\n<p><a href=\"https:\/\/plumanegranoticias.com\/?p=10858\" class=\"excerpt-read-more\">Read More<i class=\"fa fa-caret-right icon-caret-right\"><\/i><\/a><\/p>\n","protected":false},"author":2,"featured_media":10860,"comment_status":"open","ping_status":"open","sticky":false,"template":"","format":"standard","meta":{"om_disable_all_campaigns":false,"_monsterinsights_skip_tracking":false,"_monsterinsights_sitenote_active":false,"_monsterinsights_sitenote_note":"","_monsterinsights_sitenote_category":0,"_uf_show_specific_survey":0,"_uf_disable_surveys":false,"footnotes":""},"categories":[67,8],"tags":[18,19],"class_list":["post-10858","post","type-post","status-publish","format-standard","has-post-thumbnail","hentry","category-policiaca","category-politica","tag-noticia","tag-regional"],"aioseo_notices":[],"_links":{"self":[{"href":"https:\/\/plumanegranoticias.com\/index.php?rest_route=\/wp\/v2\/posts\/10858","targetHints":{"allow":["GET"]}}],"collection":[{"href":"https:\/\/plumanegranoticias.com\/index.php?rest_route=\/wp\/v2\/posts"}],"about":[{"href":"https:\/\/plumanegranoticias.com\/index.php?rest_route=\/wp\/v2\/types\/post"}],"author":[{"embeddable":true,"href":"https:\/\/plumanegranoticias.com\/index.php?rest_route=\/wp\/v2\/users\/2"}],"replies":[{"embeddable":true,"href":"https:\/\/plumanegranoticias.com\/index.php?rest_route=%2Fwp%2Fv2%2Fcomments&post=10858"}],"version-history":[{"count":1,"href":"https:\/\/plumanegranoticias.com\/index.php?rest_route=\/wp\/v2\/posts\/10858\/revisions"}],"predecessor-version":[{"id":10859,"href":"https:\/\/plumanegranoticias.com\/index.php?rest_route=\/wp\/v2\/posts\/10858\/revisions\/10859"}],"wp:featuredmedia":[{"embeddable":true,"href":"https:\/\/plumanegranoticias.com\/index.php?rest_route=\/wp\/v2\/media\/10860"}],"wp:attachment":[{"href":"https:\/\/plumanegranoticias.com\/index.php?rest_route=%2Fwp%2Fv2%2Fmedia&parent=10858"}],"wp:term":[{"taxonomy":"category","embeddable":true,"href":"https:\/\/plumanegranoticias.com\/index.php?rest_route=%2Fwp%2Fv2%2Fcategories&post=10858"},{"taxonomy":"post_tag","embeddable":true,"href":"https:\/\/plumanegranoticias.com\/index.php?rest_route=%2Fwp%2Fv2%2Ftags&post=10858"}],"curies":[{"name":"wp","href":"https:\/\/api.w.org\/{rel}","templated":true}]}}