{"id":10892,"date":"2025-06-24T10:38:29","date_gmt":"2025-06-24T16:38:29","guid":{"rendered":"https:\/\/plumanegranoticias.com\/?p=10892"},"modified":"2025-06-24T10:38:51","modified_gmt":"2025-06-24T16:38:51","slug":"nombra-gobernadora-a-lutgarda-madrigal-como-titular-de-la-comision-de-busqueda","status":"publish","type":"post","link":"https:\/\/plumanegranoticias.com\/?p=10892","title":{"rendered":"Nombra Gobernadora a Lutgarda Madrigal como titular de la Comisi\u00f3n de B\u00fasqueda"},"content":{"rendered":"\n<p>\u00c1ngeles Gonz\u00e1lez Ceballos<br>Xalapa, Ver., La gobernadora Roc\u00edo Nahle Garc\u00eda design\u00f3 como titular de la Comisi\u00f3n Estatal de B\u00fasqueda de Personas a quien ya se ven\u00eda desempe\u00f1ando en el mismo cargo, Lutgarda Madrigal Valdez.<\/p>\n\n\n\n<p>Con fundamento en lo dispuesto por los art\u00edculos 42, 49 fracciones XIV y XXIII, y 50 de la Constituci\u00f3n Pol\u00edtica del Estado de Veracruz de Ignacio de la Llave, art\u00edculo 3 y 8 fracci\u00f3n XIV de la Ley Org\u00e1nica del Poder Ejecutivo del Estado de Veracruz de Ignacio de la Llave, nombr\u00f3 a la actual encargada.<\/p>\n\n\n\n<p>En el nombramiento, la Mandataria resalt\u00f3 que en el desempe\u00f1o de su encargo ejercer\u00e1 las funciones y tendr\u00e1 las facultades y atribuciones inherentes al mismo, establecidas en las correspondientes leyes, reglamentos, acuerdos, decretos y dem\u00e1s disposiciones administrativas vigentes en el Estado.<\/p>\n\n\n\n<p>&#8220;Extiendo a usted la confianza que me ha otorgado la ciudadan\u00eda de Veracruz, con la seguridad de que habr\u00e1 de desempe\u00f1ar la encomienda conferida dignamente&#8221;, expres\u00f3 a quien tambi\u00e9n fuera candidata a ministra de la Suprema Corte de Justicia de la Naci\u00f3n, el pasado 1 de junio.<\/p>\n\n\n\n<p>Apenas este lunes, el secretario de Gobierno, Ricardo Ahued Bardahuil anunci\u00f3 que el nombramiento deb\u00eda quedar entre ayer y hoy martes, luego de que sesionara el grupo interinstitucional el viernes de la semana pasada.<\/p>\n\n\n\n<p>El funcionario asegur\u00f3 que para tal nombramiento se tom\u00f3 en cuenta a los representantes de los colectivos de b\u00fasqueda de personas.<\/p>\n\n\n\n<figure class=\"wp-block-image size-large\"><img loading=\"lazy\" decoding=\"async\" width=\"791\" height=\"1024\" src=\"https:\/\/plumanegranoticias.com\/wp-content\/uploads\/2025\/06\/img-20250624-wa00442821596918891522490-791x1024.jpg\" alt=\"\" class=\"wp-image-10890\" srcset=\"https:\/\/plumanegranoticias.com\/wp-content\/uploads\/2025\/06\/img-20250624-wa00442821596918891522490-791x1024.jpg 791w, https:\/\/plumanegranoticias.com\/wp-content\/uploads\/2025\/06\/img-20250624-wa00442821596918891522490-232x300.jpg 232w, https:\/\/plumanegranoticias.com\/wp-content\/uploads\/2025\/06\/img-20250624-wa00442821596918891522490-768x994.jpg 768w, https:\/\/plumanegranoticias.com\/wp-content\/uploads\/2025\/06\/img-20250624-wa00442821596918891522490.jpg 1080w\" sizes=\"auto, (max-width: 791px) 100vw, 791px\" \/><\/figure>\n\n\n\n<figure class=\"wp-block-image\"><img loading=\"lazy\" decoding=\"async\" width=\"1024\" height=\"648\" src=\"https:\/\/plumanegranoticias.com\/wp-content\/uploads\/2025\/06\/screenshot_20250624_103219_chrome7260280435049836140-1024x648.jpg\" alt=\"\" class=\"wp-image-10891\" srcset=\"https:\/\/plumanegranoticias.com\/wp-content\/uploads\/2025\/06\/screenshot_20250624_103219_chrome7260280435049836140-1024x648.jpg 1024w, https:\/\/plumanegranoticias.com\/wp-content\/uploads\/2025\/06\/screenshot_20250624_103219_chrome7260280435049836140-300x190.jpg 300w, https:\/\/plumanegranoticias.com\/wp-content\/uploads\/2025\/06\/screenshot_20250624_103219_chrome7260280435049836140-768x486.jpg 768w, https:\/\/plumanegranoticias.com\/wp-content\/uploads\/2025\/06\/screenshot_20250624_103219_chrome7260280435049836140.jpg 1080w\" sizes=\"auto, (max-width: 1024px) 100vw, 1024px\" \/><\/figure>\n","protected":false},"excerpt":{"rendered":"<p>\u00c1ngeles Gonz\u00e1lez CeballosXalapa, Ver., La gobernadora Roc\u00edo Nahle Garc\u00eda design\u00f3 como titular de la Comisi\u00f3n Estatal de B\u00fasqueda de Personas a quien ya se ven\u00eda desempe\u00f1ando en el mismo cargo, Lutgarda Madrigal Valdez. Con fundamento en lo dispuesto por los art\u00edculos 42, 49 fracciones XIV y XXIII, y 50 de la Constituci\u00f3n Pol\u00edtica del Estado&#8230; <\/p>\n<div class=\"clear\"><\/div>\n<p><a href=\"https:\/\/plumanegranoticias.com\/?p=10892\" class=\"excerpt-read-more\">Read More<i class=\"fa fa-caret-right icon-caret-right\"><\/i><\/a><\/p>\n","protected":false},"author":2,"featured_media":10894,"comment_status":"open","ping_status":"open","sticky":false,"template":"","format":"standard","meta":{"om_disable_all_campaigns":false,"_monsterinsights_skip_tracking":false,"_monsterinsights_sitenote_active":false,"_monsterinsights_sitenote_note":"","_monsterinsights_sitenote_category":0,"_uf_show_specific_survey":0,"_uf_disable_surveys":false,"footnotes":""},"categories":[16,67,8,12],"tags":[22,30,34],"class_list":["post-10892","post","type-post","status-publish","format-standard","has-post-thumbnail","hentry","category-plumazos","category-policiaca","category-politica","category-regional","tag-nota-roja","tag-plumazos","tag-policiaca"],"aioseo_notices":[],"_links":{"self":[{"href":"https:\/\/plumanegranoticias.com\/index.php?rest_route=\/wp\/v2\/posts\/10892","targetHints":{"allow":["GET"]}}],"collection":[{"href":"https:\/\/plumanegranoticias.com\/index.php?rest_route=\/wp\/v2\/posts"}],"about":[{"href":"https:\/\/plumanegranoticias.com\/index.php?rest_route=\/wp\/v2\/types\/post"}],"author":[{"embeddable":true,"href":"https:\/\/plumanegranoticias.com\/index.php?rest_route=\/wp\/v2\/users\/2"}],"replies":[{"embeddable":true,"href":"https:\/\/plumanegranoticias.com\/index.php?rest_route=%2Fwp%2Fv2%2Fcomments&post=10892"}],"version-history":[{"count":1,"href":"https:\/\/plumanegranoticias.com\/index.php?rest_route=\/wp\/v2\/posts\/10892\/revisions"}],"predecessor-version":[{"id":10893,"href":"https:\/\/plumanegranoticias.com\/index.php?rest_route=\/wp\/v2\/posts\/10892\/revisions\/10893"}],"wp:featuredmedia":[{"embeddable":true,"href":"https:\/\/plumanegranoticias.com\/index.php?rest_route=\/wp\/v2\/media\/10894"}],"wp:attachment":[{"href":"https:\/\/plumanegranoticias.com\/index.php?rest_route=%2Fwp%2Fv2%2Fmedia&parent=10892"}],"wp:term":[{"taxonomy":"category","embeddable":true,"href":"https:\/\/plumanegranoticias.com\/index.php?rest_route=%2Fwp%2Fv2%2Fcategories&post=10892"},{"taxonomy":"post_tag","embeddable":true,"href":"https:\/\/plumanegranoticias.com\/index.php?rest_route=%2Fwp%2Fv2%2Ftags&post=10892"}],"curies":[{"name":"wp","href":"https:\/\/api.w.org\/{rel}","templated":true}]}}