{"id":10911,"date":"2025-06-24T12:35:22","date_gmt":"2025-06-24T18:35:22","guid":{"rendered":"https:\/\/plumanegranoticias.com\/?p=10911"},"modified":"2025-06-24T12:35:40","modified_gmt":"2025-06-24T18:35:40","slug":"invitan-camaras-empresariales-a-participar-en-carrera-para-reunir-recursos-para-tratamientos-contra-el-cancer","status":"publish","type":"post","link":"https:\/\/plumanegranoticias.com\/?p=10911","title":{"rendered":"Invitan c\u00e1maras empresariales a participar en carrera para reunir recursos para tratamientos contra el c\u00e1ncer"},"content":{"rendered":"\n<p>Los recursos recaudados ser\u00e1n para Atheca quien se dedica a apoyar a pacientes con c\u00e1ncer y sus familiares<\/p>\n\n\n\n<p>\u00c1ngeles Gonz\u00e1lez Ceballos<br>Xalapa, Ver., La C\u00e1mara Mexicana de la Industria de la Construcci\u00f3n (CMIC) Xalapa, invit\u00f3 a la poblaci\u00f3n en general a participar en la cuarta edici\u00f3n de la \u201cCarrera por la Vida\u201d, que tiene como finalidad recaudar recursos para la asociaci\u00f3n civil Atheca, que ayuda a la gente con c\u00e1ncer.<\/p>\n\n\n\n<p>La carrera se llevar\u00e1 a cabo el s\u00e1bado 4 de octubre a las 16:00 horas, en el municipio de Naolinco, en beneficio de las personas con c\u00e1ncer y constar\u00e1 de una carrera de 8 kil\u00f3metros y una caminata familiar de 3 kil\u00f3metros.<\/p>\n\n\n\n<p>En conferencia de prensa, la presidenta de las damas voluntarias de la C\u00e1mara Mexicana de la Industria de la Construcci\u00f3n (CMIC) Xalapa, Miriam Fern\u00e1ndez de Lara Mateos, expres\u00f3 que esperan recaudar por lo menos 300 mil pesos.<\/p>\n\n\n\n<p>\u201cTodo va a Atheca y Atheca sabe a d\u00f3nde lo canaliza, les dan medicamentos, todo que reciba Atheca todo lo van canalizando. Nosotros somos del Comit\u00e9 de Damas de la CMIC y lo que yo te puedo decir es que en enero recibieron a 500 personas, eso es much\u00edsimo\u201d, expres\u00f3.<\/p>\n\n\n\n<p>Asever\u00f3 que en el mes de junio el donativo ser\u00e1 de 300 pesos, en julio y agosto ser\u00e1 de 350 pesos, mientras que para septiembre y hasta el d\u00eda de la carrera, ser\u00e1 de 400 pesos.<\/p>\n\n\n\n<p>La carrera tendr\u00e1 varias categor\u00edas: libre, de 12 a 39 a\u00f1os, la categor\u00eda master, de 40 a 49 a\u00f1os, la categor\u00eda veteranos de 50 a 59 a\u00f1os y veteranos plus, de 60 en adelante.<\/p>\n\n\n\n<p>Por su parte, Idalia Cornejo, vicepresidenta de la Asociaci\u00f3n Mexicana de Mujeres Empresarias (AMEXME), destac\u00f3 que a trav\u00e9s de la iniciativa \u201ccarril rosa\u201d ayudan tambi\u00e9n a mujeres que padecen de linfedema para que puedan recibir terapias gratuitas en una alberca.<\/p>\n\n\n\n<p>\u201cYo creo que este tipo de iniciativas en conjunto dan una gran repercusi\u00f3n a nivel local y estatal, as\u00ed que los invitamos a que unamos fuerzas y que todas las mujeres xalape\u00f1as, no s\u00f3lo el sector privado, sino que toda la comunidad se una comprando un boleto, uni\u00e9ndose en la difusi\u00f3n, creo que eso es lo m\u00e1s importante para que personas que no tienen recursos puedan ser beneficiadas\u201d, destac\u00f3.<\/p>\n\n\n\n<p>Resalt\u00f3 que gracias a iniciativas como estas personas o, en particular mujeres que padecieron c\u00e1ncer de mama, pueden acceder a terapias para la recuperar la movilidad del brazo a trav\u00e9s de terapias en una alberca.<\/p>\n\n\n\n<figure class=\"wp-block-image size-large\"><img loading=\"lazy\" decoding=\"async\" width=\"1024\" height=\"576\" src=\"https:\/\/plumanegranoticias.com\/wp-content\/uploads\/2025\/06\/img-20250624-wa0084754927090495815518-1024x576.jpg\" alt=\"\" class=\"wp-image-10910\" srcset=\"https:\/\/plumanegranoticias.com\/wp-content\/uploads\/2025\/06\/img-20250624-wa0084754927090495815518-1024x576.jpg 1024w, https:\/\/plumanegranoticias.com\/wp-content\/uploads\/2025\/06\/img-20250624-wa0084754927090495815518-300x169.jpg 300w, https:\/\/plumanegranoticias.com\/wp-content\/uploads\/2025\/06\/img-20250624-wa0084754927090495815518-768x432.jpg 768w, https:\/\/plumanegranoticias.com\/wp-content\/uploads\/2025\/06\/img-20250624-wa0084754927090495815518-1536x864.jpg 1536w, https:\/\/plumanegranoticias.com\/wp-content\/uploads\/2025\/06\/img-20250624-wa0084754927090495815518.jpg 1600w\" sizes=\"auto, (max-width: 1024px) 100vw, 1024px\" \/><\/figure>\n\n\n\n<figure class=\"wp-block-image\"><img loading=\"lazy\" decoding=\"async\" width=\"1024\" height=\"768\" src=\"https:\/\/plumanegranoticias.com\/wp-content\/uploads\/2025\/06\/img-20250624-wa00834960817591404673532-1024x768.jpg\" alt=\"\" class=\"wp-image-10909\" srcset=\"https:\/\/plumanegranoticias.com\/wp-content\/uploads\/2025\/06\/img-20250624-wa00834960817591404673532-1024x768.jpg 1024w, https:\/\/plumanegranoticias.com\/wp-content\/uploads\/2025\/06\/img-20250624-wa00834960817591404673532-300x225.jpg 300w, https:\/\/plumanegranoticias.com\/wp-content\/uploads\/2025\/06\/img-20250624-wa00834960817591404673532-768x576.jpg 768w, https:\/\/plumanegranoticias.com\/wp-content\/uploads\/2025\/06\/img-20250624-wa00834960817591404673532-1536x1152.jpg 1536w, https:\/\/plumanegranoticias.com\/wp-content\/uploads\/2025\/06\/img-20250624-wa00834960817591404673532-400x300.jpg 400w, https:\/\/plumanegranoticias.com\/wp-content\/uploads\/2025\/06\/img-20250624-wa00834960817591404673532.jpg 1600w\" sizes=\"auto, (max-width: 1024px) 100vw, 1024px\" \/><\/figure>\n","protected":false},"excerpt":{"rendered":"<p>Los recursos recaudados ser\u00e1n para Atheca quien se dedica a apoyar a pacientes con c\u00e1ncer y sus familiares \u00c1ngeles Gonz\u00e1lez CeballosXalapa, Ver., La C\u00e1mara Mexicana de la Industria de la Construcci\u00f3n (CMIC) Xalapa, invit\u00f3 a la poblaci\u00f3n en general a participar en la cuarta edici\u00f3n de la \u201cCarrera por la Vida\u201d, que tiene como finalidad&#8230; <\/p>\n<div class=\"clear\"><\/div>\n<p><a href=\"https:\/\/plumanegranoticias.com\/?p=10911\" class=\"excerpt-read-more\">Read More<i class=\"fa fa-caret-right icon-caret-right\"><\/i><\/a><\/p>\n","protected":false},"author":2,"featured_media":10913,"comment_status":"open","ping_status":"open","sticky":false,"template":"","format":"standard","meta":{"om_disable_all_campaigns":false,"_monsterinsights_skip_tracking":false,"_monsterinsights_sitenote_active":false,"_monsterinsights_sitenote_note":"","_monsterinsights_sitenote_category":0,"_uf_show_specific_survey":0,"_uf_disable_surveys":false,"footnotes":""},"categories":[67,8,12],"tags":[34,61,19],"class_list":["post-10911","post","type-post","status-publish","format-standard","has-post-thumbnail","hentry","category-policiaca","category-politica","category-regional","tag-policiaca","tag-politica","tag-regional"],"aioseo_notices":[],"_links":{"self":[{"href":"https:\/\/plumanegranoticias.com\/index.php?rest_route=\/wp\/v2\/posts\/10911","targetHints":{"allow":["GET"]}}],"collection":[{"href":"https:\/\/plumanegranoticias.com\/index.php?rest_route=\/wp\/v2\/posts"}],"about":[{"href":"https:\/\/plumanegranoticias.com\/index.php?rest_route=\/wp\/v2\/types\/post"}],"author":[{"embeddable":true,"href":"https:\/\/plumanegranoticias.com\/index.php?rest_route=\/wp\/v2\/users\/2"}],"replies":[{"embeddable":true,"href":"https:\/\/plumanegranoticias.com\/index.php?rest_route=%2Fwp%2Fv2%2Fcomments&post=10911"}],"version-history":[{"count":1,"href":"https:\/\/plumanegranoticias.com\/index.php?rest_route=\/wp\/v2\/posts\/10911\/revisions"}],"predecessor-version":[{"id":10912,"href":"https:\/\/plumanegranoticias.com\/index.php?rest_route=\/wp\/v2\/posts\/10911\/revisions\/10912"}],"wp:featuredmedia":[{"embeddable":true,"href":"https:\/\/plumanegranoticias.com\/index.php?rest_route=\/wp\/v2\/media\/10913"}],"wp:attachment":[{"href":"https:\/\/plumanegranoticias.com\/index.php?rest_route=%2Fwp%2Fv2%2Fmedia&parent=10911"}],"wp:term":[{"taxonomy":"category","embeddable":true,"href":"https:\/\/plumanegranoticias.com\/index.php?rest_route=%2Fwp%2Fv2%2Fcategories&post=10911"},{"taxonomy":"post_tag","embeddable":true,"href":"https:\/\/plumanegranoticias.com\/index.php?rest_route=%2Fwp%2Fv2%2Ftags&post=10911"}],"curies":[{"name":"wp","href":"https:\/\/api.w.org\/{rel}","templated":true}]}}