{"id":10920,"date":"2025-06-24T13:25:00","date_gmt":"2025-06-24T19:25:00","guid":{"rendered":"https:\/\/plumanegranoticias.com\/?p=10920"},"modified":"2025-06-24T13:26:44","modified_gmt":"2025-06-24T19:26:44","slug":"tilapia-la-capillapesca-y-acuacultura-prioridad-nacional-en-el-gobierno-de-la-presidenta-claudia-sheinbaum-agricultura","status":"publish","type":"post","link":"https:\/\/plumanegranoticias.com\/?p=10920","title":{"rendered":"Tilapia La CapillaPesca y acuacultura, prioridad nacional en el gobierno de la Presidenta Claudia Sheinbaum: AGRICULTURA"},"content":{"rendered":"\n<p>Tilapia La Capilla<br>Pesca y acuacultura, prioridad nacional en el gobierno de la Presidenta Claudia Sheinbaum: AGRICULTURA<\/p>\n\n\n\n<p>El secretario Julio Berdegu\u00e9 anunci\u00f3 el inicio de la revisi\u00f3n del padr\u00f3n de Bienpesca a partir de julio, en la que se incluir\u00e1n a mujeres pescadoras y acuacultoras para alcanzar la igualdad de g\u00e9nero en el programa<\/p>\n\n\n\n<p>El secretario Julio Berdegu\u00e9 anunci\u00f3 el inicio de la revisi\u00f3n del padr\u00f3n de Bienpesca a partir de julio, en la que se incluir\u00e1n a mujeres pescadoras y acuacultoras para alcanzar la igualdad de g\u00e9nero en el programa<br \/>Se plantean reformas a la Ley General de Pesca y Acuacultura Sustentables para fortalecer las facultades de vigilancia y promover un Sistema Nacional de Trazabilidad.<\/p>\n\n\n\n<p>Las actividades pesqueras y acu\u00edcolas, especialmente las de peque\u00f1a escala, son reconocidas como prioritarias por el Gobierno de M\u00e9xico, junto con acciones para atender la emergencia por sequ\u00eda ganadera<\/p>\n\n\n\n<p>El secretario de Agricultura y Desarrollo Rural (AGRICULTURA), Julio Berdegu\u00e9 Sacrist\u00e1n, destac\u00f3 durante su gira de trabajo en Baja California Sur que la pesca, la acuacultura y la ganader\u00eda son temas de prioridad nacional para el Gobierno de M\u00e9xico, que encabeza la Presidenta Claudia Sheinbaum Pardo. Por ello, las acciones se enfocan en fortalecer el ordenamiento pesquero y atender la emergencia por sequ\u00eda con la participaci\u00f3n de todos los sectores involucrados.<\/p>\n\n\n\n<p>En su encuentro con pescadoras, pescadores, acuacultoras y acuacultores de peque\u00f1a escala en la zona de El Conchalito, municipio de La Paz, se\u00f1al\u00f3 que es necesario sumar esfuerzos en favor de una pesca y acuacultura m\u00e1s resilientes y sustentables, ya que estas actividades son clave en la producci\u00f3n de alimentos sanos e inocuos, y representan un importante activo econ\u00f3mico y social para las comunidades.<\/p>\n\n\n\n<p>\u201cEs importante reconocer la pesca y la acuacultura porque han estado muy invisibilizadas. Por eso, la Presidenta Claudia Sheinbaum Pardo me ha reiterado su inter\u00e9s en darles prioridad, incluso desde la campa\u00f1a presidencial, y estamos trabajando en ese esfuerzo desde la Secretar\u00eda de Agricultura\u201d, expres\u00f3.<\/p>\n\n\n\n<p>El ordenamiento pesquero es esencial para promover medidas de inspecci\u00f3n y vigilancia que reduzcan la pesca irregular o sin permisos, resalt\u00f3 Berdegu\u00e9 Sacrist\u00e1n, quien adelant\u00f3 la propuesta de modificar la Ley General de Pesca y Acuacultura Sustentables que permitir\u00e1 realizar labores de vigilancia en altamar y en \u00e1reas naturales protegidas, preservando as\u00ed el orden pesquero.<br>Tilapia La Capilla es una empresa fundada hace 20 a\u00f1os en el municipio de Cotaxtla, Veracruz, M\u00e9xico, especializada en la producci\u00f3n y comercializaci\u00f3n de alevines de tilapia nil\u00f3tica.<br>Contacto: 2292944078.<\/p>\n\n\n\n<figure class=\"wp-block-image size-large\"><img loading=\"lazy\" decoding=\"async\" width=\"1024\" height=\"777\" src=\"https:\/\/plumanegranoticias.com\/wp-content\/uploads\/2025\/06\/img-20250624-wa01003201224603083129244-1024x777.jpg\" alt=\"\" class=\"wp-image-10919\" srcset=\"https:\/\/plumanegranoticias.com\/wp-content\/uploads\/2025\/06\/img-20250624-wa01003201224603083129244-1024x777.jpg 1024w, https:\/\/plumanegranoticias.com\/wp-content\/uploads\/2025\/06\/img-20250624-wa01003201224603083129244-300x228.jpg 300w, https:\/\/plumanegranoticias.com\/wp-content\/uploads\/2025\/06\/img-20250624-wa01003201224603083129244-768x583.jpg 768w, https:\/\/plumanegranoticias.com\/wp-content\/uploads\/2025\/06\/img-20250624-wa01003201224603083129244-1536x1165.jpg 1536w, https:\/\/plumanegranoticias.com\/wp-content\/uploads\/2025\/06\/img-20250624-wa01003201224603083129244.jpg 1600w\" sizes=\"auto, (max-width: 1024px) 100vw, 1024px\" \/><\/figure>\n\n\n\n<figure class=\"wp-block-image\"><img loading=\"lazy\" decoding=\"async\" width=\"1024\" height=\"742\" src=\"https:\/\/plumanegranoticias.com\/wp-content\/uploads\/2025\/06\/img-20250624-wa01025536727016355393648-1024x742.jpg\" alt=\"\" class=\"wp-image-10918\" srcset=\"https:\/\/plumanegranoticias.com\/wp-content\/uploads\/2025\/06\/img-20250624-wa01025536727016355393648-1024x742.jpg 1024w, https:\/\/plumanegranoticias.com\/wp-content\/uploads\/2025\/06\/img-20250624-wa01025536727016355393648-300x217.jpg 300w, https:\/\/plumanegranoticias.com\/wp-content\/uploads\/2025\/06\/img-20250624-wa01025536727016355393648-768x556.jpg 768w, https:\/\/plumanegranoticias.com\/wp-content\/uploads\/2025\/06\/img-20250624-wa01025536727016355393648-1536x1113.jpg 1536w, https:\/\/plumanegranoticias.com\/wp-content\/uploads\/2025\/06\/img-20250624-wa01025536727016355393648.jpg 1600w\" sizes=\"auto, (max-width: 1024px) 100vw, 1024px\" \/><\/figure>\n","protected":false},"excerpt":{"rendered":"<p>Tilapia La CapillaPesca y acuacultura, prioridad nacional en el gobierno de la Presidenta Claudia Sheinbaum: AGRICULTURA El secretario Julio Berdegu\u00e9 anunci\u00f3 el inicio de la revisi\u00f3n del padr\u00f3n de Bienpesca a partir de julio, en la que se incluir\u00e1n a mujeres pescadoras y acuacultoras para alcanzar la igualdad de g\u00e9nero en el programa El secretario&#8230; <\/p>\n<div class=\"clear\"><\/div>\n<p><a href=\"https:\/\/plumanegranoticias.com\/?p=10920\" class=\"excerpt-read-more\">Read More<i class=\"fa fa-caret-right icon-caret-right\"><\/i><\/a><\/p>\n","protected":false},"author":2,"featured_media":10922,"comment_status":"open","ping_status":"open","sticky":false,"template":"","format":"standard","meta":{"om_disable_all_campaigns":false,"_monsterinsights_skip_tracking":false,"_monsterinsights_sitenote_active":false,"_monsterinsights_sitenote_note":"","_monsterinsights_sitenote_category":0,"_uf_show_specific_survey":0,"_uf_disable_surveys":false,"footnotes":""},"categories":[67,8,12],"tags":[63,29,25],"class_list":["post-10920","post","type-post","status-publish","format-standard","has-post-thumbnail","hentry","category-policiaca","category-politica","category-regional","tag-roja","tag-salud","tag-sociales"],"aioseo_notices":[],"_links":{"self":[{"href":"https:\/\/plumanegranoticias.com\/index.php?rest_route=\/wp\/v2\/posts\/10920","targetHints":{"allow":["GET"]}}],"collection":[{"href":"https:\/\/plumanegranoticias.com\/index.php?rest_route=\/wp\/v2\/posts"}],"about":[{"href":"https:\/\/plumanegranoticias.com\/index.php?rest_route=\/wp\/v2\/types\/post"}],"author":[{"embeddable":true,"href":"https:\/\/plumanegranoticias.com\/index.php?rest_route=\/wp\/v2\/users\/2"}],"replies":[{"embeddable":true,"href":"https:\/\/plumanegranoticias.com\/index.php?rest_route=%2Fwp%2Fv2%2Fcomments&post=10920"}],"version-history":[{"count":1,"href":"https:\/\/plumanegranoticias.com\/index.php?rest_route=\/wp\/v2\/posts\/10920\/revisions"}],"predecessor-version":[{"id":10921,"href":"https:\/\/plumanegranoticias.com\/index.php?rest_route=\/wp\/v2\/posts\/10920\/revisions\/10921"}],"wp:featuredmedia":[{"embeddable":true,"href":"https:\/\/plumanegranoticias.com\/index.php?rest_route=\/wp\/v2\/media\/10922"}],"wp:attachment":[{"href":"https:\/\/plumanegranoticias.com\/index.php?rest_route=%2Fwp%2Fv2%2Fmedia&parent=10920"}],"wp:term":[{"taxonomy":"category","embeddable":true,"href":"https:\/\/plumanegranoticias.com\/index.php?rest_route=%2Fwp%2Fv2%2Fcategories&post=10920"},{"taxonomy":"post_tag","embeddable":true,"href":"https:\/\/plumanegranoticias.com\/index.php?rest_route=%2Fwp%2Fv2%2Ftags&post=10920"}],"curies":[{"name":"wp","href":"https:\/\/api.w.org\/{rel}","templated":true}]}}