{"id":10930,"date":"2025-06-24T13:43:57","date_gmt":"2025-06-24T19:43:57","guid":{"rendered":"https:\/\/plumanegranoticias.com\/?p=10930"},"modified":"2025-06-24T13:44:26","modified_gmt":"2025-06-24T19:44:26","slug":"inicio-proceso-de-transicion-del-ivai-a-la-contraloria","status":"publish","type":"post","link":"https:\/\/plumanegranoticias.com\/?p=10930","title":{"rendered":"Inici\u00f3 proceso de transici\u00f3n del IVAI a la Contralor\u00eda"},"content":{"rendered":"\n<p>\u00c1ngeles Gonz\u00e1lez Ceballos<br>Xalapa, Ver., A partir de esta semana iniciaron las reuniones para analizar todo lo relacionado a la transici\u00f3n del Instituto Veracruzano de Acceso a la Informaci\u00f3n y Protecci\u00f3n de Datos Personales.<\/p>\n\n\n\n<figure class=\"wp-block-image size-large\"><img loading=\"lazy\" decoding=\"async\" width=\"1024\" height=\"658\" src=\"https:\/\/plumanegranoticias.com\/wp-content\/uploads\/2025\/06\/img-20250624-wa01135468662911273412877-1024x658.jpg\" alt=\"\" class=\"wp-image-10929\" srcset=\"https:\/\/plumanegranoticias.com\/wp-content\/uploads\/2025\/06\/img-20250624-wa01135468662911273412877-1024x658.jpg 1024w, https:\/\/plumanegranoticias.com\/wp-content\/uploads\/2025\/06\/img-20250624-wa01135468662911273412877-300x193.jpg 300w, https:\/\/plumanegranoticias.com\/wp-content\/uploads\/2025\/06\/img-20250624-wa01135468662911273412877-768x494.jpg 768w, https:\/\/plumanegranoticias.com\/wp-content\/uploads\/2025\/06\/img-20250624-wa01135468662911273412877.jpg 1080w\" sizes=\"auto, (max-width: 1024px) 100vw, 1024px\" \/><\/figure>\n\n\n\n<p>El comisionado presidente, David Agust\u00edn Jim\u00e9nez Rojas se reuni\u00f3 este lunes con el titular de la Contralor\u00eda General del Estado, Ram\u00f3n Santos Navarro.<\/p>\n\n\n\n<p>Ah\u00ed, se estableci\u00f3 que la transparencia de Veracruz quedar\u00e1 garantizada y ahora en manos de la Contralor\u00eda General del Estado, donde todo se encontrar\u00e1 en la plataforma del \u00f3rgano desconcentrado llamado &#8220;Transparencia del Pueblo&#8221;.<\/p>\n\n\n\n<p>Jim\u00e9nez Rojas mencion\u00f3 que se buscar\u00e1 que no quede ning\u00fan pendiente de los menos de 3 mil expedientes que a\u00fan faltan por resolver.<\/p>\n\n\n\n<p>&#8220;Estamos hablando de un aproximado entre 3 mil m\u00e1s o menos, 3 mil expedientes. Vamos a hacer lo posible, pues lo tiene que resolver en este caso la Contralor\u00eda, todav\u00eda est\u00e1n en v\u00edas de aprobar las reformas secundarias, pero se va a crear un \u00f3rgano desconcentrado que se va a llamar Transparencia del Pueblo&#8221;, puntualiz\u00f3.<\/p>\n\n\n\n<p>El Comisionado asegur\u00f3 que la plataforma seguir\u00e1 funcionando igual que hasta este momento.<\/p>\n\n\n\n<p>Aclar\u00f3 que se regresar\u00e1n a la Secretar\u00eda de Finanzas y Planeaci\u00f3n(SEFIPLAN) 31 millones de pesos de los 47 millones que les fueron otorgados como parte del presupuesto de Egresos 2025.<\/p>\n\n\n\n<p>Precis\u00f3 que la mayor cantidad se utiliz\u00f3 en el pago de n\u00f3mina y compras de papeler\u00eda.<\/p>\n\n\n\n<p>&#8220;Todo seguir\u00e1 igual, el recurso igual, todo va a ser lo mismo, va a tener que hacer una reingenier\u00eda del recurso. Nosotros estamos dejando actualmente al d\u00eda de hoy 31 millones de pesos de los 47 millones de pesos&#8221;, indic\u00f3.<\/p>\n\n\n\n<p>Asimismo, indic\u00f3 que son 103 trabajadores los que ser\u00e1n reubicados en otras dependencias como en la Contralor\u00eda General del Estado y 19 de confianza que a\u00fan siguen buscando su ubicaci\u00f3n.<\/p>\n\n\n\n<p>De no encontrar ser\u00e1n liquidados, para lo cual utilizar\u00edan menos de un mill\u00f3n de pesos del presupuesto.<\/p>\n\n\n\n<p>Defini\u00f3 que tanto \u00e9l como la comisionada Naldy Rodr\u00edguez, dejar\u00e1n de trabajar para el Instituto en cuanto se apruebe su desaparici\u00f3n en el Congreso del Estado.<\/p>\n","protected":false},"excerpt":{"rendered":"<p>\u00c1ngeles Gonz\u00e1lez CeballosXalapa, Ver., A partir de esta semana iniciaron las reuniones para analizar todo lo relacionado a la transici\u00f3n del Instituto Veracruzano de Acceso a la Informaci\u00f3n y Protecci\u00f3n de Datos Personales. El comisionado presidente, David Agust\u00edn Jim\u00e9nez Rojas se reuni\u00f3 este lunes con el titular de la Contralor\u00eda General del Estado, Ram\u00f3n Santos&#8230; <\/p>\n<div class=\"clear\"><\/div>\n<p><a href=\"https:\/\/plumanegranoticias.com\/?p=10930\" class=\"excerpt-read-more\">Read More<i class=\"fa fa-caret-right icon-caret-right\"><\/i><\/a><\/p>\n","protected":false},"author":2,"featured_media":10932,"comment_status":"open","ping_status":"open","sticky":false,"template":"","format":"standard","meta":{"om_disable_all_campaigns":false,"_monsterinsights_skip_tracking":false,"_monsterinsights_sitenote_active":false,"_monsterinsights_sitenote_note":"","_monsterinsights_sitenote_category":0,"_uf_show_specific_survey":0,"_uf_disable_surveys":false,"footnotes":""},"categories":[1],"tags":[18],"class_list":["post-10930","post","type-post","status-publish","format-standard","has-post-thumbnail","hentry","category-blog","tag-noticia"],"aioseo_notices":[],"_links":{"self":[{"href":"https:\/\/plumanegranoticias.com\/index.php?rest_route=\/wp\/v2\/posts\/10930","targetHints":{"allow":["GET"]}}],"collection":[{"href":"https:\/\/plumanegranoticias.com\/index.php?rest_route=\/wp\/v2\/posts"}],"about":[{"href":"https:\/\/plumanegranoticias.com\/index.php?rest_route=\/wp\/v2\/types\/post"}],"author":[{"embeddable":true,"href":"https:\/\/plumanegranoticias.com\/index.php?rest_route=\/wp\/v2\/users\/2"}],"replies":[{"embeddable":true,"href":"https:\/\/plumanegranoticias.com\/index.php?rest_route=%2Fwp%2Fv2%2Fcomments&post=10930"}],"version-history":[{"count":1,"href":"https:\/\/plumanegranoticias.com\/index.php?rest_route=\/wp\/v2\/posts\/10930\/revisions"}],"predecessor-version":[{"id":10931,"href":"https:\/\/plumanegranoticias.com\/index.php?rest_route=\/wp\/v2\/posts\/10930\/revisions\/10931"}],"wp:featuredmedia":[{"embeddable":true,"href":"https:\/\/plumanegranoticias.com\/index.php?rest_route=\/wp\/v2\/media\/10932"}],"wp:attachment":[{"href":"https:\/\/plumanegranoticias.com\/index.php?rest_route=%2Fwp%2Fv2%2Fmedia&parent=10930"}],"wp:term":[{"taxonomy":"category","embeddable":true,"href":"https:\/\/plumanegranoticias.com\/index.php?rest_route=%2Fwp%2Fv2%2Fcategories&post=10930"},{"taxonomy":"post_tag","embeddable":true,"href":"https:\/\/plumanegranoticias.com\/index.php?rest_route=%2Fwp%2Fv2%2Ftags&post=10930"}],"curies":[{"name":"wp","href":"https:\/\/api.w.org\/{rel}","templated":true}]}}