{"id":10946,"date":"2025-06-25T09:30:33","date_gmt":"2025-06-25T15:30:33","guid":{"rendered":"https:\/\/plumanegranoticias.com\/?p=10946"},"modified":"2025-06-25T09:31:08","modified_gmt":"2025-06-25T15:31:08","slug":"quitan-la-vida-a-hombre-en-penuela","status":"publish","type":"post","link":"https:\/\/plumanegranoticias.com\/?p=10946","title":{"rendered":"QUITAN LA VIDA A HOMBRE EN PE\u00d1UELA"},"content":{"rendered":"\n<p>Ejecutan a hombre en Pe\u00f1uela; autoridades investigan el caso<\/p>\n\n\n\n<p>Gerardo Luna<br \/>Amatl\u00e1n de los Reyes, Ver.\u2014 Un hombre de aproximadamente 34 a\u00f1os fue ejecutado la ma\u00f1ana de este mi\u00e9rcoles en la localidad de Pe\u00f1uela, perteneciente al municipio de Amatl\u00e1n de los Reyes, tras ser atacado a balazos cuando se encontraba en la v\u00eda p\u00fablica.<\/p>\n\n\n\n<p>De inmediato se activaron los protocolos de emergencia, moviliz\u00e1ndose al sitio elementos de los cuerpos de auxilio, entre ellos param\u00e9dicos del agrupamiento SAMUV de Amatl\u00e1n y de la Cruz Roja, quienes confirmaron que la v\u00edctima ya no presentaba signos vitales.<\/p>\n\n\n\n<p>Al lugar tambi\u00e9n arribaron elementos de la Coordinaci\u00f3n Regional de la Polic\u00eda Ministerial, peritos en criminal\u00edstica y personal de la Fiscal\u00eda General del Estado, quienes realizaron el procesamiento de la escena y el levantamiento del cuerpo, que fue trasladado al Servicio M\u00e9dico Forense (SEMEFO) para la necropsia de ley.<\/p>\n\n\n\n<p>Hasta el momento no se reportan personas detenidas por estos hechos. La Fiscal\u00eda abri\u00f3 una carpeta de investigaci\u00f3n para esclarecer el homicidio e identificar a los posibles responsables de esta ejecuci\u00f3n.<\/p>\n\n\n\n<figure class=\"wp-block-image size-large\"><img loading=\"lazy\" decoding=\"async\" width=\"244\" height=\"300\" src=\"https:\/\/plumanegranoticias.com\/wp-content\/uploads\/2025\/06\/img-20250625-wa00122574100994697628363-244x300.jpg\" alt=\"\" class=\"wp-image-10945\" srcset=\"https:\/\/plumanegranoticias.com\/wp-content\/uploads\/2025\/06\/img-20250625-wa00122574100994697628363-244x300.jpg 244w, https:\/\/plumanegranoticias.com\/wp-content\/uploads\/2025\/06\/img-20250625-wa00122574100994697628363.jpg 720w\" sizes=\"auto, (max-width: 244px) 100vw, 244px\" \/><\/figure>\n\n\n\n<figure class=\"wp-block-image\"><img loading=\"lazy\" decoding=\"async\" width=\"300\" height=\"248\" src=\"https:\/\/plumanegranoticias.com\/wp-content\/uploads\/2025\/06\/img-20250625-wa00108163792753676657874-300x248.jpg\" alt=\"\" class=\"wp-image-10944\" srcset=\"https:\/\/plumanegranoticias.com\/wp-content\/uploads\/2025\/06\/img-20250625-wa00108163792753676657874-300x248.jpg 300w, https:\/\/plumanegranoticias.com\/wp-content\/uploads\/2025\/06\/img-20250625-wa00108163792753676657874.jpg 720w\" sizes=\"auto, (max-width: 300px) 100vw, 300px\" \/><\/figure>\n\n\n\n<figure class=\"wp-block-image\"><img loading=\"lazy\" decoding=\"async\" width=\"261\" height=\"300\" src=\"https:\/\/plumanegranoticias.com\/wp-content\/uploads\/2025\/06\/img-20250625-wa00134134907425753118312-261x300.jpg\" alt=\"\" class=\"wp-image-10943\" srcset=\"https:\/\/plumanegranoticias.com\/wp-content\/uploads\/2025\/06\/img-20250625-wa00134134907425753118312-261x300.jpg 261w, https:\/\/plumanegranoticias.com\/wp-content\/uploads\/2025\/06\/img-20250625-wa00134134907425753118312.jpg 720w\" sizes=\"auto, (max-width: 261px) 100vw, 261px\" \/><\/figure>\n","protected":false},"excerpt":{"rendered":"<p>Ejecutan a hombre en Pe\u00f1uela; autoridades investigan el caso Gerardo LunaAmatl\u00e1n de los Reyes, Ver.\u2014 Un hombre de aproximadamente 34 a\u00f1os fue ejecutado la ma\u00f1ana de este mi\u00e9rcoles en la localidad de Pe\u00f1uela, perteneciente al municipio de Amatl\u00e1n de los Reyes, tras ser atacado a balazos cuando se encontraba en la v\u00eda p\u00fablica. De inmediato&#8230; <\/p>\n<div class=\"clear\"><\/div>\n<p><a href=\"https:\/\/plumanegranoticias.com\/?p=10946\" class=\"excerpt-read-more\">Read More<i class=\"fa fa-caret-right icon-caret-right\"><\/i><\/a><\/p>\n","protected":false},"author":2,"featured_media":10942,"comment_status":"open","ping_status":"open","sticky":false,"template":"","format":"standard","meta":{"om_disable_all_campaigns":false,"_monsterinsights_skip_tracking":false,"_monsterinsights_sitenote_active":false,"_monsterinsights_sitenote_note":"","_monsterinsights_sitenote_category":0,"_uf_show_specific_survey":0,"_uf_disable_surveys":false,"footnotes":""},"categories":[1],"tags":[61,19],"class_list":["post-10946","post","type-post","status-publish","format-standard","has-post-thumbnail","hentry","category-blog","tag-politica","tag-regional"],"aioseo_notices":[],"_links":{"self":[{"href":"https:\/\/plumanegranoticias.com\/index.php?rest_route=\/wp\/v2\/posts\/10946","targetHints":{"allow":["GET"]}}],"collection":[{"href":"https:\/\/plumanegranoticias.com\/index.php?rest_route=\/wp\/v2\/posts"}],"about":[{"href":"https:\/\/plumanegranoticias.com\/index.php?rest_route=\/wp\/v2\/types\/post"}],"author":[{"embeddable":true,"href":"https:\/\/plumanegranoticias.com\/index.php?rest_route=\/wp\/v2\/users\/2"}],"replies":[{"embeddable":true,"href":"https:\/\/plumanegranoticias.com\/index.php?rest_route=%2Fwp%2Fv2%2Fcomments&post=10946"}],"version-history":[{"count":1,"href":"https:\/\/plumanegranoticias.com\/index.php?rest_route=\/wp\/v2\/posts\/10946\/revisions"}],"predecessor-version":[{"id":10947,"href":"https:\/\/plumanegranoticias.com\/index.php?rest_route=\/wp\/v2\/posts\/10946\/revisions\/10947"}],"wp:featuredmedia":[{"embeddable":true,"href":"https:\/\/plumanegranoticias.com\/index.php?rest_route=\/wp\/v2\/media\/10942"}],"wp:attachment":[{"href":"https:\/\/plumanegranoticias.com\/index.php?rest_route=%2Fwp%2Fv2%2Fmedia&parent=10946"}],"wp:term":[{"taxonomy":"category","embeddable":true,"href":"https:\/\/plumanegranoticias.com\/index.php?rest_route=%2Fwp%2Fv2%2Fcategories&post=10946"},{"taxonomy":"post_tag","embeddable":true,"href":"https:\/\/plumanegranoticias.com\/index.php?rest_route=%2Fwp%2Fv2%2Ftags&post=10946"}],"curies":[{"name":"wp","href":"https:\/\/api.w.org\/{rel}","templated":true}]}}