{"id":10957,"date":"2025-06-25T10:23:58","date_gmt":"2025-06-25T16:23:58","guid":{"rendered":"https:\/\/plumanegranoticias.com\/?p=10957"},"modified":"2025-06-25T10:25:25","modified_gmt":"2025-06-25T16:25:25","slug":"estudiantes-de-la-normal-suarez-trujillo-exigen-instalaciones-dignas","status":"publish","type":"post","link":"https:\/\/plumanegranoticias.com\/?p=10957","title":{"rendered":"Estudiantes de la Normal &#8220;Su\u00e1rez Trujillo&#8221; exigen instalaciones dignas"},"content":{"rendered":"\n<p>Angeles Gonz\u00e1lez Ceballos<br>Xalapa, Ver., Estudiantes de la Escuela Normal Superior Veracruzana &#8220;Dr. Manuel Su\u00e1rez Trujillo&#8221;, protestaron este miercoles ante la Secretar\u00eda de Educaci\u00f3n de Veracruz para exigir que les brinden instalaciones dignas.<\/p>\n\n\n\n<p>En entrevista, David Velasco Pimentel, record\u00f3 que desde el mes de diciembre del a\u00f1o pasado, tuvieron que desalojar el edificio donde se ubicaba la escuela, porque exist\u00eda la advertencia de que pod\u00eda colapsar.<\/p>\n\n\n\n<p>Por ello, los directivos y autoridades educativas tomaron la decisi\u00f3n de que tomaran clases en l\u00ednea, sin embargo, los estudiantes expresan que para su formaci\u00f3n profesional como docentes, es necesario hacer actividades presenciales.<\/p>\n\n\n\n<p>&#8220;Nosotros pedimos regresar a presencial, pero la respuesta de la SEV fue mandarnos a un sistema h\u00edbrido y mandarnos al TEBAEV de Las Trancas.<\/p>\n\n\n\n<p>Era algo provisional, pero hasta ahora no hemos tenido respuesta ni por parte de las autoridades ni por parte de la Normal&#8221;, expuso el afectado.<\/p>\n\n\n\n<p>Expuso que el inmueble est\u00e1 en p\u00e9simas condiciones y corren el riesgo de que la estructura de las escaleras y el auditorio se vengan abajo.<\/p>\n\n\n\n<p>&#8220;Los directivos saben que el auditorio est\u00e1 a punto de colapsar, pero segu\u00edamos ingresando a \u00e9l a\u00fan conociendo el riesgo&#8221;, se\u00f1al\u00f3.<\/p>\n\n\n\n<p>Record\u00f3 que desde que les dijeron que el edificio pod\u00eda sufrir alg\u00fan tipo de da\u00f1o, sobre todo por las lluvias, por lo que se fueron al TEBAEV de Las Trancas, pero algunos d\u00edas est\u00e1n en clases en l\u00ednea, pero los horarios son muy pesados.<\/p>\n\n\n\n<figure class=\"wp-block-image size-large\"><img loading=\"lazy\" decoding=\"async\" width=\"1024\" height=\"576\" src=\"https:\/\/plumanegranoticias.com\/wp-content\/uploads\/2025\/06\/img-20250625-wa00258608610809922411249-1024x576.jpg\" alt=\"\" class=\"wp-image-10954\" srcset=\"https:\/\/plumanegranoticias.com\/wp-content\/uploads\/2025\/06\/img-20250625-wa00258608610809922411249-1024x576.jpg 1024w, https:\/\/plumanegranoticias.com\/wp-content\/uploads\/2025\/06\/img-20250625-wa00258608610809922411249-300x169.jpg 300w, https:\/\/plumanegranoticias.com\/wp-content\/uploads\/2025\/06\/img-20250625-wa00258608610809922411249-768x432.jpg 768w, https:\/\/plumanegranoticias.com\/wp-content\/uploads\/2025\/06\/img-20250625-wa00258608610809922411249-1536x864.jpg 1536w, https:\/\/plumanegranoticias.com\/wp-content\/uploads\/2025\/06\/img-20250625-wa00258608610809922411249.jpg 1599w\" sizes=\"auto, (max-width: 1024px) 100vw, 1024px\" \/><\/figure>\n\n\n\n<figure class=\"wp-block-image\"><img loading=\"lazy\" decoding=\"async\" width=\"1024\" height=\"461\" src=\"https:\/\/plumanegranoticias.com\/wp-content\/uploads\/2025\/06\/img-20250625-wa00281688810866312141176-1024x461.jpg\" alt=\"\" class=\"wp-image-10952\" srcset=\"https:\/\/plumanegranoticias.com\/wp-content\/uploads\/2025\/06\/img-20250625-wa00281688810866312141176-1024x461.jpg 1024w, https:\/\/plumanegranoticias.com\/wp-content\/uploads\/2025\/06\/img-20250625-wa00281688810866312141176-300x135.jpg 300w, https:\/\/plumanegranoticias.com\/wp-content\/uploads\/2025\/06\/img-20250625-wa00281688810866312141176-768x346.jpg 768w, https:\/\/plumanegranoticias.com\/wp-content\/uploads\/2025\/06\/img-20250625-wa00281688810866312141176-1536x691.jpg 1536w, https:\/\/plumanegranoticias.com\/wp-content\/uploads\/2025\/06\/img-20250625-wa00281688810866312141176.jpg 1600w\" sizes=\"auto, (max-width: 1024px) 100vw, 1024px\" \/><\/figure>\n\n\n\n<figure class=\"wp-block-image\"><img loading=\"lazy\" decoding=\"async\" width=\"1024\" height=\"576\" src=\"https:\/\/plumanegranoticias.com\/wp-content\/uploads\/2025\/06\/img-20250625-wa00263325094498406073784-1024x576.jpg\" alt=\"\" class=\"wp-image-10953\" srcset=\"https:\/\/plumanegranoticias.com\/wp-content\/uploads\/2025\/06\/img-20250625-wa00263325094498406073784-1024x576.jpg 1024w, https:\/\/plumanegranoticias.com\/wp-content\/uploads\/2025\/06\/img-20250625-wa00263325094498406073784-300x169.jpg 300w, https:\/\/plumanegranoticias.com\/wp-content\/uploads\/2025\/06\/img-20250625-wa00263325094498406073784-768x432.jpg 768w, https:\/\/plumanegranoticias.com\/wp-content\/uploads\/2025\/06\/img-20250625-wa00263325094498406073784-1536x864.jpg 1536w, https:\/\/plumanegranoticias.com\/wp-content\/uploads\/2025\/06\/img-20250625-wa00263325094498406073784.jpg 1599w\" sizes=\"auto, (max-width: 1024px) 100vw, 1024px\" \/><\/figure>\n","protected":false},"excerpt":{"rendered":"<p>Angeles Gonz\u00e1lez CeballosXalapa, Ver., Estudiantes de la Escuela Normal Superior Veracruzana &#8220;Dr. Manuel Su\u00e1rez Trujillo&#8221;, protestaron este miercoles ante la Secretar\u00eda de Educaci\u00f3n de Veracruz para exigir que les brinden instalaciones dignas. En entrevista, David Velasco Pimentel, record\u00f3 que desde el mes de diciembre del a\u00f1o pasado, tuvieron que desalojar el edificio donde se ubicaba&#8230; <\/p>\n<div class=\"clear\"><\/div>\n<p><a href=\"https:\/\/plumanegranoticias.com\/?p=10957\" class=\"excerpt-read-more\">Read More<i class=\"fa fa-caret-right icon-caret-right\"><\/i><\/a><\/p>\n","protected":false},"author":2,"featured_media":10955,"comment_status":"open","ping_status":"open","sticky":false,"template":"","format":"standard","meta":{"om_disable_all_campaigns":false,"_monsterinsights_skip_tracking":false,"_monsterinsights_sitenote_active":false,"_monsterinsights_sitenote_note":"","_monsterinsights_sitenote_category":0,"_uf_show_specific_survey":0,"_uf_disable_surveys":false,"footnotes":""},"categories":[8,12],"tags":[61,19,31],"class_list":["post-10957","post","type-post","status-publish","format-standard","has-post-thumbnail","hentry","category-politica","category-regional","tag-politica","tag-regional","tag-reporte-ciudadano"],"aioseo_notices":[],"_links":{"self":[{"href":"https:\/\/plumanegranoticias.com\/index.php?rest_route=\/wp\/v2\/posts\/10957","targetHints":{"allow":["GET"]}}],"collection":[{"href":"https:\/\/plumanegranoticias.com\/index.php?rest_route=\/wp\/v2\/posts"}],"about":[{"href":"https:\/\/plumanegranoticias.com\/index.php?rest_route=\/wp\/v2\/types\/post"}],"author":[{"embeddable":true,"href":"https:\/\/plumanegranoticias.com\/index.php?rest_route=\/wp\/v2\/users\/2"}],"replies":[{"embeddable":true,"href":"https:\/\/plumanegranoticias.com\/index.php?rest_route=%2Fwp%2Fv2%2Fcomments&post=10957"}],"version-history":[{"count":1,"href":"https:\/\/plumanegranoticias.com\/index.php?rest_route=\/wp\/v2\/posts\/10957\/revisions"}],"predecessor-version":[{"id":10958,"href":"https:\/\/plumanegranoticias.com\/index.php?rest_route=\/wp\/v2\/posts\/10957\/revisions\/10958"}],"wp:featuredmedia":[{"embeddable":true,"href":"https:\/\/plumanegranoticias.com\/index.php?rest_route=\/wp\/v2\/media\/10955"}],"wp:attachment":[{"href":"https:\/\/plumanegranoticias.com\/index.php?rest_route=%2Fwp%2Fv2%2Fmedia&parent=10957"}],"wp:term":[{"taxonomy":"category","embeddable":true,"href":"https:\/\/plumanegranoticias.com\/index.php?rest_route=%2Fwp%2Fv2%2Fcategories&post=10957"},{"taxonomy":"post_tag","embeddable":true,"href":"https:\/\/plumanegranoticias.com\/index.php?rest_route=%2Fwp%2Fv2%2Ftags&post=10957"}],"curies":[{"name":"wp","href":"https:\/\/api.w.org\/{rel}","templated":true}]}}