{"id":10970,"date":"2025-06-25T12:21:34","date_gmt":"2025-06-25T18:21:34","guid":{"rendered":"https:\/\/plumanegranoticias.com\/?p=10970"},"modified":"2025-06-25T12:22:12","modified_gmt":"2025-06-25T18:22:12","slug":"se-achican-aspirantes-a-rectoria-no-juntaron-mas-de-30-para-protestar","status":"publish","type":"post","link":"https:\/\/plumanegranoticias.com\/?p=10970","title":{"rendered":"Se achican aspirantes a Rector\u00eda, no juntaron m\u00e1s de 30 para protestar"},"content":{"rendered":"\n<p>\u00c1ngeles Gonz\u00e1lez Ceballos<br>Xalapa, Ver., .Al lograr convocar a un grupo muy reducido de integrantes de la comunidad universitaria, los tres aspirantes a la rector\u00eda de la Universidad Veracruzana, Jorge Manso Denes, Rafael Vela y Marisol Luna Leal, protestaron en la rector\u00eda de la Casa de Estudios.<\/p>\n\n\n\n<p>Ah\u00ed, el doctor Jorge Manso Denes expres\u00f3 que estaban ah\u00ed para defender a la Universidad, porque con la pr\u00f3rroga concedida a Mart\u00edn Aguilar, se &#8220;atenta contra la autonom\u00eda&#8221;.<\/p>\n\n\n\n<p>&#8220;Esto que acaba de pasar, esto que acaba de suceder, est\u00e1 decisi\u00f3n tomada de manera unilateral por la Junta de Gobierno, es una decisi\u00f3n que atenta contra la autonom\u00eda de la Universidad.<\/p>\n\n\n\n<p>No es nada m\u00e1s decirlo por decirlo, lo estamos diciendo con base en diversas evidencias que hay&#8221;, se\u00f1al\u00f3.<\/p>\n\n\n\n<p>Critic\u00f3 al Rector por afirmar a trav\u00e9s de un v\u00eddeo que est\u00e1 abierto al di\u00e1logo cuando no lo hay, adem\u00e1s, no atiende a la comunidad y &#8220;una gran mayor\u00eda se est\u00e1 manifestando en contra&#8221;.<\/p>\n\n\n\n<p>Por lo que opin\u00f3, es un rector que no merece seguir en el cargo, por ello es que hoy llamaron a &#8220;todos&#8221; para pedir el apoyo.<\/p>\n\n\n\n<p>Incluso asegur\u00f3 que ya cuentan con ese apoyo de los integrantes de la comunidad universitaria, porque lo han visto.<\/p>\n\n\n\n<p>Por su parte, el doctor Rafael Vela, otro de los aspirantes a la Rector\u00eda, denunci\u00f3 que ha sido v\u00edctima de persecuci\u00f3n por parte de la administraci\u00f3n de Mart\u00edn Aguilar.<\/p>\n\n\n\n<p>Se\u00f1al\u00f3 que el 6 de junio pasado, el Consejo Universitario General se expres\u00f3 en contra de la pr\u00f3rroga solicitada por Aguilar S\u00e1nchez.<\/p>\n\n\n\n<p>&#8220;Lo que dijo el doctor Manso sobre esa consulta, adem\u00e1s de fracasada sin soporte legal, no ten\u00eda ninguna necesidad de llevarse a cabo. Ya la comunidad universitaria se hab\u00eda expresado y fue tan mayoritaria que hasta bajaron el video del Consejo, donde la mayor\u00eda de los consejeros alumnos, independientemente de que llevaran paleros; no obstante, con la mayor\u00eda nos expresamos en contra&#8221;, resalt\u00f3.<\/p>\n\n\n\n<figure class=\"wp-block-image size-large\"><img loading=\"lazy\" decoding=\"async\" width=\"1024\" height=\"576\" src=\"https:\/\/plumanegranoticias.com\/wp-content\/uploads\/2025\/06\/img-20250625-wa01153318948499422915692-1024x576.jpg\" alt=\"\" class=\"wp-image-10968\" srcset=\"https:\/\/plumanegranoticias.com\/wp-content\/uploads\/2025\/06\/img-20250625-wa01153318948499422915692-1024x576.jpg 1024w, https:\/\/plumanegranoticias.com\/wp-content\/uploads\/2025\/06\/img-20250625-wa01153318948499422915692-300x169.jpg 300w, https:\/\/plumanegranoticias.com\/wp-content\/uploads\/2025\/06\/img-20250625-wa01153318948499422915692-768x432.jpg 768w, https:\/\/plumanegranoticias.com\/wp-content\/uploads\/2025\/06\/img-20250625-wa01153318948499422915692-1536x864.jpg 1536w, https:\/\/plumanegranoticias.com\/wp-content\/uploads\/2025\/06\/img-20250625-wa01153318948499422915692.jpg 1600w\" sizes=\"auto, (max-width: 1024px) 100vw, 1024px\" \/><\/figure>\n\n\n\n<figure class=\"wp-block-image\"><img loading=\"lazy\" decoding=\"async\" width=\"1024\" height=\"576\" src=\"https:\/\/plumanegranoticias.com\/wp-content\/uploads\/2025\/06\/img-20250625-wa01145629175147830059746-1024x576.jpg\" alt=\"\" class=\"wp-image-10967\" srcset=\"https:\/\/plumanegranoticias.com\/wp-content\/uploads\/2025\/06\/img-20250625-wa01145629175147830059746-1024x576.jpg 1024w, https:\/\/plumanegranoticias.com\/wp-content\/uploads\/2025\/06\/img-20250625-wa01145629175147830059746-300x169.jpg 300w, https:\/\/plumanegranoticias.com\/wp-content\/uploads\/2025\/06\/img-20250625-wa01145629175147830059746-768x432.jpg 768w, https:\/\/plumanegranoticias.com\/wp-content\/uploads\/2025\/06\/img-20250625-wa01145629175147830059746-1536x864.jpg 1536w, https:\/\/plumanegranoticias.com\/wp-content\/uploads\/2025\/06\/img-20250625-wa01145629175147830059746.jpg 1600w\" sizes=\"auto, (max-width: 1024px) 100vw, 1024px\" \/><\/figure>\n\n\n\n<figure class=\"wp-block-image\"><img loading=\"lazy\" decoding=\"async\" width=\"1024\" height=\"576\" src=\"https:\/\/plumanegranoticias.com\/wp-content\/uploads\/2025\/06\/img-20250625-wa01174423807688765255084-1024x576.jpg\" alt=\"\" class=\"wp-image-10969\" srcset=\"https:\/\/plumanegranoticias.com\/wp-content\/uploads\/2025\/06\/img-20250625-wa01174423807688765255084-1024x576.jpg 1024w, https:\/\/plumanegranoticias.com\/wp-content\/uploads\/2025\/06\/img-20250625-wa01174423807688765255084-300x169.jpg 300w, https:\/\/plumanegranoticias.com\/wp-content\/uploads\/2025\/06\/img-20250625-wa01174423807688765255084-768x432.jpg 768w, https:\/\/plumanegranoticias.com\/wp-content\/uploads\/2025\/06\/img-20250625-wa01174423807688765255084-1536x864.jpg 1536w, https:\/\/plumanegranoticias.com\/wp-content\/uploads\/2025\/06\/img-20250625-wa01174423807688765255084.jpg 1600w\" sizes=\"auto, (max-width: 1024px) 100vw, 1024px\" \/><\/figure>\n","protected":false},"excerpt":{"rendered":"<p>\u00c1ngeles Gonz\u00e1lez CeballosXalapa, Ver., .Al lograr convocar a un grupo muy reducido de integrantes de la comunidad universitaria, los tres aspirantes a la rector\u00eda de la Universidad Veracruzana, Jorge Manso Denes, Rafael Vela y Marisol Luna Leal, protestaron en la rector\u00eda de la Casa de Estudios. Ah\u00ed, el doctor Jorge Manso Denes expres\u00f3 que estaban&#8230; <\/p>\n<div class=\"clear\"><\/div>\n<p><a href=\"https:\/\/plumanegranoticias.com\/?p=10970\" class=\"excerpt-read-more\">Read More<i class=\"fa fa-caret-right icon-caret-right\"><\/i><\/a><\/p>\n","protected":false},"author":2,"featured_media":10966,"comment_status":"open","ping_status":"open","sticky":false,"template":"","format":"standard","meta":{"om_disable_all_campaigns":false,"_monsterinsights_skip_tracking":false,"_monsterinsights_sitenote_active":false,"_monsterinsights_sitenote_note":"","_monsterinsights_sitenote_category":0,"_uf_show_specific_survey":0,"_uf_disable_surveys":false,"footnotes":""},"categories":[67,8,12],"tags":[20,18,61],"class_list":["post-10970","post","type-post","status-publish","format-standard","has-post-thumbnail","hentry","category-policiaca","category-politica","category-regional","tag-negocios","tag-noticia","tag-politica"],"aioseo_notices":[],"_links":{"self":[{"href":"https:\/\/plumanegranoticias.com\/index.php?rest_route=\/wp\/v2\/posts\/10970","targetHints":{"allow":["GET"]}}],"collection":[{"href":"https:\/\/plumanegranoticias.com\/index.php?rest_route=\/wp\/v2\/posts"}],"about":[{"href":"https:\/\/plumanegranoticias.com\/index.php?rest_route=\/wp\/v2\/types\/post"}],"author":[{"embeddable":true,"href":"https:\/\/plumanegranoticias.com\/index.php?rest_route=\/wp\/v2\/users\/2"}],"replies":[{"embeddable":true,"href":"https:\/\/plumanegranoticias.com\/index.php?rest_route=%2Fwp%2Fv2%2Fcomments&post=10970"}],"version-history":[{"count":1,"href":"https:\/\/plumanegranoticias.com\/index.php?rest_route=\/wp\/v2\/posts\/10970\/revisions"}],"predecessor-version":[{"id":10971,"href":"https:\/\/plumanegranoticias.com\/index.php?rest_route=\/wp\/v2\/posts\/10970\/revisions\/10971"}],"wp:featuredmedia":[{"embeddable":true,"href":"https:\/\/plumanegranoticias.com\/index.php?rest_route=\/wp\/v2\/media\/10966"}],"wp:attachment":[{"href":"https:\/\/plumanegranoticias.com\/index.php?rest_route=%2Fwp%2Fv2%2Fmedia&parent=10970"}],"wp:term":[{"taxonomy":"category","embeddable":true,"href":"https:\/\/plumanegranoticias.com\/index.php?rest_route=%2Fwp%2Fv2%2Fcategories&post=10970"},{"taxonomy":"post_tag","embeddable":true,"href":"https:\/\/plumanegranoticias.com\/index.php?rest_route=%2Fwp%2Fv2%2Ftags&post=10970"}],"curies":[{"name":"wp","href":"https:\/\/api.w.org\/{rel}","templated":true}]}}