{"id":10974,"date":"2025-06-25T12:27:31","date_gmt":"2025-06-25T18:27:31","guid":{"rendered":"https:\/\/plumanegranoticias.com\/?p=10974"},"modified":"2025-06-25T12:31:05","modified_gmt":"2025-06-25T18:31:05","slug":"cumple-72-hrs-desaparecido-joven-en-playas-de-mata-de-uva","status":"publish","type":"post","link":"https:\/\/plumanegranoticias.com\/?p=10974","title":{"rendered":"Cumple 72 hrs desaparecido joven en playas de Mata&nbsp; de Uva"},"content":{"rendered":"\n<p>El joven de 16 a\u00f1os, Iker Alejandro V\u00e1zquez Torres que desapareci\u00f3 la tarde del domingo 22 de junio en las aguas del mar en las playas de Mata de Uva, contin\u00faa en calidad de desaparecido.<\/p>\n\n\n\n<p>Los operativos de Protecci\u00f3n Civil y de la Secretar\u00eda de Marina contin\u00faan en la zona costera de Alvarado, sin embargo, no hay rastros del joven cordob\u00e9s, mientras su familia se mantiene en la zona para esperar noticias.<\/p>\n\n\n\n<figure class=\"wp-block-image size-large\"><img loading=\"lazy\" decoding=\"async\" width=\"800\" height=\"1024\" src=\"https:\/\/plumanegranoticias.com\/wp-content\/uploads\/2025\/06\/img-20250623-wa01225710190175962960094-800x1024.jpg\" alt=\"\" class=\"wp-image-10973\" srcset=\"https:\/\/plumanegranoticias.com\/wp-content\/uploads\/2025\/06\/img-20250623-wa01225710190175962960094-800x1024.jpg 800w, https:\/\/plumanegranoticias.com\/wp-content\/uploads\/2025\/06\/img-20250623-wa01225710190175962960094-234x300.jpg 234w, https:\/\/plumanegranoticias.com\/wp-content\/uploads\/2025\/06\/img-20250623-wa01225710190175962960094-768x983.jpg 768w, https:\/\/plumanegranoticias.com\/wp-content\/uploads\/2025\/06\/img-20250623-wa01225710190175962960094.jpg 1000w\" sizes=\"auto, (max-width: 800px) 100vw, 800px\" \/><\/figure>\n\n\n\n<figure class=\"wp-block-image\"><img loading=\"lazy\" decoding=\"async\" width=\"1024\" height=\"768\" src=\"https:\/\/plumanegranoticias.com\/wp-content\/uploads\/2025\/06\/20250328_1514497606943070110252781-1024x768.jpg\" alt=\"\" class=\"wp-image-10972\" srcset=\"https:\/\/plumanegranoticias.com\/wp-content\/uploads\/2025\/06\/20250328_1514497606943070110252781-1024x768.jpg 1024w, https:\/\/plumanegranoticias.com\/wp-content\/uploads\/2025\/06\/20250328_1514497606943070110252781-300x225.jpg 300w, https:\/\/plumanegranoticias.com\/wp-content\/uploads\/2025\/06\/20250328_1514497606943070110252781-768x576.jpg 768w, https:\/\/plumanegranoticias.com\/wp-content\/uploads\/2025\/06\/20250328_1514497606943070110252781-1536x1152.jpg 1536w, https:\/\/plumanegranoticias.com\/wp-content\/uploads\/2025\/06\/20250328_1514497606943070110252781-400x300.jpg 400w, https:\/\/plumanegranoticias.com\/wp-content\/uploads\/2025\/06\/20250328_1514497606943070110252781.jpg 2000w\" sizes=\"auto, (max-width: 1024px) 100vw, 1024px\" \/><\/figure>\n","protected":false},"excerpt":{"rendered":"<p>El joven de 16 a\u00f1os, Iker Alejandro V\u00e1zquez Torres que desapareci\u00f3 la tarde del domingo 22 de junio en las aguas del mar en las playas de Mata de Uva, contin\u00faa en calidad de desaparecido. Los operativos de Protecci\u00f3n Civil y de la Secretar\u00eda de Marina contin\u00faan en la zona costera de Alvarado, sin embargo,&#8230; <\/p>\n<div class=\"clear\"><\/div>\n<p><a href=\"https:\/\/plumanegranoticias.com\/?p=10974\" class=\"excerpt-read-more\">Read More<i class=\"fa fa-caret-right icon-caret-right\"><\/i><\/a><\/p>\n","protected":false},"author":2,"featured_media":10979,"comment_status":"open","ping_status":"open","sticky":false,"template":"","format":"standard","meta":{"om_disable_all_campaigns":false,"_monsterinsights_skip_tracking":false,"_monsterinsights_sitenote_active":false,"_monsterinsights_sitenote_note":"","_monsterinsights_sitenote_category":0,"_uf_show_specific_survey":0,"_uf_disable_surveys":false,"footnotes":""},"categories":[13,16,8,12,10],"tags":[28,22,18],"class_list":["post-10974","post","type-post","status-publish","format-standard","has-post-thumbnail","hentry","category-nota-roja","category-plumazos","category-politica","category-regional","category-sociales","tag-nacionales","tag-nota-roja","tag-noticia"],"aioseo_notices":[],"_links":{"self":[{"href":"https:\/\/plumanegranoticias.com\/index.php?rest_route=\/wp\/v2\/posts\/10974","targetHints":{"allow":["GET"]}}],"collection":[{"href":"https:\/\/plumanegranoticias.com\/index.php?rest_route=\/wp\/v2\/posts"}],"about":[{"href":"https:\/\/plumanegranoticias.com\/index.php?rest_route=\/wp\/v2\/types\/post"}],"author":[{"embeddable":true,"href":"https:\/\/plumanegranoticias.com\/index.php?rest_route=\/wp\/v2\/users\/2"}],"replies":[{"embeddable":true,"href":"https:\/\/plumanegranoticias.com\/index.php?rest_route=%2Fwp%2Fv2%2Fcomments&post=10974"}],"version-history":[{"count":1,"href":"https:\/\/plumanegranoticias.com\/index.php?rest_route=\/wp\/v2\/posts\/10974\/revisions"}],"predecessor-version":[{"id":10975,"href":"https:\/\/plumanegranoticias.com\/index.php?rest_route=\/wp\/v2\/posts\/10974\/revisions\/10975"}],"wp:featuredmedia":[{"embeddable":true,"href":"https:\/\/plumanegranoticias.com\/index.php?rest_route=\/wp\/v2\/media\/10979"}],"wp:attachment":[{"href":"https:\/\/plumanegranoticias.com\/index.php?rest_route=%2Fwp%2Fv2%2Fmedia&parent=10974"}],"wp:term":[{"taxonomy":"category","embeddable":true,"href":"https:\/\/plumanegranoticias.com\/index.php?rest_route=%2Fwp%2Fv2%2Fcategories&post=10974"},{"taxonomy":"post_tag","embeddable":true,"href":"https:\/\/plumanegranoticias.com\/index.php?rest_route=%2Fwp%2Fv2%2Ftags&post=10974"}],"curies":[{"name":"wp","href":"https:\/\/api.w.org\/{rel}","templated":true}]}}