{"id":10977,"date":"2025-06-25T12:29:24","date_gmt":"2025-06-25T18:29:24","guid":{"rendered":"https:\/\/plumanegranoticias.com\/?p=10977"},"modified":"2025-06-25T12:31:11","modified_gmt":"2025-06-25T18:31:11","slug":"quitan-la-vida-a-funcionario-de-la-ceapp","status":"publish","type":"post","link":"https:\/\/plumanegranoticias.com\/?p=10977","title":{"rendered":"QUITAN LA VIDA A FUNCIONARIO DE LA CEAPP"},"content":{"rendered":"\n<p>Redacci\u00f3n Versiones<\/p>\n\n\n\n<p>Jos\u00e9 Miranda Garc\u00eda, quien fung\u00eda como secretario proyectista en la Comisi\u00f3n Estatal para la Atenci\u00f3n y Protecci\u00f3n de los Periodistas (CEAPP) fue hallado sin vida en un domicilio de Banderilla.<\/p>\n\n\n\n<p>Aunque no hay hasta el momento un reporte oficial, trascendi\u00f3 que dicho funcionario de la CEAPP habr\u00eda sido asesinado.<\/p>\n\n\n\n<p>Se sabe adem\u00e1s que Jos\u00e9 Miranda hab\u00eda estado conviviendo con otras personas desde anoche e ingirieron bebidas embriagantes.<\/p>\n\n\n\n<p>Seg\u00fan los primeros reportes, Jos\u00e9 Miranda habr\u00eda salido de un antro anoche y regres\u00f3 a su vivienda acompa\u00f1ado de varias personas para continuar con la fiesta.<\/p>\n\n\n\n<p>Los acompa\u00f1antes presuntamente al percatarse de que el hombre no contaba con signos vitales, abandonaron la vivienda en la madrugada sin dar aviso a las autoridades.<\/p>\n\n\n\n<p>El cuerpo sin vida fue hallado la ma\u00f1ana de este mi\u00e9rcoles en el interior de un domicilio que est\u00e1 ubicado en la colonia Salvador D\u00edaz Mir\u00f3n, en el municipio de Banderilla, vivienda que ser\u00eda propiedad de uno de los funcionarios de la CEAPP.<\/p>\n\n\n\n<p>El cuerpo, el cual aparecer presenta golpes, fue trasladado al Servicio M\u00e9dico Forense (SEMEFO) para la necropsia de Ley que permita determinar las causas de su fallecimiento.<\/p>\n\n\n\n<p>PIDE CEAPP A FGE INVESTIGAR ASESINATO Y \u00abDAR CON LOS RESPONSABLES\u00bb<\/p>\n\n\n\n<p>A trav\u00e9s de un escueto comunicado, la CEAPP inform\u00f3 lo siguiente:<\/p>\n\n\n\n<p>La Comisi\u00f3n Estatal para la Atenci\u00f3n y Protecci\u00f3n de los Periodistas (CEAPP) lamenta el sensible fallecimiento del compa\u00f1ero proyectista Jos\u00e9 Antonio Miranda Garc\u00eda ocurrido la madrugada de este mi\u00e9rcoles.<\/p>\n\n\n\n<p>Desde la CEAPP expresamos nuestras m\u00e1s sinceras condolencias a sus familiares, amistades y colegas, reconociendo su trayectoria y compromiso con los derechos humanos y la labor period\u00edstica en Veracruz.<\/p>\n\n\n\n<p>Este Organismo Aut\u00f3nomo expresa su respeto hacia la labor del compa\u00f1ero y garantiza el acompa\u00f1amiento institucional para sus seres queridos.<\/p>\n\n\n\n<figure class=\"wp-block-image size-large\"><img loading=\"lazy\" decoding=\"async\" width=\"1024\" height=\"567\" src=\"https:\/\/plumanegranoticias.com\/wp-content\/uploads\/2025\/06\/screenshot_20250625_121533_chrome23330105382821048005-1024x567.jpg\" alt=\"\" class=\"wp-image-10976\" srcset=\"https:\/\/plumanegranoticias.com\/wp-content\/uploads\/2025\/06\/screenshot_20250625_121533_chrome23330105382821048005-1024x567.jpg 1024w, https:\/\/plumanegranoticias.com\/wp-content\/uploads\/2025\/06\/screenshot_20250625_121533_chrome23330105382821048005-300x166.jpg 300w, https:\/\/plumanegranoticias.com\/wp-content\/uploads\/2025\/06\/screenshot_20250625_121533_chrome23330105382821048005-768x425.jpg 768w, https:\/\/plumanegranoticias.com\/wp-content\/uploads\/2025\/06\/screenshot_20250625_121533_chrome23330105382821048005.jpg 1039w\" sizes=\"auto, (max-width: 1024px) 100vw, 1024px\" \/><\/figure>\n\n\n\n<p>Asimismo se informa que, hasta el momento, no existe evidencia, ni constancia que apunte que su deceso est\u00e9 relacionado con la labor que desempe\u00f1aba en esta Comisi\u00f3n.<\/p>\n\n\n\n<p>La CEAPP exhorta a las autoridades correspondientes a realizar las investigaciones necesarias para dar con los responsables de este lamentable hecho.<\/p>\n","protected":false},"excerpt":{"rendered":"<p>Redacci\u00f3n Versiones Jos\u00e9 Miranda Garc\u00eda, quien fung\u00eda como secretario proyectista en la Comisi\u00f3n Estatal para la Atenci\u00f3n y Protecci\u00f3n de los Periodistas (CEAPP) fue hallado sin vida en un domicilio de Banderilla. Aunque no hay hasta el momento un reporte oficial, trascendi\u00f3 que dicho funcionario de la CEAPP habr\u00eda sido asesinado. Se sabe adem\u00e1s que&#8230; <\/p>\n<div class=\"clear\"><\/div>\n<p><a href=\"https:\/\/plumanegranoticias.com\/?p=10977\" class=\"excerpt-read-more\">Read More<i class=\"fa fa-caret-right icon-caret-right\"><\/i><\/a><\/p>\n","protected":false},"author":2,"featured_media":10980,"comment_status":"open","ping_status":"open","sticky":false,"template":"","format":"standard","meta":{"om_disable_all_campaigns":false,"_monsterinsights_skip_tracking":false,"_monsterinsights_sitenote_active":false,"_monsterinsights_sitenote_note":"","_monsterinsights_sitenote_category":0,"_uf_show_specific_survey":0,"_uf_disable_surveys":false,"footnotes":""},"categories":[67,8,12],"tags":[22,30,34],"class_list":["post-10977","post","type-post","status-publish","format-standard","has-post-thumbnail","hentry","category-policiaca","category-politica","category-regional","tag-nota-roja","tag-plumazos","tag-policiaca"],"aioseo_notices":[],"_links":{"self":[{"href":"https:\/\/plumanegranoticias.com\/index.php?rest_route=\/wp\/v2\/posts\/10977","targetHints":{"allow":["GET"]}}],"collection":[{"href":"https:\/\/plumanegranoticias.com\/index.php?rest_route=\/wp\/v2\/posts"}],"about":[{"href":"https:\/\/plumanegranoticias.com\/index.php?rest_route=\/wp\/v2\/types\/post"}],"author":[{"embeddable":true,"href":"https:\/\/plumanegranoticias.com\/index.php?rest_route=\/wp\/v2\/users\/2"}],"replies":[{"embeddable":true,"href":"https:\/\/plumanegranoticias.com\/index.php?rest_route=%2Fwp%2Fv2%2Fcomments&post=10977"}],"version-history":[{"count":1,"href":"https:\/\/plumanegranoticias.com\/index.php?rest_route=\/wp\/v2\/posts\/10977\/revisions"}],"predecessor-version":[{"id":10978,"href":"https:\/\/plumanegranoticias.com\/index.php?rest_route=\/wp\/v2\/posts\/10977\/revisions\/10978"}],"wp:featuredmedia":[{"embeddable":true,"href":"https:\/\/plumanegranoticias.com\/index.php?rest_route=\/wp\/v2\/media\/10980"}],"wp:attachment":[{"href":"https:\/\/plumanegranoticias.com\/index.php?rest_route=%2Fwp%2Fv2%2Fmedia&parent=10977"}],"wp:term":[{"taxonomy":"category","embeddable":true,"href":"https:\/\/plumanegranoticias.com\/index.php?rest_route=%2Fwp%2Fv2%2Fcategories&post=10977"},{"taxonomy":"post_tag","embeddable":true,"href":"https:\/\/plumanegranoticias.com\/index.php?rest_route=%2Fwp%2Fv2%2Ftags&post=10977"}],"curies":[{"name":"wp","href":"https:\/\/api.w.org\/{rel}","templated":true}]}}